{"id":115382,"date":"2022-06-29T07:40:31","date_gmt":"2022-06-29T11:40:31","guid":{"rendered":"https:\/\/eltrabajo.cl\/portal\/?p=115382"},"modified":"2022-06-28T22:40:55","modified_gmt":"2022-06-29T02:40:55","slug":"ano-nuevo-mapuche-y-dia-de-pueblos-originarios-en-escuela-almendral","status":"publish","type":"post","link":"https:\/\/eltrabajo.cl\/portal\/ano-nuevo-mapuche-y-dia-de-pueblos-originarios-en-escuela-almendral\/","title":{"rendered":"A\u00f1o Nuevo Mapuche y D\u00eda de Pueblos Originarios en Escuela Almendral"},"content":{"rendered":"<p style=\"text-align: justify;\">Una gran fiesta ancestral es la que se vivi\u00f3 la ma\u00f1ana de este martes en uno de los patios de la Escuela Almendral, en la que participaron la Agrupaci\u00f3n Tequeche de Huillimapu Aut\u00f3nomo, los estudiantes de la escuela y sus profesores, quienes desarrollaron un ritual de purificaci\u00f3n y agradecimiento a la Pacha Mama, pues el 24 de junio de cada a\u00f1o es la fecha m\u00e1s importante para quienes pertenecen a alguno de los diez pueblos ind\u00edgenas de Chile, porque en todos los territorios esta \u00e9poca se celebra desde tiempos ancestrales el Wetxipant\u00fc mapuche (24 de Junio) y el Machaq Mara aymara (21 de junio), son sin duda las dos fiestas principales y de mayor importancia.<\/p>\n<p style=\"text-align: justify;\"><strong>Diario El Trabajo<\/strong> habl\u00f3 con uno de los representantes de la agrupaci\u00f3n que desarroll\u00f3 el ritual en la escuela, quien se identific\u00f3 como <strong>Epumaqy<\/strong> (dos maquis): <em>\u00abHoy d\u00eda en esta escuela se hizo una ceremonia que tiene que ver con dos cosas b\u00e1sicamente: una el <strong>A\u00f1o Nuevo<\/strong>, que es cuando ocurre el solsticio de invierno el 21 de junio, que marca la nueva vuelta del sol, o sea, nosotros en esta oportunidad celebramos el Wetxipant\u00fc, que significa la nueva vuelta del sol, y lo otro que el Estado de Chile hace un tiempo reconoci\u00f3 la condici\u00f3n multicultural, pluricultural, y decidi\u00f3 que el d\u00eda 24 de junio es el <strong>D\u00eda de los Pueblos Originarios<\/strong>, porque en Chile son varios, entre ellos el pueblo mapuche, entonces este d\u00eda todos los pueblos que habitan este territorio, llam\u00e9mosle colla, aimara, diaguita, mapuche, kahu\u00e1scar, es decir, es el D\u00eda de los Pueblos Originarios\u00bb. <\/em><\/p>\n<p style=\"text-align: justify;\">\n<p style=\"text-align: justify;\"><span style=\"color: #ff0000;\">LA GRAN FAMILIA<\/span><\/p>\n<p style=\"text-align: justify;\">Nuestro medio tambi\u00e9n habl\u00f3 con la directora de la escuela, <strong>Ximena Baquedano<\/strong>: <em>\u00abEste lunes celebramos el D\u00eda Nacional de los Pueblos Ind\u00edgenas, de esta forma quisimos saludar y honrar a los hermanos y hermanas ind\u00edgenas que habitan de norte a sur, de mar a cordillera los montes, los valles, los campos, las islas y las ciudades de Chile. Reconocer la gran diversidad de la que est\u00e1 hecha nuestra herencia cultural, la pluriculturalidad y el sello de los pueblos ind\u00edgenas en nuestra historia, nos hace entender muy bien lo que nos une. Una sociedad m\u00e1s abierta, m\u00e1s plural, m\u00e1s diversa nos permitir\u00e1 desarrollarnos, convivir en paz y democr\u00e1ticamente, cosechar la justicia, la equidad y la dignidad que hoy estamos sembrando. Para ello, todos somos necesarios y necesitamos a todos, a los Aymaras, Atacame\u00f1os, Quechuas, Colla, Diaguitas, Rapa-Nui, Mapuches, Kawaskar y Yaganes. Esta es una tarea colectiva que asumimos con alegr\u00eda y con apertura, porque sabemos que necesitamos todas las manos y todas las voces para hacer nacer un tiempo nuevo. En colaboraci\u00f3n la Escuela Almendral con la agrupaci\u00f3n\u00a0 de los Tequeche de Huillimapu Aut\u00f3nomo y con la presencia de estudiantes de 1\u00b0 a\u00f1o de medicina de la\u00a0 Universidad de Valpara\u00edso, la comunidad educativa presenci\u00f3 una clase extra aula participativa de celebraci\u00f3n del We Tripantu \u2018A\u00f1o nuevo Mapuche\u2019\u00bb,<\/em> coment\u00f3 Baquedano.<\/p>\n<p style=\"text-align: justify;\">Roberto Gonz\u00e1lez Short<\/p>\n<figure id=\"attachment_115383\" aria-describedby=\"caption-attachment-115383\" style=\"width: 698px\" class=\"wp-caption alignnone\"><img data-recalc-dims=\"1\" loading=\"lazy\" decoding=\"async\" class=\"size-full wp-image-115383\" src=\"https:\/\/i0.wp.com\/eltrabajo.cl\/portal\/wp-content\/uploads\/2022\/06\/Originarios1.jpg?resize=640%2C393&#038;ssl=1\" alt=\"UNA FIESTA NACIONAL.- Ellos conforman esta agrupaci\u00f3n cultural llamada Agrupaci\u00f3n Tequeche de Huillimapu Aut\u00f3nomo.\" width=\"640\" height=\"393\" srcset=\"https:\/\/i0.wp.com\/eltrabajo.cl\/portal\/wp-content\/uploads\/2022\/06\/Originarios1.jpg?w=698&amp;ssl=1 698w, https:\/\/i0.wp.com\/eltrabajo.cl\/portal\/wp-content\/uploads\/2022\/06\/Originarios1.jpg?resize=300%2C184&amp;ssl=1 300w, https:\/\/i0.wp.com\/eltrabajo.cl\/portal\/wp-content\/uploads\/2022\/06\/Originarios1.jpg?resize=200%2C123&amp;ssl=1 200w, https:\/\/i0.wp.com\/eltrabajo.cl\/portal\/wp-content\/uploads\/2022\/06\/Originarios1.jpg?resize=696%2C428&amp;ssl=1 696w\" sizes=\"auto, (max-width: 640px) 100vw, 640px\" \/><figcaption id=\"caption-attachment-115383\" class=\"wp-caption-text\">UNA FIESTA NACIONAL.- Ellos conforman esta agrupaci\u00f3n cultural llamada Agrupaci\u00f3n Tequeche de Huillimapu Aut\u00f3nomo.<\/figcaption><\/figure>\n<figure id=\"attachment_115384\" aria-describedby=\"caption-attachment-115384\" style=\"width: 699px\" class=\"wp-caption alignnone\"><img data-recalc-dims=\"1\" loading=\"lazy\" decoding=\"async\" class=\"size-full wp-image-115384\" src=\"https:\/\/i0.wp.com\/eltrabajo.cl\/portal\/wp-content\/uploads\/2022\/06\/Originarios2.jpg?resize=640%2C374&#038;ssl=1\" alt=\"A\u00d1O NUEVO MAPUCHE.- Tambi\u00e9n se presentaron estos chicos con la danza del Palin, juego ancestral que a\u00fan se practica.\" width=\"640\" height=\"374\" srcset=\"https:\/\/i0.wp.com\/eltrabajo.cl\/portal\/wp-content\/uploads\/2022\/06\/Originarios2.jpg?w=699&amp;ssl=1 699w, https:\/\/i0.wp.com\/eltrabajo.cl\/portal\/wp-content\/uploads\/2022\/06\/Originarios2.jpg?resize=300%2C176&amp;ssl=1 300w, https:\/\/i0.wp.com\/eltrabajo.cl\/portal\/wp-content\/uploads\/2022\/06\/Originarios2.jpg?resize=200%2C117&amp;ssl=1 200w, https:\/\/i0.wp.com\/eltrabajo.cl\/portal\/wp-content\/uploads\/2022\/06\/Originarios2.jpg?resize=696%2C407&amp;ssl=1 696w\" sizes=\"auto, (max-width: 640px) 100vw, 640px\" \/><figcaption id=\"caption-attachment-115384\" class=\"wp-caption-text\">A\u00d1O NUEVO MAPUCHE.- Tambi\u00e9n se presentaron estos chicos con la danza del Palin, juego ancestral que a\u00fan se practica.<\/figcaption><\/figure>\n","protected":false},"excerpt":{"rendered":"<p>Una gran fiesta ancestral es la que se vivi\u00f3 la ma\u00f1ana de este martes en uno de los patios de la Escuela Almendral, en la que participaron la Agrupaci\u00f3n Tequeche de Huillimapu&#8230;<\/p>\n","protected":false},"author":482,"featured_media":115383,"comment_status":"closed","ping_status":"open","sticky":false,"template":"","format":"standard","meta":{"advanced_seo_description":"","jetpack_seo_html_title":"","jetpack_seo_noindex":false,"_jetpack_memberships_contains_paid_content":false,"footnotes":""},"categories":[15],"tags":[],"class_list":["post-115382","post","type-post","status-publish","format-standard","has-post-thumbnail","hentry","category-comunidad"],"jetpack_featured_media_url":"https:\/\/i0.wp.com\/eltrabajo.cl\/portal\/wp-content\/uploads\/2022\/06\/Originarios1.jpg?fit=698%2C429&ssl=1","jetpack_sharing_enabled":true,"jetpack_likes_enabled":true,"jetpack-related-posts":[],"_links":{"self":[{"href":"https:\/\/eltrabajo.cl\/portal\/wp-json\/wp\/v2\/posts\/115382","targetHints":{"allow":["GET"]}}],"collection":[{"href":"https:\/\/eltrabajo.cl\/portal\/wp-json\/wp\/v2\/posts"}],"about":[{"href":"https:\/\/eltrabajo.cl\/portal\/wp-json\/wp\/v2\/types\/post"}],"author":[{"embeddable":true,"href":"https:\/\/eltrabajo.cl\/portal\/wp-json\/wp\/v2\/users\/482"}],"replies":[{"embeddable":true,"href":"https:\/\/eltrabajo.cl\/portal\/wp-json\/wp\/v2\/comments?post=115382"}],"version-history":[{"count":1,"href":"https:\/\/eltrabajo.cl\/portal\/wp-json\/wp\/v2\/posts\/115382\/revisions"}],"predecessor-version":[{"id":115385,"href":"https:\/\/eltrabajo.cl\/portal\/wp-json\/wp\/v2\/posts\/115382\/revisions\/115385"}],"wp:featuredmedia":[{"embeddable":true,"href":"https:\/\/eltrabajo.cl\/portal\/wp-json\/wp\/v2\/media\/115383"}],"wp:attachment":[{"href":"https:\/\/eltrabajo.cl\/portal\/wp-json\/wp\/v2\/media?parent=115382"}],"wp:term":[{"taxonomy":"category","embeddable":true,"href":"https:\/\/eltrabajo.cl\/portal\/wp-json\/wp\/v2\/categories?post=115382"},{"taxonomy":"post_tag","embeddable":true,"href":"https:\/\/eltrabajo.cl\/portal\/wp-json\/wp\/v2\/tags?post=115382"}],"curies":[{"name":"wp","href":"https:\/\/api.w.org\/{rel}","templated":true}]}}