{"id":115399,"date":"2022-06-30T07:30:16","date_gmt":"2022-06-30T11:30:16","guid":{"rendered":"https:\/\/eltrabajo.cl\/portal\/?p=115399"},"modified":"2022-06-29T23:05:51","modified_gmt":"2022-06-30T03:05:51","slug":"destituyen-a-director-esc-manuel-rodriguez-y-a-directora-de-liceo-cordillera","status":"publish","type":"post","link":"https:\/\/eltrabajo.cl\/portal\/destituyen-a-director-esc-manuel-rodriguez-y-a-directora-de-liceo-cordillera\/","title":{"rendered":"Destituyen a director Esc. Manuel Rodr\u00edguez y a directora de Liceo Cordillera"},"content":{"rendered":"<ul style=\"text-align: justify;\">\n<li style=\"text-align: left;\"><strong>Sumarios por acoso laboral y hostigamiento en contra de los directivos se investigaron desde el a\u00f1o pasado.-<\/strong><\/li>\n<\/ul>\n<p style=\"text-align: justify;\">La municipalidad de San Felipe dio a conocer el resultado de los sumarios que se llevaron a cabo en contra del director de la Escuela Manuel Rodr\u00edguez y la directora del Liceo Bicentenario Cordillera, por acoso laboral y hostigamiento. Las denuncias fueron presentadas por trabajadores de los mismos establecimientos.<\/p>\n<p style=\"text-align: justify;\">As\u00ed lo inform\u00f3 la alcaldesa <strong>Carmen Castillo<\/strong>, quien se\u00f1al\u00f3 que en este momento <em>\u00abse han notificado dos directores de establecimientos educacionales de la destituci\u00f3n de ambos, tras la conclusi\u00f3n de sumarios que se iniciaron el a\u00f1o pasado. Las conclusiones finalmente determinaron la destituci\u00f3n de la directora del Liceo Bicentenario Cordillera y la escuela Manuel Rodr\u00edguez\u00bb. <\/em><\/p>\n<p style=\"text-align: justify;\">En este mismo sentido, la edil manifest\u00f3 que este proceso <em>\u00abes muy importante, fue trabajado con mucha responsabilidad porque es importante la calidad de la educaci\u00f3n y la calidad del clima laboral. Las causas fueron acoso laboral y hostigamiento en ambos casos\u00bb. <\/em><\/p>\n<p style=\"text-align: justify;\">En la oportunidad Castillo adem\u00e1s agreg\u00f3 que <em>\u00abtenemos en curso otros sumarios que se est\u00e1n llevando a cabo en tres establecimientos y esperamos las conclusiones dentro de muy poco\u00bb. <\/em><\/p>\n<p style=\"text-align: justify;\">Del resultado de estos dos sumarios que culminaron con la destituci\u00f3n de ambos directivos propiamente tal, la m\u00e1xima autoridad comunal indic\u00f3 que <em>\u00abexiste un periodo de reclamaci\u00f3n en el que pueden contestar a las acusaciones que se est\u00e1n efectuando\u00bb. <\/em><\/p>\n<p style=\"text-align: justify;\">Por su parte la directora de la DAEM, <strong>Natalia Leiva<\/strong>, sostuvo que <em>\u00ablos establecimientos siguen funcionando con regularidad, existen equipos de gesti\u00f3n que ya han llevado a cabo lo que necesitan los colegios en este proceso. Los establecimientos est\u00e1n funcionando con normalidad\u00bb. <\/em><\/p>\n<figure id=\"attachment_115400\" aria-describedby=\"caption-attachment-115400\" style=\"width: 699px\" class=\"wp-caption alignnone\"><img data-recalc-dims=\"1\" loading=\"lazy\" decoding=\"async\" class=\"size-full wp-image-115400\" src=\"https:\/\/i0.wp.com\/eltrabajo.cl\/portal\/wp-content\/uploads\/2022\/06\/cordillera-6.jpg?resize=640%2C350&#038;ssl=1\" alt=\"Directora del Liceo Bicentenario Cordillera fue destituida de su cargo tras t\u00e9rmino de sumario en su contra. Misma situaci\u00f3n ocurri\u00f3 con el director de la escuela Manuel Rodr\u00edguez.\" width=\"640\" height=\"350\" srcset=\"https:\/\/i0.wp.com\/eltrabajo.cl\/portal\/wp-content\/uploads\/2022\/06\/cordillera-6.jpg?w=699&amp;ssl=1 699w, https:\/\/i0.wp.com\/eltrabajo.cl\/portal\/wp-content\/uploads\/2022\/06\/cordillera-6.jpg?resize=300%2C164&amp;ssl=1 300w, https:\/\/i0.wp.com\/eltrabajo.cl\/portal\/wp-content\/uploads\/2022\/06\/cordillera-6.jpg?resize=200%2C109&amp;ssl=1 200w, https:\/\/i0.wp.com\/eltrabajo.cl\/portal\/wp-content\/uploads\/2022\/06\/cordillera-6.jpg?resize=696%2C380&amp;ssl=1 696w\" sizes=\"auto, (max-width: 640px) 100vw, 640px\" \/><figcaption id=\"caption-attachment-115400\" class=\"wp-caption-text\">Directora del Liceo Bicentenario Cordillera fue destituida de su cargo tras t\u00e9rmino de sumario en su contra. Misma situaci\u00f3n ocurri\u00f3 con el director de la escuela Manuel Rodr\u00edguez.<\/figcaption><\/figure>\n","protected":false},"excerpt":{"rendered":"<p>Sumarios por acoso laboral y hostigamiento en contra de los directivos se investigaron desde el a\u00f1o pasado.- La municipalidad de San Felipe dio a conocer el resultado de los sumarios que se&#8230;<\/p>\n","protected":false},"author":482,"featured_media":115400,"comment_status":"closed","ping_status":"open","sticky":false,"template":"","format":"standard","meta":{"advanced_seo_description":"","jetpack_seo_html_title":"","jetpack_seo_noindex":false,"_jetpack_memberships_contains_paid_content":false,"footnotes":""},"categories":[103],"tags":[],"class_list":["post-115399","post","type-post","status-publish","format-standard","has-post-thumbnail","hentry","category-cronica-2"],"jetpack_featured_media_url":"https:\/\/i0.wp.com\/eltrabajo.cl\/portal\/wp-content\/uploads\/2022\/06\/cordillera-6.jpg?fit=699%2C382&ssl=1","jetpack_sharing_enabled":true,"jetpack_likes_enabled":true,"jetpack-related-posts":[],"_links":{"self":[{"href":"https:\/\/eltrabajo.cl\/portal\/wp-json\/wp\/v2\/posts\/115399","targetHints":{"allow":["GET"]}}],"collection":[{"href":"https:\/\/eltrabajo.cl\/portal\/wp-json\/wp\/v2\/posts"}],"about":[{"href":"https:\/\/eltrabajo.cl\/portal\/wp-json\/wp\/v2\/types\/post"}],"author":[{"embeddable":true,"href":"https:\/\/eltrabajo.cl\/portal\/wp-json\/wp\/v2\/users\/482"}],"replies":[{"embeddable":true,"href":"https:\/\/eltrabajo.cl\/portal\/wp-json\/wp\/v2\/comments?post=115399"}],"version-history":[{"count":1,"href":"https:\/\/eltrabajo.cl\/portal\/wp-json\/wp\/v2\/posts\/115399\/revisions"}],"predecessor-version":[{"id":115401,"href":"https:\/\/eltrabajo.cl\/portal\/wp-json\/wp\/v2\/posts\/115399\/revisions\/115401"}],"wp:featuredmedia":[{"embeddable":true,"href":"https:\/\/eltrabajo.cl\/portal\/wp-json\/wp\/v2\/media\/115400"}],"wp:attachment":[{"href":"https:\/\/eltrabajo.cl\/portal\/wp-json\/wp\/v2\/media?parent=115399"}],"wp:term":[{"taxonomy":"category","embeddable":true,"href":"https:\/\/eltrabajo.cl\/portal\/wp-json\/wp\/v2\/categories?post=115399"},{"taxonomy":"post_tag","embeddable":true,"href":"https:\/\/eltrabajo.cl\/portal\/wp-json\/wp\/v2\/tags?post=115399"}],"curies":[{"name":"wp","href":"https:\/\/api.w.org\/{rel}","templated":true}]}}