{"id":115442,"date":"2022-07-01T07:55:10","date_gmt":"2022-07-01T11:55:10","guid":{"rendered":"https:\/\/eltrabajo.cl\/portal\/?p=115442"},"modified":"2022-06-30T22:34:31","modified_gmt":"2022-07-01T02:34:31","slug":"encargado-de-los-corrales-municipales-habria-vendido-auto-a-un-particular","status":"publish","type":"post","link":"https:\/\/eltrabajo.cl\/portal\/encargado-de-los-corrales-municipales-habria-vendido-auto-a-un-particular\/","title":{"rendered":"Encargado de los corrales municipales habr\u00eda vendido auto a un particular"},"content":{"rendered":"<ul style=\"text-align: justify;\">\n<li style=\"text-align: left;\"><strong>Municipio se querella y suspende a funcionario de sus labores hasta que finalice sumario interno por esta situaci\u00f3n. Auto en cuesti\u00f3n manten\u00eda encargo por robo desde Santiago.-<\/strong><\/li>\n<\/ul>\n<p style=\"text-align: justify;\">La municipalidad de San Felipe present\u00f3 una querella criminal en contra de quienes resulten responsables por la eventual venta de un auto desde el dep\u00f3sito de la entidad edilicia. As\u00ed lo confirm\u00f3 el administrador municipal, <strong>Hern\u00e1n Herrera<\/strong>, quien agreg\u00f3 que se inici\u00f3 un sumario interno para determinar qu\u00e9 fue lo ocurrido.<\/p>\n<p style=\"text-align: justify;\">En este sentido, Herrera detall\u00f3 que <em>\u00abefectivamente existe una denuncia respecto a esa situaci\u00f3n en la Fiscal\u00eda local de San Felipe. Como municipio al tomar conocimiento de estos hechos, procedimos a interponer la respectiva querella criminal por la eventualidad de la comisi\u00f3n de alg\u00fan delito, contra quienes resulten responsables, y, en consecuencia, tambi\u00e9n se inici\u00f3 un sumario administrativo en donde se suspende al funcionario que se encontraba a cargo de la situaci\u00f3n\u00bb. <\/em><\/p>\n<p style=\"text-align: justify;\">Veh\u00edculo que, seg\u00fan los primeros antecedentes obtenidos, manten\u00eda encargo por robo desde la regi\u00f3n Metropolitana. <em>\u00abEs un veh\u00edculo que fue requisado, por los antecedentes que se manejan ten\u00eda encargo por robo desde la ciudad de Santiago, y, en consecuencia, nosotros iniciamos la respectiva investigaci\u00f3n y la denuncia en la fiscal\u00eda para que se esclarezcan los hechos que son materia de investigaci\u00f3n penal como administrativa\u00bb,<\/em> indic\u00f3 Herrera.<\/p>\n<p style=\"text-align: justify;\">Respecto del c\u00f3mo lleg\u00f3 este auto al dep\u00f3sito municipal y c\u00f3mo fue tambi\u00e9n que sali\u00f3 desde este recinto, Hern\u00e1n Herrera sostuvo que <em>\u00abdentro de la etapa de investigaci\u00f3n estamos buscando el origen de c\u00f3mo llega este veh\u00edculo al dep\u00f3sito municipal, y en un control de rutina de parte de Carabineros se detecta esta situaci\u00f3n en la ciudad de San Felipe. <\/em><\/p>\n<p style=\"text-align: justify;\">\u00ab<em>Buscamos determinar c\u00f3mo este veh\u00edculo sale desde el dep\u00f3sito municipal, y en ese punto nos vamos a referir s\u00f3lo cuando termine la investigaci\u00f3n. Las fechas de cuando ingresa y sale del dep\u00f3sito lo determinar\u00e1 el sumario que es de car\u00e1cter secreto\u00bb,<\/em> precis\u00f3.<\/p>\n<p style=\"text-align: justify;\">Finalmente, y respecto del funcionario aludido, se pudo conocer que se trata nada menos que del presidente de los municipales, <strong>Marcelo Mazuela<\/strong>, el que ha sido suspendido de sus funciones mientras dure el sumario y se esclarezcan los hechos. Sobre lo mismo, el administrador municipal se\u00f1al\u00f3 que <em>\u00ablas personas que est\u00e1n siendo investigadas por este hecho han sido suspendidas de sus cargos; por el momento se ha determinado una sola persona, sin embargo, hay que determinar si existen m\u00e1s personas involucradas, por eso la querella es contra quienes resulten responsables de estos hechos\u00bb.<\/em><\/p>\n<figure id=\"attachment_115443\" aria-describedby=\"caption-attachment-115443\" style=\"width: 700px\" class=\"wp-caption alignnone\"><img data-recalc-dims=\"1\" loading=\"lazy\" decoding=\"async\" class=\"size-full wp-image-115443\" src=\"https:\/\/i0.wp.com\/eltrabajo.cl\/portal\/wp-content\/uploads\/2022\/06\/Hernan-Herrera-Caballero.jpg?resize=640%2C522&#038;ssl=1\" alt=\"Hern\u00e1n Herrera, administrador de la Municipalidad de San Felipe.\" width=\"640\" height=\"522\" srcset=\"https:\/\/i0.wp.com\/eltrabajo.cl\/portal\/wp-content\/uploads\/2022\/06\/Hernan-Herrera-Caballero.jpg?w=700&amp;ssl=1 700w, https:\/\/i0.wp.com\/eltrabajo.cl\/portal\/wp-content\/uploads\/2022\/06\/Hernan-Herrera-Caballero.jpg?resize=300%2C245&amp;ssl=1 300w, https:\/\/i0.wp.com\/eltrabajo.cl\/portal\/wp-content\/uploads\/2022\/06\/Hernan-Herrera-Caballero.jpg?resize=184%2C150&amp;ssl=1 184w, https:\/\/i0.wp.com\/eltrabajo.cl\/portal\/wp-content\/uploads\/2022\/06\/Hernan-Herrera-Caballero.jpg?resize=696%2C568&amp;ssl=1 696w\" sizes=\"auto, (max-width: 640px) 100vw, 640px\" \/><figcaption id=\"caption-attachment-115443\" class=\"wp-caption-text\">Hern\u00e1n Herrera, administrador de la Municipalidad de San Felipe.<\/figcaption><\/figure>\n","protected":false},"excerpt":{"rendered":"<p>Municipio se querella y suspende a funcionario de sus labores hasta que finalice sumario interno por esta situaci\u00f3n. Auto en cuesti\u00f3n manten\u00eda encargo por robo desde Santiago.- La municipalidad de San Felipe&#8230;<\/p>\n","protected":false},"author":482,"featured_media":115443,"comment_status":"closed","ping_status":"open","sticky":false,"template":"","format":"standard","meta":{"advanced_seo_description":"","jetpack_seo_html_title":"","jetpack_seo_noindex":false,"_jetpack_memberships_contains_paid_content":false,"footnotes":""},"categories":[21],"tags":[],"class_list":["post-115442","post","type-post","status-publish","format-standard","has-post-thumbnail","hentry","category-policial"],"jetpack_featured_media_url":"https:\/\/i0.wp.com\/eltrabajo.cl\/portal\/wp-content\/uploads\/2022\/06\/Hernan-Herrera-Caballero.jpg?fit=700%2C571&ssl=1","jetpack_sharing_enabled":true,"jetpack_likes_enabled":true,"jetpack-related-posts":[],"_links":{"self":[{"href":"https:\/\/eltrabajo.cl\/portal\/wp-json\/wp\/v2\/posts\/115442","targetHints":{"allow":["GET"]}}],"collection":[{"href":"https:\/\/eltrabajo.cl\/portal\/wp-json\/wp\/v2\/posts"}],"about":[{"href":"https:\/\/eltrabajo.cl\/portal\/wp-json\/wp\/v2\/types\/post"}],"author":[{"embeddable":true,"href":"https:\/\/eltrabajo.cl\/portal\/wp-json\/wp\/v2\/users\/482"}],"replies":[{"embeddable":true,"href":"https:\/\/eltrabajo.cl\/portal\/wp-json\/wp\/v2\/comments?post=115442"}],"version-history":[{"count":1,"href":"https:\/\/eltrabajo.cl\/portal\/wp-json\/wp\/v2\/posts\/115442\/revisions"}],"predecessor-version":[{"id":115444,"href":"https:\/\/eltrabajo.cl\/portal\/wp-json\/wp\/v2\/posts\/115442\/revisions\/115444"}],"wp:featuredmedia":[{"embeddable":true,"href":"https:\/\/eltrabajo.cl\/portal\/wp-json\/wp\/v2\/media\/115443"}],"wp:attachment":[{"href":"https:\/\/eltrabajo.cl\/portal\/wp-json\/wp\/v2\/media?parent=115442"}],"wp:term":[{"taxonomy":"category","embeddable":true,"href":"https:\/\/eltrabajo.cl\/portal\/wp-json\/wp\/v2\/categories?post=115442"},{"taxonomy":"post_tag","embeddable":true,"href":"https:\/\/eltrabajo.cl\/portal\/wp-json\/wp\/v2\/tags?post=115442"}],"curies":[{"name":"wp","href":"https:\/\/api.w.org\/{rel}","templated":true}]}}