{"id":115812,"date":"2022-07-20T07:50:22","date_gmt":"2022-07-20T11:50:22","guid":{"rendered":"https:\/\/eltrabajo.cl\/portal\/?p=115812"},"modified":"2022-07-19T23:46:05","modified_gmt":"2022-07-20T03:46:05","slug":"aun-no-determinan-la-causa-del-fatal-accidente-ocurrido-en-los-molles","status":"publish","type":"post","link":"https:\/\/eltrabajo.cl\/portal\/aun-no-determinan-la-causa-del-fatal-accidente-ocurrido-en-los-molles\/","title":{"rendered":"A\u00fan no determinan la causa del fatal accidente ocurrido en Los Molles"},"content":{"rendered":"<p style=\"text-align: left;\"><span style=\"color: #ff0000;\"><strong>SIAT de Carabineros descarta algunas hip\u00f3tesis:<\/strong><\/span><\/p>\n<ul style=\"text-align: left;\">\n<li><strong>El trabajo para determinar las causas a\u00fan no ha finalizado, mientras que se espera poder dialogar nuevamente con el conductor del veh\u00edculo.-<\/strong><\/li>\n<\/ul>\n<p style=\"text-align: justify;\">El pasado 6 de julio se produjo un fatal accidente que enlut\u00f3 a toda la comunidad de San Felipe y Santa Mar\u00eda, y es que, en el sector de Los Molles, una madre junto a su hijo de tan s\u00f3lo 5 a\u00f1os, fallecieron tras chocar contra un \u00e1rbol. El conductor del veh\u00edculo result\u00f3 con lesiones y fue derivado al Hospital San Camilo.<\/p>\n<p style=\"text-align: justify;\">Las semanas han pasado y con esto la investigaci\u00f3n de parte del personal de la Secci\u00f3n de Investigaci\u00f3n de Accidentes de Tr\u00e1nsito (SIAT) de Carabineros, ha avanzado para poder determinar las causas de este fatal accidente.<\/p>\n<p style=\"text-align: justify;\">En este sentido, el teniente <strong>Maximiliano Mu\u00f1oz<\/strong> se\u00f1al\u00f3 que <em>\u00abel informe del accidente como tal que se investig\u00f3 ese d\u00eda, se mantiene a\u00fan en confecci\u00f3n, debido a que se est\u00e1n realizando diligencias para poder establecer y determinar las causas de c\u00f3mo se origin\u00f3 este accidente, ya que se mantienen diferentes hip\u00f3tesis y esas hay que ir descart\u00e1ndolas a medida que se van haciendo diligencias, empadronamiento de testigos, revisar c\u00e1maras, levantamiento planim\u00e9trico, podr\u00e1n dar una se\u00f1al del motivo del accidente\u00bb.<\/em><\/p>\n<p style=\"text-align: justify;\">Causas de una tragedia que a\u00fan no han podido ser esclarecidas debido a que se desarrollan diligencias para determinar qu\u00e9 fue lo que provoc\u00f3 tan lamentable accidente. <em>\u00abA\u00fan no se logra poder determinar, es un proceso bastante largo, de realizar diligencias que a veces por el lugar de donde vienen, los testigos, toma un poco m\u00e1s de tiempo la realizaci\u00f3n de esta misma\u00bb,<\/em> sostuvo Mu\u00f1oz.<\/p>\n<p style=\"text-align: justify;\">El teniente de la SIAT adem\u00e1s agreg\u00f3 que han podido tener un di\u00e1logo con el conductor del veh\u00edculo, eso s\u00ed, \u00e9ste no ha sido del todo claro y se espera poder tener una nueva instancia para poder hablar con \u00e9l.<\/p>\n<p style=\"text-align: justify;\">\u00ab<em>En primera instancia s\u00ed se tuvo un di\u00e1logo, no podemos ahondar mucho en lo que conversamos con \u00e9l, pero se est\u00e1 diligenciando para poder realizar nuevamente este di\u00e1logo. Por lo general las personas que sufren un accidente de esta envergadura quedan muy choqueados, genera mucho impacto emocional y a ra\u00edz de las lesiones que sufri\u00f3 \u00e9l muchas veces se puede producir p\u00e9rdida de memoria\u00bb,<\/em> precis\u00f3 el teniente.<\/p>\n<p style=\"text-align: justify;\">\u00ab<em>En este instante, no fue muy fruct\u00edfera la conversaci\u00f3n, pero estamos haciendo las diligencias para poder hacerlo de nuevo, pero como es un proceso legal en el que se investiga un accidente con resultado de muerte, donde est\u00e1 el Ministerio P\u00fablico, uno debe hacerlo de manera formal, y eso puede demorar un poco m\u00e1s. Tambi\u00e9n conlleva que \u00e9l tenga que volver a revivir ese instante y puede ser que su m\u00e9dico de cabecera no lo recomiende\u00bb,<\/em> agreg\u00f3.<\/p>\n<p style=\"text-align: justify;\">Respecto de la informaci\u00f3n entregada por testigos del hecho, Mu\u00f1oz dijo que <em>\u00abestos testigos han aportado bastante informaci\u00f3n, se han descartado algunas hip\u00f3tesis, planteamos diez posibles tipos de c\u00f3mo se produce el accidente, y a medida que vamos investigando se van descartando\u00bb. <\/em><\/p>\n<p style=\"text-align: justify;\">Finalmente, y respecto de si el exceso de velocidad o que otro veh\u00edculo haya aparecido sorpresivamente en el camino, podr\u00edan ser alguna de las causas de este accidente, el teniente de la SIAT indic\u00f3 que <em>\u00abesas hip\u00f3tesis de planteaban, no podemos ahondar mucho si se han descartado a\u00fan, son hip\u00f3tesis que como se plantean, lo hacemos de la misma forma\u00bb. <\/em><\/p>\n<figure id=\"attachment_115813\" aria-describedby=\"caption-attachment-115813\" style=\"width: 700px\" class=\"wp-caption alignnone\"><img data-recalc-dims=\"1\" loading=\"lazy\" decoding=\"async\" class=\"size-full wp-image-115813\" src=\"https:\/\/i0.wp.com\/eltrabajo.cl\/portal\/wp-content\/uploads\/2022\/07\/SIAT-Los_Molles.jpg?resize=640%2C608&#038;ssl=1\" alt=\"SIAT de Carabineros a\u00fan trabaja para determinar las causas del fatal accidente en el sector de Los Molles.\" width=\"640\" height=\"608\" srcset=\"https:\/\/i0.wp.com\/eltrabajo.cl\/portal\/wp-content\/uploads\/2022\/07\/SIAT-Los_Molles.jpg?w=700&amp;ssl=1 700w, https:\/\/i0.wp.com\/eltrabajo.cl\/portal\/wp-content\/uploads\/2022\/07\/SIAT-Los_Molles.jpg?resize=300%2C285&amp;ssl=1 300w, https:\/\/i0.wp.com\/eltrabajo.cl\/portal\/wp-content\/uploads\/2022\/07\/SIAT-Los_Molles.jpg?resize=158%2C150&amp;ssl=1 158w, https:\/\/i0.wp.com\/eltrabajo.cl\/portal\/wp-content\/uploads\/2022\/07\/SIAT-Los_Molles.jpg?resize=696%2C661&amp;ssl=1 696w\" sizes=\"auto, (max-width: 640px) 100vw, 640px\" \/><figcaption id=\"caption-attachment-115813\" class=\"wp-caption-text\">SIAT de Carabineros a\u00fan trabaja para determinar las causas del fatal accidente en el sector de Los Molles. (Archivo)<\/figcaption><\/figure>\n","protected":false},"excerpt":{"rendered":"<p>SIAT de Carabineros descarta algunas hip\u00f3tesis: El trabajo para determinar las causas a\u00fan no ha finalizado, mientras que se espera poder dialogar nuevamente con el conductor del veh\u00edculo.- El pasado 6 de&#8230;<\/p>\n","protected":false},"author":482,"featured_media":115813,"comment_status":"closed","ping_status":"open","sticky":false,"template":"","format":"standard","meta":{"advanced_seo_description":"","jetpack_seo_html_title":"","jetpack_seo_noindex":false,"_jetpack_memberships_contains_paid_content":false,"footnotes":""},"categories":[21],"tags":[],"class_list":["post-115812","post","type-post","status-publish","format-standard","has-post-thumbnail","hentry","category-policial"],"jetpack_featured_media_url":"https:\/\/i0.wp.com\/eltrabajo.cl\/portal\/wp-content\/uploads\/2022\/07\/SIAT-Los_Molles.jpg?fit=700%2C665&ssl=1","jetpack_sharing_enabled":true,"jetpack_likes_enabled":true,"jetpack-related-posts":[],"_links":{"self":[{"href":"https:\/\/eltrabajo.cl\/portal\/wp-json\/wp\/v2\/posts\/115812","targetHints":{"allow":["GET"]}}],"collection":[{"href":"https:\/\/eltrabajo.cl\/portal\/wp-json\/wp\/v2\/posts"}],"about":[{"href":"https:\/\/eltrabajo.cl\/portal\/wp-json\/wp\/v2\/types\/post"}],"author":[{"embeddable":true,"href":"https:\/\/eltrabajo.cl\/portal\/wp-json\/wp\/v2\/users\/482"}],"replies":[{"embeddable":true,"href":"https:\/\/eltrabajo.cl\/portal\/wp-json\/wp\/v2\/comments?post=115812"}],"version-history":[{"count":1,"href":"https:\/\/eltrabajo.cl\/portal\/wp-json\/wp\/v2\/posts\/115812\/revisions"}],"predecessor-version":[{"id":115814,"href":"https:\/\/eltrabajo.cl\/portal\/wp-json\/wp\/v2\/posts\/115812\/revisions\/115814"}],"wp:featuredmedia":[{"embeddable":true,"href":"https:\/\/eltrabajo.cl\/portal\/wp-json\/wp\/v2\/media\/115813"}],"wp:attachment":[{"href":"https:\/\/eltrabajo.cl\/portal\/wp-json\/wp\/v2\/media?parent=115812"}],"wp:term":[{"taxonomy":"category","embeddable":true,"href":"https:\/\/eltrabajo.cl\/portal\/wp-json\/wp\/v2\/categories?post=115812"},{"taxonomy":"post_tag","embeddable":true,"href":"https:\/\/eltrabajo.cl\/portal\/wp-json\/wp\/v2\/tags?post=115812"}],"curies":[{"name":"wp","href":"https:\/\/api.w.org\/{rel}","templated":true}]}}