{"id":115815,"date":"2022-07-20T07:55:13","date_gmt":"2022-07-20T11:55:13","guid":{"rendered":"https:\/\/eltrabajo.cl\/portal\/?p=115815"},"modified":"2022-07-19T23:48:29","modified_gmt":"2022-07-20T03:48:29","slug":"familias-molestas-por-no-poder-cruzar-a-chile-desde-argentina","status":"publish","type":"post","link":"https:\/\/eltrabajo.cl\/portal\/familias-molestas-por-no-poder-cruzar-a-chile-desde-argentina\/","title":{"rendered":"Familias molestas por no poder cruzar a Chile desde Argentina"},"content":{"rendered":"<p style=\"text-align: justify;\">Molestos y desesperados se encontraban ayer ciudadanos argentinos por no poder ingresar a Chile a trav\u00e9s del paso Los Libertadores. Culpan al gobierno chileno de esta situaci\u00f3n.<\/p>\n<p style=\"text-align: justify;\">Ac\u00e1 algunos testimonios de personas enfadadas por lo que est\u00e1n viviendo.<\/p>\n<p style=\"text-align: justify;\">\u00ab<em>Estamos en Aduanas hace aproximadamente dos d\u00edas. El d\u00eda 9 intent\u00e9 cruzar, pero no pude por el mal clima, tuve que volver. Viajamos 1.000 kil\u00f3metros. ahora volvimos a viajar 1.400 kil\u00f3metros desde ayer (lunes) estamos varadas, tengo a mi hermana que est\u00e1 embarazada de cinco meses, anoche la presi\u00f3n del clima ac\u00e1 arriba le hizo mal. Intentamos pasar por otros pasos y est\u00e1 imposible, ahora me encuentro con un adulto mayor, una se\u00f1ora, que tiene diabetes y no pudo conseguir los remedios en Mendoza porque no ten\u00eda la receta m\u00e9dica, no los pudo conseguir en Uspallata, ahora estamos tratando de conseguirnos Metformina y la verdad que la situaci\u00f3n es muy complicada. A m\u00ed laboralmente hasta el d\u00eda de ma\u00f1ana (hoy) me dan para volver o pierdo mi trabajo, los vuelos est\u00e1n imposibles de comprar, no hay posibilidad de comprar, la econom\u00eda en Chile se ha ido en decadencia y en Argentina para qu\u00e9 hablar, mucho peor. En Uspallata nos est\u00e1n cobrando los alojamientos muy caros, no hay plata, no hay comida, o sea hoy nos echaron bencina con condiciones. La verdad es que hoy es el d\u00eda que tenemos para cruzar, las condiciones de clima son muy buenas, los camioneros cada vez que pasan nos dicen que s\u00ed se puede cruzar, que s\u00ed hay lugar para cruzar, y bueno, estamos desesperados, encontramos que es totalmente una burla lo que est\u00e1 pasando en el centro de esqu\u00ed, que bueno est\u00e1 funcionando, los chilenos suben de ese lado, y nada, me parece totalmente absurdo lo que est\u00e1 pasando. Por favor, necesitamos ayuda urgente, no tenemos m\u00e1s dinero; si volvemos ahora a Uspallata o Mendoza no nos cargan bencina y nos cargan con un recargo, mucho m\u00e1s cara la bencina, y ya no tenemos recursos econ\u00f3micos\u00bb,<\/em> dice una ciudadana argentina.<\/p>\n<p style=\"text-align: justify;\"><strong>Mar\u00eda Luisa Vilar<\/strong>, mujer embarazada, dice: <em>\u00abEstamos varados ac\u00e1 tres d\u00edas en la cordillera de Los Andes, hay muchas personas ac\u00e1 que quieren pasar hacia Chile, las condiciones se cerr\u00f3 hace nueve d\u00edas ya, muchas personas, familias chilenas. Mi situaci\u00f3n es compleja porque estoy embarazada\u00a0 de cinco, casi seis meses, sin tener dinero, ya nos hemos quedado sin dinero para el alojamiento. La situaci\u00f3n es que ahora no nos dejan pasar porque del lado chileno hay un campeonato de esqu\u00ed, donde nosotros tenemos que pasar con los autos, ese es el drama de que no podr\u00edamos estar pasando. Le ruego por favor a las autoridades de Chile que nos ayuden en esta situaci\u00f3n ya que estamos desesperados, como comento, hay muchas familias como la m\u00eda, hay muchos ni\u00f1os ac\u00e1 en Uspallata, no hay dinero, no hay cajeros con dinero, no hay agua porque se cort\u00f3 en el lado de la cordillera, en la aduana argentina no se nos permite ingresar al ba\u00f1o ya que el agua est\u00e1 cortada, no hay alimentos, la bencina todos los d\u00edas est\u00e1 subiendo. Para entonces nuestra \u00fanica forma era ir hacia el sur de Chile, pasar por la frontera de all\u00e1, pero lamentablemente no contamos con el dinero para poder pagar y costear la bencina. Por favor ruego que se pongan en nuestra situaci\u00f3n y nos ayuden\u00bb,<\/em> dice.<\/p>\n<p style=\"text-align: justify;\">Por su parte <strong>Gustavo<\/strong> dijo que el <em>\u00abproblema es que del lado de Chile, me dec\u00eda un gendarme, no quieren recibir ni a chilenos ni argentinos, ese es problema, falta de coordinaci\u00f3n, no quieren recibir. El problema est\u00e1 del lado de Chile en la Aduana de Chile es el problema, nosotros estamos pidiendo que por lo menos dejen pasar a la gente que hace ya tres, cuatro d\u00edas ac\u00e1 varada, gente embarazada, gente con ni\u00f1os, que tiene que volver a su trabajo. No hay ba\u00f1os ac\u00e1 del lado de Argentina dicen que no tienen agua, no te dan soluci\u00f3n, nada, y la gente est\u00e1 desesperada porque se acaba el dinero, todo es caro, el problema es que no quieren recibir en la Aduana de Chile. El problema ahora son los chilenos\u00bb.<\/em><\/p>\n<p style=\"text-align: justify;\">Otro de los afectados con esta situaci\u00f3n dijo: <em>\u00abEl tema es as\u00ed amigo, nos han enga\u00f1ado porque ped\u00edan documentos de residencia chilena y chilenos entonces dejaron subir, por cuestiones humanitarias iba a ser el tema, y llegamos ac\u00e1 y resulta que hubo un mal entendido, nos han enga\u00f1ado para liberar la ruta, ahora se van a volver y hay gente que le ha dado desesperaci\u00f3n, mujeres, ni\u00f1os llorando porque le dieron falsas esperanzas. Igual est\u00e1n jugando con la esperanza de volver a su casa\u00bb.<\/em><\/p>\n<figure id=\"attachment_115816\" aria-describedby=\"caption-attachment-115816\" style=\"width: 698px\" class=\"wp-caption alignnone\"><img data-recalc-dims=\"1\" loading=\"lazy\" decoding=\"async\" class=\"size-full wp-image-115816\" src=\"https:\/\/i0.wp.com\/eltrabajo.cl\/portal\/wp-content\/uploads\/2022\/07\/Ciuadadanos-3.jpg?resize=640%2C360&#038;ssl=1\" alt=\"Familias con ni\u00f1os esperaban poder continuar su camino a nuestro pa\u00eds.\" width=\"640\" height=\"360\" srcset=\"https:\/\/i0.wp.com\/eltrabajo.cl\/portal\/wp-content\/uploads\/2022\/07\/Ciuadadanos-3.jpg?w=698&amp;ssl=1 698w, https:\/\/i0.wp.com\/eltrabajo.cl\/portal\/wp-content\/uploads\/2022\/07\/Ciuadadanos-3.jpg?resize=300%2C169&amp;ssl=1 300w, https:\/\/i0.wp.com\/eltrabajo.cl\/portal\/wp-content\/uploads\/2022\/07\/Ciuadadanos-3.jpg?resize=200%2C113&amp;ssl=1 200w, https:\/\/i0.wp.com\/eltrabajo.cl\/portal\/wp-content\/uploads\/2022\/07\/Ciuadadanos-3.jpg?resize=696%2C392&amp;ssl=1 696w\" sizes=\"auto, (max-width: 640px) 100vw, 640px\" \/><figcaption id=\"caption-attachment-115816\" class=\"wp-caption-text\">Familias con ni\u00f1os esperaban poder continuar su camino a nuestro pa\u00eds.<\/figcaption><\/figure>\n<figure id=\"attachment_115817\" aria-describedby=\"caption-attachment-115817\" style=\"width: 698px\" class=\"wp-caption alignnone\"><img data-recalc-dims=\"1\" loading=\"lazy\" decoding=\"async\" class=\"size-full wp-image-115817\" src=\"https:\/\/i0.wp.com\/eltrabajo.cl\/portal\/wp-content\/uploads\/2022\/07\/Ciudadanos-2.jpg?resize=640%2C360&#038;ssl=1\" alt=\"Los ni\u00f1os aprovechando de jugar un rato junto a sus familias para pasar la desesperaci\u00f3n.\" width=\"640\" height=\"360\" srcset=\"https:\/\/i0.wp.com\/eltrabajo.cl\/portal\/wp-content\/uploads\/2022\/07\/Ciudadanos-2.jpg?w=698&amp;ssl=1 698w, https:\/\/i0.wp.com\/eltrabajo.cl\/portal\/wp-content\/uploads\/2022\/07\/Ciudadanos-2.jpg?resize=300%2C169&amp;ssl=1 300w, https:\/\/i0.wp.com\/eltrabajo.cl\/portal\/wp-content\/uploads\/2022\/07\/Ciudadanos-2.jpg?resize=200%2C113&amp;ssl=1 200w, https:\/\/i0.wp.com\/eltrabajo.cl\/portal\/wp-content\/uploads\/2022\/07\/Ciudadanos-2.jpg?resize=696%2C392&amp;ssl=1 696w\" sizes=\"auto, (max-width: 640px) 100vw, 640px\" \/><figcaption id=\"caption-attachment-115817\" class=\"wp-caption-text\">Los ni\u00f1os aprovechando de jugar un rato junto a sus familias para pasar la desesperaci\u00f3n.<\/figcaption><\/figure>\n","protected":false},"excerpt":{"rendered":"<p>Molestos y desesperados se encontraban ayer ciudadanos argentinos por no poder ingresar a Chile a trav\u00e9s del paso Los Libertadores. Culpan al gobierno chileno de esta situaci\u00f3n. Ac\u00e1 algunos testimonios de personas&#8230;<\/p>\n","protected":false},"author":482,"featured_media":115817,"comment_status":"closed","ping_status":"open","sticky":false,"template":"","format":"standard","meta":{"advanced_seo_description":"","jetpack_seo_html_title":"","jetpack_seo_noindex":false,"_jetpack_memberships_contains_paid_content":false,"footnotes":""},"categories":[103],"tags":[],"class_list":["post-115815","post","type-post","status-publish","format-standard","has-post-thumbnail","hentry","category-cronica-2"],"jetpack_featured_media_url":"https:\/\/i0.wp.com\/eltrabajo.cl\/portal\/wp-content\/uploads\/2022\/07\/Ciudadanos-2.jpg?fit=698%2C393&ssl=1","jetpack_sharing_enabled":true,"jetpack_likes_enabled":true,"jetpack-related-posts":[],"_links":{"self":[{"href":"https:\/\/eltrabajo.cl\/portal\/wp-json\/wp\/v2\/posts\/115815","targetHints":{"allow":["GET"]}}],"collection":[{"href":"https:\/\/eltrabajo.cl\/portal\/wp-json\/wp\/v2\/posts"}],"about":[{"href":"https:\/\/eltrabajo.cl\/portal\/wp-json\/wp\/v2\/types\/post"}],"author":[{"embeddable":true,"href":"https:\/\/eltrabajo.cl\/portal\/wp-json\/wp\/v2\/users\/482"}],"replies":[{"embeddable":true,"href":"https:\/\/eltrabajo.cl\/portal\/wp-json\/wp\/v2\/comments?post=115815"}],"version-history":[{"count":1,"href":"https:\/\/eltrabajo.cl\/portal\/wp-json\/wp\/v2\/posts\/115815\/revisions"}],"predecessor-version":[{"id":115818,"href":"https:\/\/eltrabajo.cl\/portal\/wp-json\/wp\/v2\/posts\/115815\/revisions\/115818"}],"wp:featuredmedia":[{"embeddable":true,"href":"https:\/\/eltrabajo.cl\/portal\/wp-json\/wp\/v2\/media\/115817"}],"wp:attachment":[{"href":"https:\/\/eltrabajo.cl\/portal\/wp-json\/wp\/v2\/media?parent=115815"}],"wp:term":[{"taxonomy":"category","embeddable":true,"href":"https:\/\/eltrabajo.cl\/portal\/wp-json\/wp\/v2\/categories?post=115815"},{"taxonomy":"post_tag","embeddable":true,"href":"https:\/\/eltrabajo.cl\/portal\/wp-json\/wp\/v2\/tags?post=115815"}],"curies":[{"name":"wp","href":"https:\/\/api.w.org\/{rel}","templated":true}]}}