{"id":115970,"date":"2022-07-27T07:50:07","date_gmt":"2022-07-27T11:50:07","guid":{"rendered":"https:\/\/eltrabajo.cl\/portal\/?p=115970"},"modified":"2022-07-26T23:21:35","modified_gmt":"2022-07-27T03:21:35","slug":"a-salvo-mujer-informada-como-desaparecida-por-varios-dias-segun-su-padre","status":"publish","type":"post","link":"https:\/\/eltrabajo.cl\/portal\/a-salvo-mujer-informada-como-desaparecida-por-varios-dias-segun-su-padre\/","title":{"rendered":"A salvo mujer informada como desaparecida por varios d\u00edas seg\u00fan su padre"},"content":{"rendered":"<p style=\"text-align: left;\"><span style=\"color: #ff0000;\"><strong>En Villa Las Acacias fue encontrada:<\/strong><\/span><\/p>\n<p style=\"text-align: justify;\">En Villa Las Acacias, en casa de la mam\u00e1 de su pololo, sana y salva fue encontrada <strong>Karen Maldonado Santos<\/strong>, mujer de 32 a\u00f1os que seg\u00fan su padre llevaba tres d\u00edas desaparecida, luego que Carabineros de Los Vilos le contara sobre una denuncia por presunta desgracia puesta por el ex marido de su hija.<\/p>\n<p style=\"text-align: justify;\">En conversaci\u00f3n con nuestro medio, su padre, <strong>Emilio Maldonado<\/strong>, dijo que era un muy lindo d\u00eda: <em>\u00abEstoy muy agradecido de ustedes, de Carabineros de Chile y todas las personas que se movieron en mi situaci\u00f3n en b\u00fasqueda de mi hija. Fueron d\u00edas terribles, yo no sab\u00eda qu\u00e9 hacer, estoy lejos de su casa de San Felipe, pero gracias a Dios y la Virgen Sant\u00edsima logr\u00e9 contactarme con ustedes, con Carabineros, con PDI y gracias a toda esa gente encontr\u00e9 a mi hija, gracias a Dios sana y salva. Estoy muy agradecido de todas las personas. Yo en muchos momentos tuve miedo, pero nunca dud\u00e9 porque Dios es muy grande\u00bb,<\/em> dijo.<\/p>\n<p style=\"text-align: justify;\">&#8211; <strong>\u00bfQui\u00e9n hizo la denuncia por presunta desgracia?<\/strong><\/p>\n<p style=\"text-align: justify;\">&#8211; Mire la denuncia la hab\u00eda hecho el ex marido de ella, y eso a m\u00ed me caus\u00f3 mucho cuidado porque c\u00f3mo es el ex, no s\u00e9, yo ah\u00ed me empec\u00e9 a pasar muchas cosas por mi cabeza, a preocupar porque dije a lo mejor esta persona cometi\u00f3 algo contra mi hija, sinceramente no sab\u00eda. Claro, yo nunca los juzgu\u00e9 100% a \u00e9l, pero s\u00ed me caus\u00f3 mucho cuidado. As\u00ed es que apenas me notific\u00f3 Carabineros de ac\u00e1 de Los Vilos empec\u00e9 a movilizarme porque desesperado no hallaba qu\u00e9 hacer. Tambi\u00e9n estoy muy agradecido de Carabineros y PDI de Los Vilos, que ellos me ayudaron a hacer muchas gestiones.<\/p>\n<p style=\"text-align: justify;\">A parte de agradecer a los medios de comunicaci\u00f3n que difundieron su caso, a las personas, tambi\u00e9n agradeci\u00f3 especialmente a una funcionaria de Carabineros de nombre <strong>Camila<\/strong>, quien hizo las gestiones para encontrar a su hija: <em>\u00abEstoy muy agradecido de ella, mi cabo Camila, muy agradecido, estoy infinitamente agradecido con usted\u00bb,<\/em> dice llorando.<\/p>\n<p style=\"text-align: justify;\">Se\u00f1alar que en la edici\u00f3n del d\u00eda de ayer dimos a conocer esta informaci\u00f3n.<\/p>\n<figure id=\"attachment_115971\" aria-describedby=\"caption-attachment-115971\" style=\"width: 700px\" class=\"wp-caption alignnone\"><img data-recalc-dims=\"1\" loading=\"lazy\" decoding=\"async\" class=\"size-full wp-image-115971\" src=\"https:\/\/i0.wp.com\/eltrabajo.cl\/portal\/wp-content\/uploads\/2022\/07\/karen_Maldonado.jpg?resize=640%2C513&#038;ssl=1\" alt=\"As\u00ed est\u00e1 Karen Maldonado Santos, sana y salva. Como dijo su padre, con la gracia de Dios y la Virgen.\" width=\"640\" height=\"513\" srcset=\"https:\/\/i0.wp.com\/eltrabajo.cl\/portal\/wp-content\/uploads\/2022\/07\/karen_Maldonado.jpg?w=700&amp;ssl=1 700w, https:\/\/i0.wp.com\/eltrabajo.cl\/portal\/wp-content\/uploads\/2022\/07\/karen_Maldonado.jpg?resize=300%2C240&amp;ssl=1 300w, https:\/\/i0.wp.com\/eltrabajo.cl\/portal\/wp-content\/uploads\/2022\/07\/karen_Maldonado.jpg?resize=187%2C150&amp;ssl=1 187w, https:\/\/i0.wp.com\/eltrabajo.cl\/portal\/wp-content\/uploads\/2022\/07\/karen_Maldonado.jpg?resize=696%2C558&amp;ssl=1 696w\" sizes=\"auto, (max-width: 640px) 100vw, 640px\" \/><figcaption id=\"caption-attachment-115971\" class=\"wp-caption-text\">As\u00ed est\u00e1 Karen Maldonado Santos, sana y salva. Como dijo su padre, con la gracia de Dios y la Virgen.<\/figcaption><\/figure>\n","protected":false},"excerpt":{"rendered":"<p>En Villa Las Acacias fue encontrada: En Villa Las Acacias, en casa de la mam\u00e1 de su pololo, sana y salva fue encontrada Karen Maldonado Santos, mujer de 32 a\u00f1os que seg\u00fan&#8230;<\/p>\n","protected":false},"author":482,"featured_media":115971,"comment_status":"closed","ping_status":"open","sticky":false,"template":"","format":"standard","meta":{"advanced_seo_description":"","jetpack_seo_html_title":"","jetpack_seo_noindex":false,"_jetpack_memberships_contains_paid_content":false,"footnotes":""},"categories":[21],"tags":[],"class_list":["post-115970","post","type-post","status-publish","format-standard","has-post-thumbnail","hentry","category-policial"],"jetpack_featured_media_url":"https:\/\/i0.wp.com\/eltrabajo.cl\/portal\/wp-content\/uploads\/2022\/07\/karen_Maldonado.jpg?fit=700%2C561&ssl=1","jetpack_sharing_enabled":true,"jetpack_likes_enabled":true,"jetpack-related-posts":[],"_links":{"self":[{"href":"https:\/\/eltrabajo.cl\/portal\/wp-json\/wp\/v2\/posts\/115970","targetHints":{"allow":["GET"]}}],"collection":[{"href":"https:\/\/eltrabajo.cl\/portal\/wp-json\/wp\/v2\/posts"}],"about":[{"href":"https:\/\/eltrabajo.cl\/portal\/wp-json\/wp\/v2\/types\/post"}],"author":[{"embeddable":true,"href":"https:\/\/eltrabajo.cl\/portal\/wp-json\/wp\/v2\/users\/482"}],"replies":[{"embeddable":true,"href":"https:\/\/eltrabajo.cl\/portal\/wp-json\/wp\/v2\/comments?post=115970"}],"version-history":[{"count":3,"href":"https:\/\/eltrabajo.cl\/portal\/wp-json\/wp\/v2\/posts\/115970\/revisions"}],"predecessor-version":[{"id":115974,"href":"https:\/\/eltrabajo.cl\/portal\/wp-json\/wp\/v2\/posts\/115970\/revisions\/115974"}],"wp:featuredmedia":[{"embeddable":true,"href":"https:\/\/eltrabajo.cl\/portal\/wp-json\/wp\/v2\/media\/115971"}],"wp:attachment":[{"href":"https:\/\/eltrabajo.cl\/portal\/wp-json\/wp\/v2\/media?parent=115970"}],"wp:term":[{"taxonomy":"category","embeddable":true,"href":"https:\/\/eltrabajo.cl\/portal\/wp-json\/wp\/v2\/categories?post=115970"},{"taxonomy":"post_tag","embeddable":true,"href":"https:\/\/eltrabajo.cl\/portal\/wp-json\/wp\/v2\/tags?post=115970"}],"curies":[{"name":"wp","href":"https:\/\/api.w.org\/{rel}","templated":true}]}}