{"id":116083,"date":"2022-08-02T07:55:29","date_gmt":"2022-08-02T11:55:29","guid":{"rendered":"https:\/\/eltrabajo.cl\/portal\/?p=116083"},"modified":"2022-08-01T23:24:18","modified_gmt":"2022-08-02T03:24:18","slug":"con-el-desfile-en-curimon-se-dio-el-vamos-al-mes-aniversario-de-san-felipe","status":"publish","type":"post","link":"https:\/\/eltrabajo.cl\/portal\/con-el-desfile-en-curimon-se-dio-el-vamos-al-mes-aniversario-de-san-felipe\/","title":{"rendered":"Con el desfile en Curim\u00f3n se dio el vamos al mes aniversario de San Felipe"},"content":{"rendered":"<ul style=\"text-align: justify;\">\n<li style=\"text-align: left;\"><strong>En la ocasi\u00f3n la alcaldesa Carmen Castillo anunci\u00f3 una serie de proyectos para el sector.-<\/strong><\/li>\n<\/ul>\n<p style=\"text-align: justify;\">Luego de dos a\u00f1os de no haber desfiles y actividades p\u00fablicas por la pandemia, ayer se dio el vamos con todo al mes aniversario de nuestra ciudad. La cita fue en el sector de Curim\u00f3n, donde la comunidad y autoridades presentes conmemoraron y celebraron el primer d\u00eda de actividades.<\/p>\n<p style=\"text-align: justify;\">En este contexto, la alcaldesa <strong>Carmen Castillo<\/strong> se\u00f1al\u00f3 que <em>\u00abexist\u00edan tres proyectos que se encontraban sin avances y desarrollamos diversas acciones, destrabamos la etapa final del proyecto de alcantarillado, reanudar las obras de construcci\u00f3n de la Quinta Compa\u00f1\u00eda de Bomberos, pudimos obtener la priorizaci\u00f3n del proyecto del Cesfam de Curim\u00f3n\u00bb.<\/em><\/p>\n<p style=\"text-align: justify;\">En este sentido, la edil adem\u00e1s asegur\u00f3 que <em>\u00absabemos que existen otras necesidades, acercar la atenci\u00f3n de salud, por ello hemos gestionado la reposici\u00f3n de la ambulancia del Cesfam de Curim\u00f3n y dotar de un furg\u00f3n para el traslado de pacientes\u00bb.<\/em><\/p>\n<p style=\"text-align: justify;\">En materia social, la m\u00e1xima autoridad comunal anunci\u00f3 <em>\u00abel mejoramiento del centro comunitario de Curim\u00f3n, mejoramiento de la sede de la Villa Los Naranjos y Tierras Blancas, sede comunitaria de la Villa Bucalemu y pavimentos participativos para arreglar las calles del sector. Estamos trabajando con la direcci\u00f3n de Vialidad para mejorar las condiciones de seguridad vial que nos plantean los vecinos y vecinas\u00bb.<\/em><\/p>\n<p style=\"text-align: justify;\">Por su parte en infraestructura educacional, la alcaldesa Castillo dijo que <em>\u00aben materia de infraestructura educacional, se encuentra en plena ejecuci\u00f3n las mejoras en la Escuela Mateo Cokljat, la construcci\u00f3n de la multicancha de la Escuela Bucalemu, y la reposici\u00f3n de la infraestructura del jard\u00edn infantil Conejitos Saltarines\u00bb.<\/em><\/p>\n<p style=\"text-align: justify;\">Proyectos que seg\u00fan asegur\u00f3 la edil, indican que <em>\u00abtodo avanza, en suma, con enorme satisfacci\u00f3n en la ribera sur de la comuna, tenemos proyectos en desarrollo que alcanzan una inversi\u00f3n que supera los 980 millones de pesos, mientras que en los pr\u00f3ximos meses comenzaremos a ejecutar proyectos que superan los 4 mil 200 millones de pesos, todos con financiamientos aprobados\u00bb.<\/em><\/p>\n<p style=\"text-align: justify;\">Tras el discurso de la alcaldesa, se dio el vamos al primero de los desfiles, en donde bomberos, trabajadores del Cesfam de Curim\u00f3n y establecimientos educacionales, rindieron homenaje a la ciudad.<\/p>\n<figure id=\"attachment_116084\" aria-describedby=\"caption-attachment-116084\" style=\"width: 699px\" class=\"wp-caption alignnone\"><img data-recalc-dims=\"1\" loading=\"lazy\" decoding=\"async\" class=\"size-full wp-image-116084\" src=\"https:\/\/i0.wp.com\/eltrabajo.cl\/portal\/wp-content\/uploads\/2022\/08\/desfile-4-portada.jpg?resize=640%2C481&#038;ssl=1\" alt=\"Escuela B\u00e1sica Mateo Kojljat de Tierras Blancas.\" width=\"640\" height=\"481\" srcset=\"https:\/\/i0.wp.com\/eltrabajo.cl\/portal\/wp-content\/uploads\/2022\/08\/desfile-4-portada.jpg?w=699&amp;ssl=1 699w, https:\/\/i0.wp.com\/eltrabajo.cl\/portal\/wp-content\/uploads\/2022\/08\/desfile-4-portada.jpg?resize=300%2C225&amp;ssl=1 300w, https:\/\/i0.wp.com\/eltrabajo.cl\/portal\/wp-content\/uploads\/2022\/08\/desfile-4-portada.jpg?resize=200%2C150&amp;ssl=1 200w, https:\/\/i0.wp.com\/eltrabajo.cl\/portal\/wp-content\/uploads\/2022\/08\/desfile-4-portada.jpg?resize=696%2C523&amp;ssl=1 696w\" sizes=\"auto, (max-width: 640px) 100vw, 640px\" \/><figcaption id=\"caption-attachment-116084\" class=\"wp-caption-text\">Escuela B\u00e1sica Mateo Kojljat de Tierras Blancas.<\/figcaption><\/figure>\n<figure id=\"attachment_116085\" aria-describedby=\"caption-attachment-116085\" style=\"width: 698px\" class=\"wp-caption alignnone\"><img data-recalc-dims=\"1\" loading=\"lazy\" decoding=\"async\" class=\"size-full wp-image-116085\" src=\"https:\/\/i0.wp.com\/eltrabajo.cl\/portal\/wp-content\/uploads\/2022\/08\/desfile-2.jpg?resize=640%2C372&#038;ssl=1\" alt=\"Autoridades presentes en el sector de Curim\u00f3n para el primer desfile por el mes aniversario de la comuna.\" width=\"640\" height=\"372\" srcset=\"https:\/\/i0.wp.com\/eltrabajo.cl\/portal\/wp-content\/uploads\/2022\/08\/desfile-2.jpg?w=698&amp;ssl=1 698w, https:\/\/i0.wp.com\/eltrabajo.cl\/portal\/wp-content\/uploads\/2022\/08\/desfile-2.jpg?resize=300%2C174&amp;ssl=1 300w, https:\/\/i0.wp.com\/eltrabajo.cl\/portal\/wp-content\/uploads\/2022\/08\/desfile-2.jpg?resize=200%2C116&amp;ssl=1 200w, https:\/\/i0.wp.com\/eltrabajo.cl\/portal\/wp-content\/uploads\/2022\/08\/desfile-2.jpg?resize=696%2C405&amp;ssl=1 696w\" sizes=\"auto, (max-width: 640px) 100vw, 640px\" \/><figcaption id=\"caption-attachment-116085\" class=\"wp-caption-text\">Autoridades presentes en el sector de Curim\u00f3n para el primer desfile por el mes aniversario de la comuna.<\/figcaption><\/figure>\n","protected":false},"excerpt":{"rendered":"<p>En la ocasi\u00f3n la alcaldesa Carmen Castillo anunci\u00f3 una serie de proyectos para el sector.- Luego de dos a\u00f1os de no haber desfiles y actividades p\u00fablicas por la pandemia, ayer se dio&#8230;<\/p>\n","protected":false},"author":482,"featured_media":116084,"comment_status":"closed","ping_status":"open","sticky":false,"template":"","format":"standard","meta":{"advanced_seo_description":"","jetpack_seo_html_title":"","jetpack_seo_noindex":false,"_jetpack_memberships_contains_paid_content":false,"footnotes":""},"categories":[103],"tags":[],"class_list":["post-116083","post","type-post","status-publish","format-standard","has-post-thumbnail","hentry","category-cronica-2"],"jetpack_featured_media_url":"https:\/\/i0.wp.com\/eltrabajo.cl\/portal\/wp-content\/uploads\/2022\/08\/desfile-4-portada.jpg?fit=699%2C525&ssl=1","jetpack_sharing_enabled":true,"jetpack_likes_enabled":true,"jetpack-related-posts":[],"_links":{"self":[{"href":"https:\/\/eltrabajo.cl\/portal\/wp-json\/wp\/v2\/posts\/116083","targetHints":{"allow":["GET"]}}],"collection":[{"href":"https:\/\/eltrabajo.cl\/portal\/wp-json\/wp\/v2\/posts"}],"about":[{"href":"https:\/\/eltrabajo.cl\/portal\/wp-json\/wp\/v2\/types\/post"}],"author":[{"embeddable":true,"href":"https:\/\/eltrabajo.cl\/portal\/wp-json\/wp\/v2\/users\/482"}],"replies":[{"embeddable":true,"href":"https:\/\/eltrabajo.cl\/portal\/wp-json\/wp\/v2\/comments?post=116083"}],"version-history":[{"count":1,"href":"https:\/\/eltrabajo.cl\/portal\/wp-json\/wp\/v2\/posts\/116083\/revisions"}],"predecessor-version":[{"id":116086,"href":"https:\/\/eltrabajo.cl\/portal\/wp-json\/wp\/v2\/posts\/116083\/revisions\/116086"}],"wp:featuredmedia":[{"embeddable":true,"href":"https:\/\/eltrabajo.cl\/portal\/wp-json\/wp\/v2\/media\/116084"}],"wp:attachment":[{"href":"https:\/\/eltrabajo.cl\/portal\/wp-json\/wp\/v2\/media?parent=116083"}],"wp:term":[{"taxonomy":"category","embeddable":true,"href":"https:\/\/eltrabajo.cl\/portal\/wp-json\/wp\/v2\/categories?post=116083"},{"taxonomy":"post_tag","embeddable":true,"href":"https:\/\/eltrabajo.cl\/portal\/wp-json\/wp\/v2\/tags?post=116083"}],"curies":[{"name":"wp","href":"https:\/\/api.w.org\/{rel}","templated":true}]}}