{"id":116104,"date":"2022-08-03T07:45:32","date_gmt":"2022-08-03T11:45:32","guid":{"rendered":"https:\/\/eltrabajo.cl\/portal\/?p=116104"},"modified":"2022-08-03T00:17:23","modified_gmt":"2022-08-03T04:17:23","slug":"prision-preventiva-a-dos-imputados-por-asesinato-de-hombre-de-70-anos","status":"publish","type":"post","link":"https:\/\/eltrabajo.cl\/portal\/prision-preventiva-a-dos-imputados-por-asesinato-de-hombre-de-70-anos\/","title":{"rendered":"Prisi\u00f3n preventiva a dos imputados por asesinato de hombre de 70 a\u00f1os"},"content":{"rendered":"<p style=\"text-align: left;\"><span style=\"color: #ff0000;\"><strong>Juzgado de Garant\u00eda de Los Andes:<\/strong><\/span><\/p>\n<ul style=\"text-align: left;\">\n<li><strong>Sujetos con los que hab\u00eda bebido momentos antes terminaron asesin\u00e1ndolo a pedradas en la cabeza.-<\/strong><\/li>\n<\/ul>\n<p style=\"text-align: justify;\">Este lunes 1 de agosto el Juzgado de Garant\u00eda de Los Andes orden\u00f3 la cautelar de prisi\u00f3n preventiva para <strong>Javier Alejandro Espinoza Mart\u00ednez<\/strong> y <strong>Miguel Enrique S\u00e1nchez Tapia<\/strong>, imputados en calidad de autores del delito de robo con homicidio.<\/p>\n<p style=\"text-align: justify;\">El il\u00edcito fue perpetrado el pasado 22 de julio en el sector del kil\u00f3metro 11 del Camino Internacional en la provincia de Los Andes, afectando a <strong>Ram\u00f3n de la Cruz Quiroga Hidalgo<\/strong>, de 70 a\u00f1os de edad, hecho que ha conmocionado\u00a0 a Los Andes por las circunstancias y el conocimiento p\u00fablico que hab\u00eda del fallecido.<\/p>\n<p style=\"text-align: justify;\">En la audiencia de formalizaci\u00f3n de los imputados, el fiscal <strong>Ricardo Reinoso Varas<\/strong>, a cargo de este caso, dio a conocer detalles del homicidio, se\u00f1alando que la v\u00edctima, Ram\u00f3n de la Cruz Quiroga Hidalgo, con fecha 22 de julio del a\u00f1o 2022 <em>\u00abconcurre hasta dependencias de una caja de compensaci\u00f3n a objeto de cobrar su pensi\u00f3n en dinero, con el cual se retira del lugar para concurrir a un local comercial, fuente de soda, donde junto con los imputados consume bebidas alcoh\u00f3licas. Estos al ver la existencia de dinero por parte de la v\u00edctima, mediante el enga\u00f1o lo suben a un veh\u00edculo de propiedad de uno de ellos, un cami\u00f3n tres cuartos con el cual propician la situaci\u00f3n de trasladarlo en la noche a un sitio despoblado, espec\u00edficamente al camino internacional, kil\u00f3metro 11 aproximadamente; descienden del veh\u00edculo y le dan dos balazos en los brazos. Posteriormente los imputados, premunidos de elementos contundentes, espec\u00edficamente piedras, golpean en reiteradas oportunidades en la cabeza a la v\u00edctima d\u00e1ndole muerte. Muerte que con ocasi\u00f3n de aquella, los imputados sustraen especies de la v\u00edctima, espec\u00edficamente dinero, pertenencias personales y la billetera que \u00e9ste portaba para posteriormente lanzarlo desde una quebrada hacia el lecho del r\u00edo Aconcagua, donde los imputados, tambi\u00e9n con piedras, lo ocultan, permaneciendo as\u00ed hasta el d\u00eda que se le encuentra por parte de personal de la Polic\u00eda. A ra\u00edz de las agresiones originadas por los imputados, la v\u00edctima fallece\u00bb,<\/em> indic\u00f3 el persecutor.<\/p>\n<p style=\"text-align: justify;\">Por su parte la abogada defensora penal p\u00fablica, <strong>Lissette de la Fuente<\/strong>, se opuso a la medida cautelar bajo el argumento que sus representados hab\u00edan colaborado con la investigaci\u00f3n.<\/p>\n<p style=\"text-align: justify;\">En la audiencia de formalizaci\u00f3n, el magistrado <strong>Daniel Chauc\u00f3n Ojeda<\/strong> orden\u00f3 el ingreso de ambos al Centro de Cumplimiento Penitenciario (CCP) de Los Andes, por considerar la libertad de los imputados un peligro para la seguridad de la sociedad.<\/p>\n<p style=\"text-align: justify;\">Adem\u00e1s, fij\u00f3 el plazo de investigaci\u00f3n en 150 d\u00edas.<\/p>\n<p style=\"text-align: justify;\">Recordar que la foto de la v\u00edctima circul\u00f3 por redes sociales donde se encargaba o ped\u00eda cualquier informaci\u00f3n sobre su paradero.<\/p>\n<p style=\"text-align: justify;\">En esta causa est\u00e1 el fiscal Ricardo Reinoso Varas, el querellante abogado Jos\u00e9 Villagr\u00e1n y la Defensora Penal P\u00fablica Lissette De La Fuente<\/p>\n<figure id=\"attachment_116105\" aria-describedby=\"caption-attachment-116105\" style=\"width: 699px\" class=\"wp-caption alignnone\"><img data-recalc-dims=\"1\" loading=\"lazy\" decoding=\"async\" class=\"size-full wp-image-116105\" src=\"https:\/\/i0.wp.com\/eltrabajo.cl\/portal\/wp-content\/uploads\/2022\/08\/Ramon-Quiroga-imputados.jpg?resize=640%2C385&#038;ssl=1\" alt=\"Los imputados durante su formalizaci\u00f3n este d\u00eda lunes. (Foto losandesonline)\" width=\"640\" height=\"385\" srcset=\"https:\/\/i0.wp.com\/eltrabajo.cl\/portal\/wp-content\/uploads\/2022\/08\/Ramon-Quiroga-imputados.jpg?w=699&amp;ssl=1 699w, https:\/\/i0.wp.com\/eltrabajo.cl\/portal\/wp-content\/uploads\/2022\/08\/Ramon-Quiroga-imputados.jpg?resize=300%2C181&amp;ssl=1 300w, https:\/\/i0.wp.com\/eltrabajo.cl\/portal\/wp-content\/uploads\/2022\/08\/Ramon-Quiroga-imputados.jpg?resize=200%2C120&amp;ssl=1 200w, https:\/\/i0.wp.com\/eltrabajo.cl\/portal\/wp-content\/uploads\/2022\/08\/Ramon-Quiroga-imputados.jpg?resize=696%2C419&amp;ssl=1 696w\" sizes=\"auto, (max-width: 640px) 100vw, 640px\" \/><figcaption id=\"caption-attachment-116105\" class=\"wp-caption-text\">Los imputados durante su formalizaci\u00f3n este d\u00eda lunes. (Foto losandesonline)<\/figcaption><\/figure>\n<figure id=\"attachment_116106\" aria-describedby=\"caption-attachment-116106\" style=\"width: 700px\" class=\"wp-caption alignnone\"><img data-recalc-dims=\"1\" loading=\"lazy\" decoding=\"async\" class=\"size-full wp-image-116106\" src=\"https:\/\/i0.wp.com\/eltrabajo.cl\/portal\/wp-content\/uploads\/2022\/08\/Ramon-Quiroga.jpg?resize=640%2C640&#038;ssl=1\" alt=\"ASESINADO A PEDRADAS.- Ram\u00f3n de la Cruz Quiroga Hidalgo fue literalmente lapidado luego de recibir dos balazos en sus brazos.\" width=\"640\" height=\"640\" srcset=\"https:\/\/i0.wp.com\/eltrabajo.cl\/portal\/wp-content\/uploads\/2022\/08\/Ramon-Quiroga.jpg?w=700&amp;ssl=1 700w, https:\/\/i0.wp.com\/eltrabajo.cl\/portal\/wp-content\/uploads\/2022\/08\/Ramon-Quiroga.jpg?resize=300%2C300&amp;ssl=1 300w, https:\/\/i0.wp.com\/eltrabajo.cl\/portal\/wp-content\/uploads\/2022\/08\/Ramon-Quiroga.jpg?resize=150%2C150&amp;ssl=1 150w, https:\/\/i0.wp.com\/eltrabajo.cl\/portal\/wp-content\/uploads\/2022\/08\/Ramon-Quiroga.jpg?resize=696%2C696&amp;ssl=1 696w\" sizes=\"auto, (max-width: 640px) 100vw, 640px\" \/><figcaption id=\"caption-attachment-116106\" class=\"wp-caption-text\">ASESINADO A PEDRADAS.- Ram\u00f3n de la Cruz Quiroga Hidalgo fue literalmente lapidado luego de recibir dos balazos en sus brazos.<\/figcaption><\/figure>\n","protected":false},"excerpt":{"rendered":"<p>Juzgado de Garant\u00eda de Los Andes: Sujetos con los que hab\u00eda bebido momentos antes terminaron asesin\u00e1ndolo a pedradas en la cabeza.- Este lunes 1 de agosto el Juzgado de Garant\u00eda de Los&#8230;<\/p>\n","protected":false},"author":482,"featured_media":116105,"comment_status":"closed","ping_status":"open","sticky":false,"template":"","format":"standard","meta":{"advanced_seo_description":"","jetpack_seo_html_title":"","jetpack_seo_noindex":false,"_jetpack_memberships_contains_paid_content":false,"footnotes":""},"categories":[97],"tags":[],"class_list":["post-116104","post","type-post","status-publish","format-standard","has-post-thumbnail","hentry","category-tribunales"],"jetpack_featured_media_url":"https:\/\/i0.wp.com\/eltrabajo.cl\/portal\/wp-content\/uploads\/2022\/08\/Ramon-Quiroga-imputados.jpg?fit=699%2C421&ssl=1","jetpack_sharing_enabled":true,"jetpack_likes_enabled":true,"jetpack-related-posts":[],"_links":{"self":[{"href":"https:\/\/eltrabajo.cl\/portal\/wp-json\/wp\/v2\/posts\/116104","targetHints":{"allow":["GET"]}}],"collection":[{"href":"https:\/\/eltrabajo.cl\/portal\/wp-json\/wp\/v2\/posts"}],"about":[{"href":"https:\/\/eltrabajo.cl\/portal\/wp-json\/wp\/v2\/types\/post"}],"author":[{"embeddable":true,"href":"https:\/\/eltrabajo.cl\/portal\/wp-json\/wp\/v2\/users\/482"}],"replies":[{"embeddable":true,"href":"https:\/\/eltrabajo.cl\/portal\/wp-json\/wp\/v2\/comments?post=116104"}],"version-history":[{"count":1,"href":"https:\/\/eltrabajo.cl\/portal\/wp-json\/wp\/v2\/posts\/116104\/revisions"}],"predecessor-version":[{"id":116107,"href":"https:\/\/eltrabajo.cl\/portal\/wp-json\/wp\/v2\/posts\/116104\/revisions\/116107"}],"wp:featuredmedia":[{"embeddable":true,"href":"https:\/\/eltrabajo.cl\/portal\/wp-json\/wp\/v2\/media\/116105"}],"wp:attachment":[{"href":"https:\/\/eltrabajo.cl\/portal\/wp-json\/wp\/v2\/media?parent=116104"}],"wp:term":[{"taxonomy":"category","embeddable":true,"href":"https:\/\/eltrabajo.cl\/portal\/wp-json\/wp\/v2\/categories?post=116104"},{"taxonomy":"post_tag","embeddable":true,"href":"https:\/\/eltrabajo.cl\/portal\/wp-json\/wp\/v2\/tags?post=116104"}],"curies":[{"name":"wp","href":"https:\/\/api.w.org\/{rel}","templated":true}]}}