{"id":11614,"date":"2011-12-09T08:46:26","date_gmt":"2011-12-09T12:46:26","guid":{"rendered":"http:\/\/www.eltrabajo.cl\/portal\/?p=11614"},"modified":"2011-12-09T08:46:26","modified_gmt":"2011-12-09T12:46:26","slug":"mujeres-emprendedoras-mostraron-el-trabajo-que-realizaron-durante-el-ano","status":"publish","type":"post","link":"https:\/\/eltrabajo.cl\/portal\/mujeres-emprendedoras-mostraron-el-trabajo-que-realizaron-durante-el-ano\/","title":{"rendered":"Mujeres emprendedoras mostraron el trabajo que realizaron durante el a\u00f1o"},"content":{"rendered":"<figure id=\"attachment_11617\" aria-describedby=\"caption-attachment-11617\" style=\"width: 600px\" class=\"wp-caption alignnone\"><a href=\"http:\/\/www.eltrabajo.cl\/portal\/archives\/11614\/dscf5674\" rel=\"attachment wp-att-11617\"><img data-recalc-dims=\"1\" loading=\"lazy\" decoding=\"async\" class=\"size-full wp-image-11617\" title=\"DSCF5674\" src=\"https:\/\/i0.wp.com\/www.eltrabajo.cl\/portal\/wp-content\/uploads\/2011\/12\/DSCF5674.jpg?resize=600%2C451\" alt=\"\" width=\"600\" height=\"451\" srcset=\"https:\/\/i0.wp.com\/eltrabajo.cl\/portal\/wp-content\/uploads\/2011\/12\/DSCF5674.jpg?w=600&amp;ssl=1 600w, https:\/\/i0.wp.com\/eltrabajo.cl\/portal\/wp-content\/uploads\/2011\/12\/DSCF5674.jpg?resize=200%2C150&amp;ssl=1 200w, https:\/\/i0.wp.com\/eltrabajo.cl\/portal\/wp-content\/uploads\/2011\/12\/DSCF5674.jpg?resize=300%2C225&amp;ssl=1 300w, https:\/\/i0.wp.com\/eltrabajo.cl\/portal\/wp-content\/uploads\/2011\/12\/DSCF5674.jpg?resize=150%2C112&amp;ssl=1 150w, https:\/\/i0.wp.com\/eltrabajo.cl\/portal\/wp-content\/uploads\/2011\/12\/DSCF5674.jpg?resize=400%2C300&amp;ssl=1 400w\" sizes=\"auto, (max-width: 600px) 100vw, 600px\" \/><\/a><figcaption id=\"caption-attachment-11617\" class=\"wp-caption-text\">Las mujeres participantes del programa mostraron sus emprendimientos.<\/figcaption><\/figure>\n<p>Las mujeres que fueron parte este a\u00f1o del programa \u2018Mejorando mi negocio\u2019, participaron este mi\u00e9rcoles de una feria de emprendimiento, una iniciativa que buscaba mostrar y ofrecer a la comunidad los productos que ellas comercializan.<\/p>\n<p>Las mujeres participantes del programa ten\u00edan distintos rubros en sus emprendimientos, tanto formales como informales, y la fundaci\u00f3n Prodemu las apoy\u00f3 a algunas para llegar a formalizar y a otras a hacer crecer su negocio.<\/p>\n<p>\u201cSe les entrega una peque\u00f1a subvenci\u00f3n, con lo que ellas compran materiales, y eso es lo que est\u00e1n en este minuto mostrando\u201d, se\u00f1al\u00f3 Heidi Serrat, directora provincial de la fundaci\u00f3n.<\/p>\n<p>Estas mujeres fueron capacitadas en distintos \u00e1mbitos, entre los que destacan capacitaci\u00f3n t\u00e9cnica en gesti\u00f3n y administraci\u00f3n de empresas, contabilidad, desarrollo personal y crecimiento organizacional. Luego pasaron a una etapa t\u00e9cnica y finalmente ellas tuvieron que presentar un plan de negocios, que fue aprobado por la fundaci\u00f3n y que les permiti\u00f3 que se les entregara la subvenci\u00f3n.<\/p>\n<p>\u201cAfortunadamente en esta provincia la subvenci\u00f3n es de 50 mil pesos y conseguimos que todos los municipios de esta provincia que tengan el programa \u2018Mejorando mi negocio\u2019, entregaran la misma cantidad, por eso las mujeres se van con una subvenci\u00f3n de 100 mil pesos\u201d, sostuvo la directora.<\/p>\n<p>Esta subvenci\u00f3n fue de gran ayuda para mujeres participantes, ya que les permiti\u00f3 mejorar sus emprendimientos, en base a su plan de negocios.<\/p>\n<p>\u201cHay se\u00f1oras que tienen miel e invirtieron en cajones, hay se\u00f1oras que compraron caballos para sus chacras, o sea cada una enfoca su negocio hacia donde quiere y nosotros las apoyamos con esta subvenci\u00f3n y en el plan de negocios\u201d, dijo Serrat.<\/p>\n<p>Este a\u00f1o se vieron favorecidas 100 mujeres, divididas en las comunas de Santa Mar\u00eda, Putaendo, San Felipe y Catemu, que fueron los lugares donde se dict\u00f3 el programa, a las cuales adem\u00e1s se les entreg\u00f3 tarjetas de presentaci\u00f3n, donde se indicaba cada uno de sus rubros para que puedan promocionar su emprendimiento.<\/p>\n<p>Debido al \u00e9xito que ha tenido el programa, esta es una de las iniciativas que contin\u00faa el pr\u00f3ximo a\u00f1o, por lo que por estos d\u00edas se est\u00e1 definiendo la cobertura.<\/p>\n<p>\u201cNo sabemos todav\u00eda cuanto vamos a tener en cada comuna, pero s\u00ed sabemos con exactitud que el programa \u2018Mejorando mi Negocio\u2019 contin\u00faa, porque es muy exitoso\u201d.<\/p>\n","protected":false},"excerpt":{"rendered":"<p>Las mujeres que fueron parte este a\u00f1o del programa \u2018Mejorando mi negocio\u2019, participaron este mi\u00e9rcoles de una feria de emprendimiento, una iniciativa que buscaba mostrar y ofrecer a la comunidad los productos&#8230;<\/p>\n","protected":false},"author":482,"featured_media":11615,"comment_status":"open","ping_status":"open","sticky":false,"template":"","format":"standard","meta":{"advanced_seo_description":"","jetpack_seo_html_title":"","jetpack_seo_noindex":false,"_jetpack_memberships_contains_paid_content":false,"footnotes":""},"categories":[1],"tags":[],"class_list":["post-11614","post","type-post","status-publish","format-standard","has-post-thumbnail","hentry","category-cronica"],"jetpack_featured_media_url":"https:\/\/i0.wp.com\/eltrabajo.cl\/portal\/wp-content\/uploads\/2011\/12\/DSCF5676.jpg?fit=600%2C491&ssl=1","jetpack_sharing_enabled":true,"jetpack_likes_enabled":true,"jetpack-related-posts":[],"_links":{"self":[{"href":"https:\/\/eltrabajo.cl\/portal\/wp-json\/wp\/v2\/posts\/11614","targetHints":{"allow":["GET"]}}],"collection":[{"href":"https:\/\/eltrabajo.cl\/portal\/wp-json\/wp\/v2\/posts"}],"about":[{"href":"https:\/\/eltrabajo.cl\/portal\/wp-json\/wp\/v2\/types\/post"}],"author":[{"embeddable":true,"href":"https:\/\/eltrabajo.cl\/portal\/wp-json\/wp\/v2\/users\/482"}],"replies":[{"embeddable":true,"href":"https:\/\/eltrabajo.cl\/portal\/wp-json\/wp\/v2\/comments?post=11614"}],"version-history":[{"count":0,"href":"https:\/\/eltrabajo.cl\/portal\/wp-json\/wp\/v2\/posts\/11614\/revisions"}],"wp:featuredmedia":[{"embeddable":true,"href":"https:\/\/eltrabajo.cl\/portal\/wp-json\/wp\/v2\/media\/11615"}],"wp:attachment":[{"href":"https:\/\/eltrabajo.cl\/portal\/wp-json\/wp\/v2\/media?parent=11614"}],"wp:term":[{"taxonomy":"category","embeddable":true,"href":"https:\/\/eltrabajo.cl\/portal\/wp-json\/wp\/v2\/categories?post=11614"},{"taxonomy":"post_tag","embeddable":true,"href":"https:\/\/eltrabajo.cl\/portal\/wp-json\/wp\/v2\/tags?post=11614"}],"curies":[{"name":"wp","href":"https:\/\/api.w.org\/{rel}","templated":true}]}}