{"id":116151,"date":"2022-08-04T07:55:38","date_gmt":"2022-08-04T11:55:38","guid":{"rendered":"https:\/\/eltrabajo.cl\/portal\/?p=116151"},"modified":"2022-08-03T23:52:39","modified_gmt":"2022-08-04T03:52:39","slug":"san-felipe-celebro-nuevo-aniversario-con-tradicional-desfile-en-plaza-de-armas","status":"publish","type":"post","link":"https:\/\/eltrabajo.cl\/portal\/san-felipe-celebro-nuevo-aniversario-con-tradicional-desfile-en-plaza-de-armas\/","title":{"rendered":"San Felipe celebr\u00f3 nuevo aniversario con tradicional desfile en Plaza de Armas"},"content":{"rendered":"<p style=\"text-align: left;\"><span style=\"color: #ff0000;\"><strong>Volvi\u00f3 la alegr\u00eda y el civismo al centro:<\/strong><\/span><\/p>\n<ul style=\"text-align: left;\">\n<li><strong>En la ocasi\u00f3n, la alcaldesa Carmen Castillo realiz\u00f3 una serie de anuncios en obras que se comenzar\u00e1n a ejecutar.-<\/strong><\/li>\n<\/ul>\n<p style=\"text-align: justify;\">M\u00e1s de mil personas se dieron cita en el principal paseo peatonal de nuestra ciudad para celebrar un nuevo aniversario de San Felipe. Son 282 a\u00f1os de vida que, tras dos a\u00f1os de pandemia, se celebraron con una sensaci\u00f3n especial de poder volver a juntarse para disfrutar de actividades cl\u00e1sicas, como lo es el tradicional desfile.<\/p>\n<p style=\"text-align: justify;\">En la oportunidad, la alcaldesa <strong>Carmen Castillo<\/strong> realiz\u00f3 una serie de anuncios sobre obras que se comenzar\u00e1n a ejecutar en nuestra ciudad. La edil se\u00f1al\u00f3 en su discurso que <em>\u00abdesde nuestro municipio hemos promovido espacios de participaci\u00f3n de procesos transformadores, as\u00ed como por ejemplo en el proyecto de remodelaci\u00f3n de nuestra Plaza de Armas, hemos promovido el di\u00e1logo respetuoso. <\/em><\/p>\n<p style=\"text-align: justify;\">\u00ab<em>Desde que asumimos, el derecho al agua y la vivienda han sido dos grandes temas que hemos puesto atenci\u00f3n, sin dejar de trabajar en otras tem\u00e1ticas que nos convocan\u00bb,<\/em> agreg\u00f3 la m\u00e1xima autoridad comunal.<\/p>\n<p style=\"text-align: justify;\">En su discurso, la alcaldesa Castillo adem\u00e1s sostuvo que <em>\u00aben materia habitacional, el trabajo coordinado con Serviu y los comit\u00e9s de la comuna por medio de una mesa de vivienda, permiti\u00f3 que a la fecha podemos actuar oportunamente al plan de vivienda anunciado por el gobierno, sino que tambi\u00e9n, ha servido para planificar con seriedad y responsabilidad en el estudio de terreno.<\/em><\/p>\n<p style=\"text-align: justify;\">\u00ab<em>Hemos sido rigurosos y responsables con el trabajo de informar sobre nuestras gestiones, nuestra pol\u00edtica siempre ser\u00e1 comunicar en base a las certezas. Y es por eso que queremos, desde esas perspectivas, nos llena de satisfacci\u00f3n el inicio de obras en avenida Pedro de Valdivia, a la vez, dentro de las pr\u00f3ximas semanas comenzaremos el recambio de luminarias en las alamedas O\u00b4Higgins, Yungay y Chacabuco\u00bb,<\/em> a\u00f1adi\u00f3 la edil.<\/p>\n<p style=\"text-align: justify;\">En el \u00e1mbito deportivo, la alcaldesa destac\u00f3 los proyectos de remodelaci\u00f3n del estadio fiscal y las mejoras en diferentes gimnasios de la comuna. Adem\u00e1s de <em>\u00abun anhelado proyecto del f\u00fatbol amateur, la construcci\u00f3n de camarines y ba\u00f1os en el complejo ANFA\u00bb,<\/em> dijo Castillo.<\/p>\n<p style=\"text-align: justify;\">En salud, y tras la visita protocolar que realiz\u00f3 la directora del Servicio de Salud Aconcagua, <strong>Susan Porras<\/strong>, se dio a conocer la noticia que <em>\u00aben estos momentos, podemos decir que se est\u00e1n licitando los proyectos del Cesfam de Curim\u00f3n y el anhelado Servicio de Alta Resolutividad para el Cesfam Segismundo Iturra\u00bb.<\/em><\/p>\n<p style=\"text-align: justify;\">Finalmente, la alcaldesa Carmen Castillo adem\u00e1s anunci\u00f3 la reposici\u00f3n de veredas en calles del centro de la ciudad, como Portus, Santo Domingo y Freire, por citar algunas. Anuncios m\u00e1s importantes dentro del discurso de la edil, en el marco de un nuevo aniversario de nuestra tres veces heroica ciudad de San Felipe.<\/p>\n<figure id=\"attachment_116155\" aria-describedby=\"caption-attachment-116155\" style=\"width: 698px\" class=\"wp-caption alignnone\"><img data-recalc-dims=\"1\" loading=\"lazy\" decoding=\"async\" class=\"size-full wp-image-116155\" src=\"https:\/\/i0.wp.com\/eltrabajo.cl\/portal\/wp-content\/uploads\/2022\/08\/aniversario-6.jpg?resize=640%2C480&#038;ssl=1\" alt=\"Docentes se lucieron desfilando junto a sus estudiantes. \" width=\"640\" height=\"480\" srcset=\"https:\/\/i0.wp.com\/eltrabajo.cl\/portal\/wp-content\/uploads\/2022\/08\/aniversario-6.jpg?w=698&amp;ssl=1 698w, https:\/\/i0.wp.com\/eltrabajo.cl\/portal\/wp-content\/uploads\/2022\/08\/aniversario-6.jpg?resize=300%2C225&amp;ssl=1 300w, https:\/\/i0.wp.com\/eltrabajo.cl\/portal\/wp-content\/uploads\/2022\/08\/aniversario-6.jpg?resize=200%2C150&amp;ssl=1 200w, https:\/\/i0.wp.com\/eltrabajo.cl\/portal\/wp-content\/uploads\/2022\/08\/aniversario-6.jpg?resize=696%2C522&amp;ssl=1 696w\" sizes=\"auto, (max-width: 640px) 100vw, 640px\" \/><figcaption id=\"caption-attachment-116155\" class=\"wp-caption-text\">Docentes se lucieron desfilando junto a sus estudiantes.<\/figcaption><\/figure>\n<figure id=\"attachment_116156\" aria-describedby=\"caption-attachment-116156\" style=\"width: 699px\" class=\"wp-caption alignnone\"><img data-recalc-dims=\"1\" loading=\"lazy\" decoding=\"async\" class=\"size-full wp-image-116156\" src=\"https:\/\/i0.wp.com\/eltrabajo.cl\/portal\/wp-content\/uploads\/2022\/08\/aniversario-8.jpg?resize=640%2C581&#038;ssl=1\" alt=\"Distintas delegaciones de los establecimientos de la comuna desfilaron frente a las autoridades. \" width=\"640\" height=\"581\" srcset=\"https:\/\/i0.wp.com\/eltrabajo.cl\/portal\/wp-content\/uploads\/2022\/08\/aniversario-8.jpg?w=699&amp;ssl=1 699w, https:\/\/i0.wp.com\/eltrabajo.cl\/portal\/wp-content\/uploads\/2022\/08\/aniversario-8.jpg?resize=300%2C273&amp;ssl=1 300w, https:\/\/i0.wp.com\/eltrabajo.cl\/portal\/wp-content\/uploads\/2022\/08\/aniversario-8.jpg?resize=165%2C150&amp;ssl=1 165w, https:\/\/i0.wp.com\/eltrabajo.cl\/portal\/wp-content\/uploads\/2022\/08\/aniversario-8.jpg?resize=696%2C632&amp;ssl=1 696w\" sizes=\"auto, (max-width: 640px) 100vw, 640px\" \/><figcaption id=\"caption-attachment-116156\" class=\"wp-caption-text\">Distintas delegaciones de los establecimientos de la comuna desfilaron frente a las autoridades.<\/figcaption><\/figure>\n<figure id=\"attachment_116154\" aria-describedby=\"caption-attachment-116154\" style=\"width: 698px\" class=\"wp-caption alignnone\"><img data-recalc-dims=\"1\" loading=\"lazy\" decoding=\"async\" class=\"size-full wp-image-116154\" src=\"https:\/\/i0.wp.com\/eltrabajo.cl\/portal\/wp-content\/uploads\/2022\/08\/aniversario-4.jpg?resize=640%2C343&#038;ssl=1\" alt=\"Delegaci\u00f3n del destacamento N\u00b0 3 Yungay del Ej\u00e9rcito de Chile, rindi\u00f3 homenaje a la ciudad. \" width=\"640\" height=\"343\" srcset=\"https:\/\/i0.wp.com\/eltrabajo.cl\/portal\/wp-content\/uploads\/2022\/08\/aniversario-4.jpg?w=698&amp;ssl=1 698w, https:\/\/i0.wp.com\/eltrabajo.cl\/portal\/wp-content\/uploads\/2022\/08\/aniversario-4.jpg?resize=300%2C161&amp;ssl=1 300w, https:\/\/i0.wp.com\/eltrabajo.cl\/portal\/wp-content\/uploads\/2022\/08\/aniversario-4.jpg?resize=200%2C107&amp;ssl=1 200w, https:\/\/i0.wp.com\/eltrabajo.cl\/portal\/wp-content\/uploads\/2022\/08\/aniversario-4.jpg?resize=696%2C373&amp;ssl=1 696w\" sizes=\"auto, (max-width: 640px) 100vw, 640px\" \/><figcaption id=\"caption-attachment-116154\" class=\"wp-caption-text\">Delegaci\u00f3n del destacamento N\u00b0 3 Yungay del Ej\u00e9rcito de Chile, rindi\u00f3 homenaje a la ciudad.<\/figcaption><\/figure>\n<figure id=\"attachment_116153\" aria-describedby=\"caption-attachment-116153\" style=\"width: 699px\" class=\"wp-caption alignnone\"><img data-recalc-dims=\"1\" loading=\"lazy\" decoding=\"async\" class=\"size-full wp-image-116153\" src=\"https:\/\/i0.wp.com\/eltrabajo.cl\/portal\/wp-content\/uploads\/2022\/08\/aniversario-3.jpg?resize=640%2C419&#038;ssl=1\" alt=\"Grupos folcl\u00f3ricos de la comuna bailaron tres pies de cueca para dar el vamos al desfile. \" width=\"640\" height=\"419\" srcset=\"https:\/\/i0.wp.com\/eltrabajo.cl\/portal\/wp-content\/uploads\/2022\/08\/aniversario-3.jpg?w=699&amp;ssl=1 699w, https:\/\/i0.wp.com\/eltrabajo.cl\/portal\/wp-content\/uploads\/2022\/08\/aniversario-3.jpg?resize=300%2C197&amp;ssl=1 300w, https:\/\/i0.wp.com\/eltrabajo.cl\/portal\/wp-content\/uploads\/2022\/08\/aniversario-3.jpg?resize=200%2C131&amp;ssl=1 200w, https:\/\/i0.wp.com\/eltrabajo.cl\/portal\/wp-content\/uploads\/2022\/08\/aniversario-3.jpg?resize=696%2C456&amp;ssl=1 696w\" sizes=\"auto, (max-width: 640px) 100vw, 640px\" \/><figcaption id=\"caption-attachment-116153\" class=\"wp-caption-text\">Grupos folcl\u00f3ricos de la comuna bailaron tres pies de cueca para dar el vamos al desfile.<\/figcaption><\/figure>\n<figure id=\"attachment_116157\" aria-describedby=\"caption-attachment-116157\" style=\"width: 699px\" class=\"wp-caption alignnone\"><img data-recalc-dims=\"1\" loading=\"lazy\" decoding=\"async\" class=\"size-full wp-image-116157\" src=\"https:\/\/i0.wp.com\/eltrabajo.cl\/portal\/wp-content\/uploads\/2022\/08\/aniversario-9.jpg?resize=640%2C477&#038;ssl=1\" alt=\"Como todos los a\u00f1os, los motoqueros se hicieron presente en el desfile.\" width=\"640\" height=\"477\" srcset=\"https:\/\/i0.wp.com\/eltrabajo.cl\/portal\/wp-content\/uploads\/2022\/08\/aniversario-9.jpg?w=699&amp;ssl=1 699w, https:\/\/i0.wp.com\/eltrabajo.cl\/portal\/wp-content\/uploads\/2022\/08\/aniversario-9.jpg?resize=300%2C224&amp;ssl=1 300w, https:\/\/i0.wp.com\/eltrabajo.cl\/portal\/wp-content\/uploads\/2022\/08\/aniversario-9.jpg?resize=200%2C150&amp;ssl=1 200w, https:\/\/i0.wp.com\/eltrabajo.cl\/portal\/wp-content\/uploads\/2022\/08\/aniversario-9.jpg?resize=485%2C360&amp;ssl=1 485w, https:\/\/i0.wp.com\/eltrabajo.cl\/portal\/wp-content\/uploads\/2022\/08\/aniversario-9.jpg?resize=696%2C519&amp;ssl=1 696w\" sizes=\"auto, (max-width: 640px) 100vw, 640px\" \/><figcaption id=\"caption-attachment-116157\" class=\"wp-caption-text\">Como todos los a\u00f1os, los motoqueros se hicieron presente en el desfile.<\/figcaption><\/figure>\n<figure id=\"attachment_116152\" aria-describedby=\"caption-attachment-116152\" style=\"width: 699px\" class=\"wp-caption alignnone\"><img data-recalc-dims=\"1\" loading=\"lazy\" decoding=\"async\" class=\"size-full wp-image-116152\" src=\"https:\/\/i0.wp.com\/eltrabajo.cl\/portal\/wp-content\/uploads\/2022\/08\/aniversario-2.jpg?resize=640%2C403&#038;ssl=1\" alt=\"Diputada Mar\u00eda Francisca Bello y el diputado Nelson Venegas, entregaron un presente a la alcaldesa Carmen Castillo. \" width=\"640\" height=\"403\" srcset=\"https:\/\/i0.wp.com\/eltrabajo.cl\/portal\/wp-content\/uploads\/2022\/08\/aniversario-2.jpg?w=699&amp;ssl=1 699w, https:\/\/i0.wp.com\/eltrabajo.cl\/portal\/wp-content\/uploads\/2022\/08\/aniversario-2.jpg?resize=300%2C189&amp;ssl=1 300w, https:\/\/i0.wp.com\/eltrabajo.cl\/portal\/wp-content\/uploads\/2022\/08\/aniversario-2.jpg?resize=200%2C126&amp;ssl=1 200w, https:\/\/i0.wp.com\/eltrabajo.cl\/portal\/wp-content\/uploads\/2022\/08\/aniversario-2.jpg?resize=696%2C438&amp;ssl=1 696w\" sizes=\"auto, (max-width: 640px) 100vw, 640px\" \/><figcaption id=\"caption-attachment-116152\" class=\"wp-caption-text\">Diputada Mar\u00eda Francisca Bello y el diputado Nelson Venegas, entregaron un presente a la alcaldesa Carmen Castillo.<\/figcaption><\/figure>\n","protected":false},"excerpt":{"rendered":"<p>Volvi\u00f3 la alegr\u00eda y el civismo al centro: En la ocasi\u00f3n, la alcaldesa Carmen Castillo realiz\u00f3 una serie de anuncios en obras que se comenzar\u00e1n a ejecutar.- M\u00e1s de mil personas se&#8230;<\/p>\n","protected":false},"author":482,"featured_media":116155,"comment_status":"closed","ping_status":"open","sticky":false,"template":"","format":"standard","meta":{"advanced_seo_description":"","jetpack_seo_html_title":"","jetpack_seo_noindex":false,"_jetpack_memberships_contains_paid_content":false,"footnotes":""},"categories":[15],"tags":[],"class_list":["post-116151","post","type-post","status-publish","format-standard","has-post-thumbnail","hentry","category-comunidad"],"jetpack_featured_media_url":"https:\/\/i0.wp.com\/eltrabajo.cl\/portal\/wp-content\/uploads\/2022\/08\/aniversario-6.jpg?fit=698%2C524&ssl=1","jetpack_sharing_enabled":true,"jetpack_likes_enabled":true,"jetpack-related-posts":[],"_links":{"self":[{"href":"https:\/\/eltrabajo.cl\/portal\/wp-json\/wp\/v2\/posts\/116151","targetHints":{"allow":["GET"]}}],"collection":[{"href":"https:\/\/eltrabajo.cl\/portal\/wp-json\/wp\/v2\/posts"}],"about":[{"href":"https:\/\/eltrabajo.cl\/portal\/wp-json\/wp\/v2\/types\/post"}],"author":[{"embeddable":true,"href":"https:\/\/eltrabajo.cl\/portal\/wp-json\/wp\/v2\/users\/482"}],"replies":[{"embeddable":true,"href":"https:\/\/eltrabajo.cl\/portal\/wp-json\/wp\/v2\/comments?post=116151"}],"version-history":[{"count":1,"href":"https:\/\/eltrabajo.cl\/portal\/wp-json\/wp\/v2\/posts\/116151\/revisions"}],"predecessor-version":[{"id":116158,"href":"https:\/\/eltrabajo.cl\/portal\/wp-json\/wp\/v2\/posts\/116151\/revisions\/116158"}],"wp:featuredmedia":[{"embeddable":true,"href":"https:\/\/eltrabajo.cl\/portal\/wp-json\/wp\/v2\/media\/116155"}],"wp:attachment":[{"href":"https:\/\/eltrabajo.cl\/portal\/wp-json\/wp\/v2\/media?parent=116151"}],"wp:term":[{"taxonomy":"category","embeddable":true,"href":"https:\/\/eltrabajo.cl\/portal\/wp-json\/wp\/v2\/categories?post=116151"},{"taxonomy":"post_tag","embeddable":true,"href":"https:\/\/eltrabajo.cl\/portal\/wp-json\/wp\/v2\/tags?post=116151"}],"curies":[{"name":"wp","href":"https:\/\/api.w.org\/{rel}","templated":true}]}}