{"id":116173,"date":"2022-08-05T07:35:43","date_gmt":"2022-08-05T11:35:43","guid":{"rendered":"https:\/\/eltrabajo.cl\/portal\/?p=116173"},"modified":"2022-08-04T23:36:43","modified_gmt":"2022-08-05T03:36:43","slug":"trasandino-debera-jugarse-todo-para-seguir-con-vida-en-la-lucha-grande","status":"publish","type":"post","link":"https:\/\/eltrabajo.cl\/portal\/trasandino-debera-jugarse-todo-para-seguir-con-vida-en-la-lucha-grande\/","title":{"rendered":"Trasandino deber\u00e1 jugarse todo para seguir con vida en la lucha grande"},"content":{"rendered":"<p style=\"text-align: justify;\">Sin el m\u00e1s m\u00ednimo margen para errar y con mucha presi\u00f3n de por medio, Trasandino jugar\u00e1 este s\u00e1bado otro partido de seis puntos, cuando en el estadio Regional de Los Andes reciba la visita de San Antonio Unido.<\/p>\n<p style=\"text-align: justify;\">El pleito contra el conjunto costero fue programado para las cuatro de la tarde, siendo uno de los tres que contempla la jornada sabatina de la competencia de bronce del f\u00fatbol profesional chileno, que durante las pr\u00f3ximas 48 horas vivir\u00e1 de manera \u00edntegra su fecha n\u00famero 16.<\/p>\n<p style=\"text-align: justify;\"><strong>Programaci\u00f3n fecha 16\u00ba<\/strong><\/p>\n<p style=\"text-align: justify;\">S\u00e1bado 6 de agosto<\/p>\n<p style=\"text-align: justify;\">15:30 Deportes Valdivia \u2013 Deportes Limache<\/p>\n<p style=\"text-align: justify;\">16:00 Rodelindo \u2013 San Marcos de Arica<\/p>\n<p style=\"text-align: justify;\">16:00 Trasandino \u2013 San Antonio Unido<\/p>\n<p style=\"text-align: justify;\">Domingo 7 de agosto<\/p>\n<p style=\"text-align: justify;\">15:00 Lautaro de Buin \u2013 Iberia<\/p>\n<p style=\"text-align: justify;\">15:00 Independiente de Cauquenes \u2013 Real San Joaqu\u00edn<\/p>\n<p style=\"text-align: justify;\">16:00 Deportes Concepci\u00f3n \u2013 General Vel\u00e1squez<\/p>\n<p style=\"text-align: justify;\">Tabla de Posiciones<\/p>\n<p style=\"text-align: justify;\">Lugar\u00a0 Ptos.<\/p>\n<p style=\"text-align: justify;\">San Marcos \u00a0\u00a0 29<\/p>\n<p style=\"text-align: justify;\">Gral Vel\u00e1squez \u00a0\u00a0\u00a0\u00a0\u00a0\u00a0\u00a0\u00a0 26<\/p>\n<p style=\"text-align: justify;\">Trasandino \u00a0\u00a0 23<\/p>\n<p style=\"text-align: justify;\">Valdivia \u00a0\u00a0\u00a0\u00a0\u00a0\u00a0\u00a0\u00a0 23<\/p>\n<p style=\"text-align: justify;\">Iberia 21<\/p>\n<p style=\"text-align: justify;\">Concepci\u00f3n \u00a0\u00a0 20<\/p>\n<p style=\"text-align: justify;\">San Antonio \u00a0 20<\/p>\n<p style=\"text-align: justify;\">Rodelindo \u00a0\u00a0\u00a0\u00a0 19<\/p>\n<p style=\"text-align: justify;\">Real Sn Joaqu\u00edn \u00a0\u00a0\u00a0\u00a0\u00a0 19<\/p>\n<p style=\"text-align: justify;\">Limache \u00a0\u00a0\u00a0\u00a0\u00a0\u00a0\u00a0 17<\/p>\n<p style=\"text-align: justify;\">Lautaro \u00a0\u00a0\u00a0\u00a0\u00a0\u00a0\u00a0\u00a0 16<\/p>\n<p style=\"text-align: justify;\">Independiente \u00a0\u00a0\u00a0\u00a0\u00a0\u00a0\u00a0\u00a0 14<\/p>\n<figure id=\"attachment_116174\" aria-describedby=\"caption-attachment-116174\" style=\"width: 699px\" class=\"wp-caption alignnone\"><img data-recalc-dims=\"1\" loading=\"lazy\" decoding=\"async\" class=\"size-full wp-image-116174\" src=\"https:\/\/i0.wp.com\/eltrabajo.cl\/portal\/wp-content\/uploads\/2022\/08\/Trasandino.jpg?resize=640%2C582&#038;ssl=1\" alt=\"Los andinos est\u00e1n obligados a ganar para poder seguir aspirando al ascenso a la Primera B.\" width=\"640\" height=\"582\" srcset=\"https:\/\/i0.wp.com\/eltrabajo.cl\/portal\/wp-content\/uploads\/2022\/08\/Trasandino.jpg?w=699&amp;ssl=1 699w, https:\/\/i0.wp.com\/eltrabajo.cl\/portal\/wp-content\/uploads\/2022\/08\/Trasandino.jpg?resize=300%2C273&amp;ssl=1 300w, https:\/\/i0.wp.com\/eltrabajo.cl\/portal\/wp-content\/uploads\/2022\/08\/Trasandino.jpg?resize=165%2C150&amp;ssl=1 165w, https:\/\/i0.wp.com\/eltrabajo.cl\/portal\/wp-content\/uploads\/2022\/08\/Trasandino.jpg?resize=696%2C633&amp;ssl=1 696w\" sizes=\"auto, (max-width: 640px) 100vw, 640px\" \/><figcaption id=\"caption-attachment-116174\" class=\"wp-caption-text\">Los andinos est\u00e1n obligados a ganar para poder seguir aspirando al ascenso a la Primera B.<\/figcaption><\/figure>\n","protected":false},"excerpt":{"rendered":"<p>Sin el m\u00e1s m\u00ednimo margen para errar y con mucha presi\u00f3n de por medio, Trasandino jugar\u00e1 este s\u00e1bado otro partido de seis puntos, cuando en el estadio Regional de Los Andes reciba&#8230;<\/p>\n","protected":false},"author":482,"featured_media":116174,"comment_status":"closed","ping_status":"open","sticky":false,"template":"","format":"standard","meta":{"advanced_seo_description":"","jetpack_seo_html_title":"","jetpack_seo_noindex":false,"_jetpack_memberships_contains_paid_content":false,"footnotes":""},"categories":[19],"tags":[],"class_list":["post-116173","post","type-post","status-publish","format-standard","has-post-thumbnail","hentry","category-deportes"],"jetpack_featured_media_url":"https:\/\/i0.wp.com\/eltrabajo.cl\/portal\/wp-content\/uploads\/2022\/08\/Trasandino.jpg?fit=699%2C636&ssl=1","jetpack_sharing_enabled":true,"jetpack_likes_enabled":true,"jetpack-related-posts":[],"_links":{"self":[{"href":"https:\/\/eltrabajo.cl\/portal\/wp-json\/wp\/v2\/posts\/116173","targetHints":{"allow":["GET"]}}],"collection":[{"href":"https:\/\/eltrabajo.cl\/portal\/wp-json\/wp\/v2\/posts"}],"about":[{"href":"https:\/\/eltrabajo.cl\/portal\/wp-json\/wp\/v2\/types\/post"}],"author":[{"embeddable":true,"href":"https:\/\/eltrabajo.cl\/portal\/wp-json\/wp\/v2\/users\/482"}],"replies":[{"embeddable":true,"href":"https:\/\/eltrabajo.cl\/portal\/wp-json\/wp\/v2\/comments?post=116173"}],"version-history":[{"count":1,"href":"https:\/\/eltrabajo.cl\/portal\/wp-json\/wp\/v2\/posts\/116173\/revisions"}],"predecessor-version":[{"id":116175,"href":"https:\/\/eltrabajo.cl\/portal\/wp-json\/wp\/v2\/posts\/116173\/revisions\/116175"}],"wp:featuredmedia":[{"embeddable":true,"href":"https:\/\/eltrabajo.cl\/portal\/wp-json\/wp\/v2\/media\/116174"}],"wp:attachment":[{"href":"https:\/\/eltrabajo.cl\/portal\/wp-json\/wp\/v2\/media?parent=116173"}],"wp:term":[{"taxonomy":"category","embeddable":true,"href":"https:\/\/eltrabajo.cl\/portal\/wp-json\/wp\/v2\/categories?post=116173"},{"taxonomy":"post_tag","embeddable":true,"href":"https:\/\/eltrabajo.cl\/portal\/wp-json\/wp\/v2\/tags?post=116173"}],"curies":[{"name":"wp","href":"https:\/\/api.w.org\/{rel}","templated":true}]}}