{"id":116203,"date":"2022-08-08T07:30:17","date_gmt":"2022-08-08T11:30:17","guid":{"rendered":"https:\/\/eltrabajo.cl\/portal\/?p=116203"},"modified":"2022-08-07T22:21:23","modified_gmt":"2022-08-08T02:21:23","slug":"mas-de-1-300-millones-para-continuar-programa-de-empleo-en-la-region","status":"publish","type":"post","link":"https:\/\/eltrabajo.cl\/portal\/mas-de-1-300-millones-para-continuar-programa-de-empleo-en-la-region\/","title":{"rendered":"M\u00e1s de $1.300 millones para continuar programa de empleo en la regi\u00f3n"},"content":{"rendered":"<p style=\"text-align: left;\"><span style=\"color: #ff0000;\"><strong>Traspasar\u00e1 el Gobierno Regional a la Subsecretar\u00eda del Trabajo:<\/strong><\/span><\/p>\n<p style=\"text-align: justify;\">M\u00e1s de 1.300 millones de pesos traspasar\u00e1 el Gobierno Regional de Valpara\u00edso para dar continuidad al programa Pro Empleo, que beneficiar\u00e1 a 679 personas de la regi\u00f3n. La iniciativa fue aprobada por el pleno del Consejo Regional en la sesi\u00f3n de este jueves 4 de agosto.<\/p>\n<p style=\"text-align: justify;\">El gobernador regional, <strong>Rodrigo Mundaca<\/strong>, se\u00f1al\u00f3 que <em>\u00abestamos muy conformes con esta votaci\u00f3n en el pleno del d\u00eda de hoy, que permite darle continuidad a este programa Pro-Empleo que incluye a 679 trabajadoras y trabajadores de siete provincias continentales. Este pleno de hoy cumple precisamente con poder darle continuidad a este programa por m\u00e1s de 1.300 millones de pesos; y eso da cuenta del compromiso que tiene este Gobierno Regional y este cuerpo colegiado de consejeras y consejeros de colocar en la centralidad el trabajo como una de las herramientas m\u00e1s importantes para poder continuar adelante en un escenario de pandemia y de tantas dificultades\u00bb.<\/em><\/p>\n<p style=\"text-align: justify;\">El programa contempla la extensi\u00f3n por seis meses de los puestos de trabajo que se encuentran en curso en todas las comunas de siete provincias de la regi\u00f3n, con exclusi\u00f3n de Rapa Nui, cuyo traspaso de recursos, para la continuidad del programa con 800 cupos laborales, fue aprobado a principios del mes de julio. A esto se suma la ejecuci\u00f3n de cerca de 4 mil millones de pesos para continuidad de programa de empleo enfocado en mujeres de la regi\u00f3n.<\/p>\n<p style=\"text-align: justify;\">Todas estas iniciativas priorizadas por el gobernador regional con el apoyo y aprobaci\u00f3n del Consejo Regional para el traspaso de recursos enfocados en programas que entregan empleabilidad, se enmarca en el compromiso del Gobierno Regional de entregar aportes concretos para la generaci\u00f3n de empleos en la regi\u00f3n de Valpara\u00edso.<\/p>\n<p style=\"text-align: justify;\">Esta extensi\u00f3n y recursos aprobados este jueves, est\u00e1n dirigidos a quienes ya se encontraban en el programa, como una forma de dar continuidad al proceso, a trav\u00e9s de trabajos de media o jornada completa. Los fondos aprobados con cargo al programa 02 de Inversi\u00f3n Regional son traspasados a la Subsecretar\u00eda del Trabajo para su ejecuci\u00f3n.<\/p>\n<figure id=\"attachment_116204\" aria-describedby=\"caption-attachment-116204\" style=\"width: 699px\" class=\"wp-caption alignnone\"><img data-recalc-dims=\"1\" loading=\"lazy\" decoding=\"async\" class=\"size-full wp-image-116204\" src=\"https:\/\/i0.wp.com\/eltrabajo.cl\/portal\/wp-content\/uploads\/2022\/08\/pleno-4-de-agosto.jpg?resize=640%2C427&#038;ssl=1\" alt=\"La iniciativa fue aprobada por el pleno del Consejo Regional en la sesi\u00f3n de este jueves 4 de agosto.\" width=\"640\" height=\"427\" srcset=\"https:\/\/i0.wp.com\/eltrabajo.cl\/portal\/wp-content\/uploads\/2022\/08\/pleno-4-de-agosto.jpg?w=699&amp;ssl=1 699w, https:\/\/i0.wp.com\/eltrabajo.cl\/portal\/wp-content\/uploads\/2022\/08\/pleno-4-de-agosto.jpg?resize=300%2C200&amp;ssl=1 300w, https:\/\/i0.wp.com\/eltrabajo.cl\/portal\/wp-content\/uploads\/2022\/08\/pleno-4-de-agosto.jpg?resize=200%2C133&amp;ssl=1 200w, https:\/\/i0.wp.com\/eltrabajo.cl\/portal\/wp-content\/uploads\/2022\/08\/pleno-4-de-agosto.jpg?resize=696%2C464&amp;ssl=1 696w\" sizes=\"auto, (max-width: 640px) 100vw, 640px\" \/><figcaption id=\"caption-attachment-116204\" class=\"wp-caption-text\">La iniciativa fue aprobada por el pleno del Consejo Regional en la sesi\u00f3n de este jueves 4 de agosto.<\/figcaption><\/figure>\n","protected":false},"excerpt":{"rendered":"<p>Traspasar\u00e1 el Gobierno Regional a la Subsecretar\u00eda del Trabajo: M\u00e1s de 1.300 millones de pesos traspasar\u00e1 el Gobierno Regional de Valpara\u00edso para dar continuidad al programa Pro Empleo, que beneficiar\u00e1 a 679&#8230;<\/p>\n","protected":false},"author":482,"featured_media":116204,"comment_status":"closed","ping_status":"open","sticky":false,"template":"","format":"standard","meta":{"advanced_seo_description":"","jetpack_seo_html_title":"","jetpack_seo_noindex":false,"_jetpack_memberships_contains_paid_content":false,"footnotes":""},"categories":[103],"tags":[],"class_list":["post-116203","post","type-post","status-publish","format-standard","has-post-thumbnail","hentry","category-cronica-2"],"jetpack_featured_media_url":"https:\/\/i0.wp.com\/eltrabajo.cl\/portal\/wp-content\/uploads\/2022\/08\/pleno-4-de-agosto.jpg?fit=699%2C466&ssl=1","jetpack_sharing_enabled":true,"jetpack_likes_enabled":true,"jetpack-related-posts":[],"_links":{"self":[{"href":"https:\/\/eltrabajo.cl\/portal\/wp-json\/wp\/v2\/posts\/116203","targetHints":{"allow":["GET"]}}],"collection":[{"href":"https:\/\/eltrabajo.cl\/portal\/wp-json\/wp\/v2\/posts"}],"about":[{"href":"https:\/\/eltrabajo.cl\/portal\/wp-json\/wp\/v2\/types\/post"}],"author":[{"embeddable":true,"href":"https:\/\/eltrabajo.cl\/portal\/wp-json\/wp\/v2\/users\/482"}],"replies":[{"embeddable":true,"href":"https:\/\/eltrabajo.cl\/portal\/wp-json\/wp\/v2\/comments?post=116203"}],"version-history":[{"count":1,"href":"https:\/\/eltrabajo.cl\/portal\/wp-json\/wp\/v2\/posts\/116203\/revisions"}],"predecessor-version":[{"id":116205,"href":"https:\/\/eltrabajo.cl\/portal\/wp-json\/wp\/v2\/posts\/116203\/revisions\/116205"}],"wp:featuredmedia":[{"embeddable":true,"href":"https:\/\/eltrabajo.cl\/portal\/wp-json\/wp\/v2\/media\/116204"}],"wp:attachment":[{"href":"https:\/\/eltrabajo.cl\/portal\/wp-json\/wp\/v2\/media?parent=116203"}],"wp:term":[{"taxonomy":"category","embeddable":true,"href":"https:\/\/eltrabajo.cl\/portal\/wp-json\/wp\/v2\/categories?post=116203"},{"taxonomy":"post_tag","embeddable":true,"href":"https:\/\/eltrabajo.cl\/portal\/wp-json\/wp\/v2\/tags?post=116203"}],"curies":[{"name":"wp","href":"https:\/\/api.w.org\/{rel}","templated":true}]}}