{"id":116206,"date":"2022-08-08T07:40:48","date_gmt":"2022-08-08T11:40:48","guid":{"rendered":"https:\/\/eltrabajo.cl\/portal\/?p=116206"},"modified":"2022-08-07T22:24:41","modified_gmt":"2022-08-08T02:24:41","slug":"inauguran-parque-de-18-mil-metros-cuadrados-para-el-sector-9-de-llay-llay","status":"publish","type":"post","link":"https:\/\/eltrabajo.cl\/portal\/inauguran-parque-de-18-mil-metros-cuadrados-para-el-sector-9-de-llay-llay\/","title":{"rendered":"Inauguran parque de 18 mil metros cuadrados para el sector 9 de Llay Llay"},"content":{"rendered":"<ul style=\"text-align: justify;\">\n<li style=\"text-align: left;\"><strong> Iniciativa trasform\u00f3 lugares que por a\u00f1os estuvieron abandonados, dot\u00e1ndolos de skatepark, dos multicanchas, juegos infantiles y equipamiento urbano de primer nivel.-<\/strong><\/li>\n<\/ul>\n<p style=\"text-align: justify;\">Felices se encuentran los vecinos del Sector 9 de Llay Llay, luego de la inauguraci\u00f3n del nuevo parque emplazado en su sector. Tras a\u00f1os de trabajo entre la comunidad, el municipio y el Ministerio de Vivienda, se logr\u00f3 concretar este sue\u00f1o que buscaba mejorar espacios p\u00fablicos que se encontraban en muy mal estado. En la actividad participaron autoridades regionales, concejales, consejeros regionales y dirigentes y vecinos del sector.<\/p>\n<p style=\"text-align: justify;\">Finalmente, el parque ya es una realidad y cuenta con una superficie de 18 mil metros cuadrados, que incluye skatepark, dos multicanchas, variados juegos infantiles y equipamiento urbano de primer nivel, mejorando sustancialmente la calidad de vida de los m\u00e1s de nueve mil habitantes del sector, independiente de su edad.<\/p>\n<p style=\"text-align: justify;\">\u00ab<em>Estamos felices con la inauguraci\u00f3n, nos hac\u00eda falta para comenzar a hacer actividades y ver que los ni\u00f1os est\u00e1n participando, disfrutando de este nuevo espacio, como los Scout y otras organizaciones. Queremos agradecer al se\u00f1or alcalde, al municipio y a todos sus trabajadores, que nos apoyaron con este proyecto y al sector 9\u00bb,<\/em> se\u00f1al\u00f3 <strong>Br\u00edgida Brice\u00f1o<\/strong>, presidenta de la Junta de Vecinos de Morand\u00e9.<\/p>\n<p style=\"text-align: justify;\">Por su parte, el alcalde <strong>Edgardo Gonz\u00e1lez Arancibia<\/strong>, expres\u00f3 que <em>\u00abpara nosotros se cumple un sue\u00f1o, estamos muy felices por esta obra que se logr\u00f3 en conjunto con la Mesa de Trabajo del Sector 9, con Servicio Pa\u00eds, con el Ministerio de Vivienda a trav\u00e9s de la Seremi, con el Serviu. La verdad es que fue un trabajo colectivo, que entreg\u00f3 una inversi\u00f3n significativa, pero m\u00e1s que cifras este parque entrega dignidad y calidad de vida, con espacios m\u00e1s seguros e iluminados, que en comunidad podemos ganar estos espacios para la familia, ni\u00f1os y ni\u00f1as, para nuestros adultos mayores. Con este parque, le vamos quitando a los delincuentes, a la venta de droga. Nuestros vecinos lo merecen\u00bb.<\/em><\/p>\n<p style=\"text-align: justify;\">Finalmente, <strong>Bel\u00e9n Paredes<\/strong>, Seremi de Vivienda de la Regi\u00f3n de Valpara\u00edso, se\u00f1al\u00f3 que <em>\u00abestamos inaugurando un parque que ha congregado a tres comunidades distintas, que se han unido con un prop\u00f3sito com\u00fan, recuperar un espacio que estaba en desuso, inseguro y darle vida. Entregar equipamiento, espacios de recreaci\u00f3n para ni\u00f1os y ni\u00f1as, espacios de encuentro para recuperar espacios comunitarios y la vida de barrio\u00bb,<\/em> sentenci\u00f3 la autoridad regional.<\/p>\n<figure id=\"attachment_116207\" aria-describedby=\"caption-attachment-116207\" style=\"width: 698px\" class=\"wp-caption alignnone\"><img data-recalc-dims=\"1\" loading=\"lazy\" decoding=\"async\" class=\"size-full wp-image-116207\" src=\"https:\/\/i0.wp.com\/eltrabajo.cl\/portal\/wp-content\/uploads\/2022\/08\/parque-sector-9-Llay-Llay-1.jpg?resize=640%2C277&#038;ssl=1\" alt=\"El parque incluye skatepark, dos multicanchas, equipamiento urbano y variados juegos infantiles para felicidad de los \u2018peques\u2019.\" width=\"640\" height=\"277\" srcset=\"https:\/\/i0.wp.com\/eltrabajo.cl\/portal\/wp-content\/uploads\/2022\/08\/parque-sector-9-Llay-Llay-1.jpg?w=698&amp;ssl=1 698w, https:\/\/i0.wp.com\/eltrabajo.cl\/portal\/wp-content\/uploads\/2022\/08\/parque-sector-9-Llay-Llay-1.jpg?resize=300%2C130&amp;ssl=1 300w, https:\/\/i0.wp.com\/eltrabajo.cl\/portal\/wp-content\/uploads\/2022\/08\/parque-sector-9-Llay-Llay-1.jpg?resize=200%2C87&amp;ssl=1 200w, https:\/\/i0.wp.com\/eltrabajo.cl\/portal\/wp-content\/uploads\/2022\/08\/parque-sector-9-Llay-Llay-1.jpg?resize=696%2C301&amp;ssl=1 696w\" sizes=\"auto, (max-width: 640px) 100vw, 640px\" \/><figcaption id=\"caption-attachment-116207\" class=\"wp-caption-text\">El parque incluye skatepark, dos multicanchas, equipamiento urbano y variados juegos infantiles para felicidad de los \u2018peques\u2019.<\/figcaption><\/figure>\n<figure id=\"attachment_116208\" aria-describedby=\"caption-attachment-116208\" style=\"width: 699px\" class=\"wp-caption alignnone\"><img data-recalc-dims=\"1\" loading=\"lazy\" decoding=\"async\" class=\"size-full wp-image-116208\" src=\"https:\/\/i0.wp.com\/eltrabajo.cl\/portal\/wp-content\/uploads\/2022\/08\/parque-sector-9-Llay-Llay-2.jpg?resize=640%2C257&#038;ssl=1\" alt=\"Autoridades regionales, concejales, consejeros regionales y dirigentes vecinales cortan la cinta que da por inaugurado el nuevo parque.\" width=\"640\" height=\"257\" srcset=\"https:\/\/i0.wp.com\/eltrabajo.cl\/portal\/wp-content\/uploads\/2022\/08\/parque-sector-9-Llay-Llay-2.jpg?w=699&amp;ssl=1 699w, https:\/\/i0.wp.com\/eltrabajo.cl\/portal\/wp-content\/uploads\/2022\/08\/parque-sector-9-Llay-Llay-2.jpg?resize=300%2C121&amp;ssl=1 300w, https:\/\/i0.wp.com\/eltrabajo.cl\/portal\/wp-content\/uploads\/2022\/08\/parque-sector-9-Llay-Llay-2.jpg?resize=200%2C80&amp;ssl=1 200w, https:\/\/i0.wp.com\/eltrabajo.cl\/portal\/wp-content\/uploads\/2022\/08\/parque-sector-9-Llay-Llay-2.jpg?resize=696%2C280&amp;ssl=1 696w\" sizes=\"auto, (max-width: 640px) 100vw, 640px\" \/><figcaption id=\"caption-attachment-116208\" class=\"wp-caption-text\">Autoridades regionales, concejales, consejeros regionales y dirigentes vecinales cortan la cinta que da por inaugurado el nuevo parque.<\/figcaption><\/figure>\n","protected":false},"excerpt":{"rendered":"<p>Iniciativa trasform\u00f3 lugares que por a\u00f1os estuvieron abandonados, dot\u00e1ndolos de skatepark, dos multicanchas, juegos infantiles y equipamiento urbano de primer nivel.- Felices se encuentran los vecinos del Sector 9 de Llay Llay,&#8230;<\/p>\n","protected":false},"author":482,"featured_media":116207,"comment_status":"closed","ping_status":"open","sticky":false,"template":"","format":"standard","meta":{"advanced_seo_description":"","jetpack_seo_html_title":"","jetpack_seo_noindex":false,"_jetpack_memberships_contains_paid_content":false,"footnotes":""},"categories":[103],"tags":[],"class_list":["post-116206","post","type-post","status-publish","format-standard","has-post-thumbnail","hentry","category-cronica-2"],"jetpack_featured_media_url":"https:\/\/i0.wp.com\/eltrabajo.cl\/portal\/wp-content\/uploads\/2022\/08\/parque-sector-9-Llay-Llay-1.jpg?fit=698%2C302&ssl=1","jetpack_sharing_enabled":true,"jetpack_likes_enabled":true,"jetpack-related-posts":[],"_links":{"self":[{"href":"https:\/\/eltrabajo.cl\/portal\/wp-json\/wp\/v2\/posts\/116206","targetHints":{"allow":["GET"]}}],"collection":[{"href":"https:\/\/eltrabajo.cl\/portal\/wp-json\/wp\/v2\/posts"}],"about":[{"href":"https:\/\/eltrabajo.cl\/portal\/wp-json\/wp\/v2\/types\/post"}],"author":[{"embeddable":true,"href":"https:\/\/eltrabajo.cl\/portal\/wp-json\/wp\/v2\/users\/482"}],"replies":[{"embeddable":true,"href":"https:\/\/eltrabajo.cl\/portal\/wp-json\/wp\/v2\/comments?post=116206"}],"version-history":[{"count":1,"href":"https:\/\/eltrabajo.cl\/portal\/wp-json\/wp\/v2\/posts\/116206\/revisions"}],"predecessor-version":[{"id":116209,"href":"https:\/\/eltrabajo.cl\/portal\/wp-json\/wp\/v2\/posts\/116206\/revisions\/116209"}],"wp:featuredmedia":[{"embeddable":true,"href":"https:\/\/eltrabajo.cl\/portal\/wp-json\/wp\/v2\/media\/116207"}],"wp:attachment":[{"href":"https:\/\/eltrabajo.cl\/portal\/wp-json\/wp\/v2\/media?parent=116206"}],"wp:term":[{"taxonomy":"category","embeddable":true,"href":"https:\/\/eltrabajo.cl\/portal\/wp-json\/wp\/v2\/categories?post=116206"},{"taxonomy":"post_tag","embeddable":true,"href":"https:\/\/eltrabajo.cl\/portal\/wp-json\/wp\/v2\/tags?post=116206"}],"curies":[{"name":"wp","href":"https:\/\/api.w.org\/{rel}","templated":true}]}}