{"id":11624,"date":"2011-12-09T08:53:51","date_gmt":"2011-12-09T12:53:51","guid":{"rendered":"http:\/\/www.eltrabajo.cl\/portal\/?p=11624"},"modified":"2011-12-09T08:53:51","modified_gmt":"2011-12-09T12:53:51","slug":"presidente-distrital-de-la-dc-critico-duramente-candidatura-del-ps","status":"publish","type":"post","link":"https:\/\/eltrabajo.cl\/portal\/presidente-distrital-de-la-dc-critico-duramente-candidatura-del-ps\/","title":{"rendered":"Presidente Distrital de la DC critic\u00f3 duramente candidatura del PS"},"content":{"rendered":"<p>&nbsp;<\/p>\n<figure id=\"attachment_11625\" aria-describedby=\"caption-attachment-11625\" style=\"width: 240px\" class=\"wp-caption alignleft\"><a href=\"http:\/\/www.eltrabajo.cl\/portal\/archives\/11624\/ulises-tobar-de-camisa-blanca\" rel=\"attachment wp-att-11625\"><img data-recalc-dims=\"1\" loading=\"lazy\" decoding=\"async\" class=\"size-medium wp-image-11625 \" title=\"ulises tobar-de camisa blanca\" src=\"https:\/\/i0.wp.com\/www.eltrabajo.cl\/portal\/wp-content\/uploads\/2011\/12\/ulises-tobar-de-camisa-blanca-300x250.jpg?resize=240%2C200\" alt=\"\" width=\"240\" height=\"200\" srcset=\"https:\/\/i0.wp.com\/eltrabajo.cl\/portal\/wp-content\/uploads\/2011\/12\/ulises-tobar-de-camisa-blanca.jpg?resize=300%2C250&amp;ssl=1 300w, https:\/\/i0.wp.com\/eltrabajo.cl\/portal\/wp-content\/uploads\/2011\/12\/ulises-tobar-de-camisa-blanca.jpg?resize=179%2C150&amp;ssl=1 179w, https:\/\/i0.wp.com\/eltrabajo.cl\/portal\/wp-content\/uploads\/2011\/12\/ulises-tobar-de-camisa-blanca.jpg?resize=150%2C125&amp;ssl=1 150w, https:\/\/i0.wp.com\/eltrabajo.cl\/portal\/wp-content\/uploads\/2011\/12\/ulises-tobar-de-camisa-blanca.jpg?resize=400%2C334&amp;ssl=1 400w, https:\/\/i0.wp.com\/eltrabajo.cl\/portal\/wp-content\/uploads\/2011\/12\/ulises-tobar-de-camisa-blanca.jpg?w=600&amp;ssl=1 600w\" sizes=\"auto, (max-width: 240px) 100vw, 240px\" \/><\/a><figcaption id=\"caption-attachment-11625\" class=\"wp-caption-text\">El Presidente Distrital de la Democracia Cristiana, Ulises Tobar, en los estudios de la FM Vida de Putaendo.<\/figcaption><\/figure>\n<p><strong>PUTAENDO.-<\/strong> El Presidente Distrital de la Democracia Cristiana, Ulises Tobar, acompa\u00f1ado del Presidente comunal de dicha colectividad, Julio Zegers, criticaron duramente la candidatura a Alcalde por el Partido Socialista de Miguel Vega Berr\u00edos, asegurando en parte de su intervenci\u00f3n que el \u00fanico m\u00e9rito de Miguel Vega era ser amigo del actual Alcalde Guillermo Reyes.<\/p>\n<p>En entrevista difundida el mi\u00e9rcoles a las 13:30 horas en la edici\u00f3n central de La Voz de Putaendo de Radio FM Vida, el Presidente Comunal de la DC manifest\u00f3 su molestia por considerar que una vez m\u00e1s se enteraban por la prensa de la decisi\u00f3n del PS de levantar la candidatura de Miguel Vega, al igual como se enteraron por la prensa de la no postulaci\u00f3n del actual Alcalde Guillermo Reyes.<\/p>\n<p>Sin embargo, el m\u00e1s duro en su intervenci\u00f3n fue el Presidente de la DC a nivel distrital, Ulises Tobar Cassi, quien asegur\u00f3 textualmente: \u201cEl se\u00f1or Vega no representa a la Democracia Cristiana y el \u00fanico m\u00e9rito que al parecer tiene es que es amigo del Alcalde Reyes, donde me llama poderosamente la atenci\u00f3n que luego de conocida la no repostulaci\u00f3n de nuestro Alcalde, nadie le haya pedido p\u00fablicamente que la reconsiderara, lo que demuestra alg\u00fan grado de impopularidad que me preocupa, por lo que hoy el Alcalde Reyes proclame abiertamente al se\u00f1or Vega como su sucesor, es un hecho sin importancia pues aqu\u00ed hay mecanismos que se deben respetar y que son las primarias que se realizar\u00e1n el pr\u00f3ximo a\u00f1o, porque el se\u00f1or Vega siempre estuvo en la vereda del frente con una tendencia clara de derecha, y hoy no tengo ninguna duda en que de concretarse la candidatura del se\u00f1or Vega, la derecha llevar\u00e1 dos candidatos a la alcald\u00eda de Putaendo\u00bb.<\/p>\n<p>Ulises Tobar mostr\u00f3 su molestia y se\u00f1al\u00f3 que la \u00fanica manera que hoy ten\u00edan como Democracia Cristiana de comunicarse con sus \u201csocios\u201d de la Concertaci\u00f3n, era a trav\u00e9s de la prensa, donde obligadamente deb\u00edan realizarlo as\u00ed pues no hab\u00eda ninguna comunicaci\u00f3n formal ni un respeto por las decisiones que se toman, a lo que se sum\u00f3 el Presidente Comunal Julio Zegers, agregando que as\u00ed como se les invit\u00f3 a una reuni\u00f3n privada para coordinar la candidatura en su momento del actual Alcalde Reyes, tambi\u00e9n se les debi\u00f3 invitar a una reuni\u00f3n para conocer la decisi\u00f3n tomada por Guillermo Reyes y no enterarse por la prensa, al igual que la proclamaci\u00f3n de Miguel Vega como candidato a la alcald\u00eda.<\/p>\n<p>Finalmente Ulises Tobar dijo que la Democracia Cristiana apostar\u00e1 todas sus fichas al actual Concejal Sergio Zamora, quien a su juicio es la mejor autoridad evaluada a nivel comunal, y que al parecer solo los \u00fanicos que pod\u00edan opinar sobre los posibles candidatos a Alcalde eran el Alcalde Reyes y el Diputado N\u00fa\u00f1ez, lo que no compart\u00eda pues esto deb\u00eda ser participativo y democr\u00e1tico, no descartando finalmente que en caso de no prosperar la eventual candidatura de Sergio Zamora, se le pida formalmente al ex Gobernador Jorge Jara Catal\u00e1n que participe en las primarias para elegir el candidato a Alcalde en la comuna de Putaendo.<\/p>\n","protected":false},"excerpt":{"rendered":"<p>&nbsp; PUTAENDO.- El Presidente Distrital de la Democracia Cristiana, Ulises Tobar, acompa\u00f1ado del Presidente comunal de dicha colectividad, Julio Zegers, criticaron duramente la candidatura a Alcalde por el Partido Socialista de Miguel&#8230;<\/p>\n","protected":false},"author":482,"featured_media":11625,"comment_status":"open","ping_status":"open","sticky":false,"template":"","format":"standard","meta":{"advanced_seo_description":"","jetpack_seo_html_title":"","jetpack_seo_noindex":false,"_jetpack_memberships_contains_paid_content":false,"footnotes":""},"categories":[16],"tags":[],"class_list":["post-11624","post","type-post","status-publish","format-standard","has-post-thumbnail","hentry","category-politica"],"jetpack_featured_media_url":"https:\/\/i0.wp.com\/eltrabajo.cl\/portal\/wp-content\/uploads\/2011\/12\/ulises-tobar-de-camisa-blanca.jpg?fit=600%2C501&ssl=1","jetpack_sharing_enabled":true,"jetpack_likes_enabled":true,"jetpack-related-posts":[],"_links":{"self":[{"href":"https:\/\/eltrabajo.cl\/portal\/wp-json\/wp\/v2\/posts\/11624","targetHints":{"allow":["GET"]}}],"collection":[{"href":"https:\/\/eltrabajo.cl\/portal\/wp-json\/wp\/v2\/posts"}],"about":[{"href":"https:\/\/eltrabajo.cl\/portal\/wp-json\/wp\/v2\/types\/post"}],"author":[{"embeddable":true,"href":"https:\/\/eltrabajo.cl\/portal\/wp-json\/wp\/v2\/users\/482"}],"replies":[{"embeddable":true,"href":"https:\/\/eltrabajo.cl\/portal\/wp-json\/wp\/v2\/comments?post=11624"}],"version-history":[{"count":0,"href":"https:\/\/eltrabajo.cl\/portal\/wp-json\/wp\/v2\/posts\/11624\/revisions"}],"wp:featuredmedia":[{"embeddable":true,"href":"https:\/\/eltrabajo.cl\/portal\/wp-json\/wp\/v2\/media\/11625"}],"wp:attachment":[{"href":"https:\/\/eltrabajo.cl\/portal\/wp-json\/wp\/v2\/media?parent=11624"}],"wp:term":[{"taxonomy":"category","embeddable":true,"href":"https:\/\/eltrabajo.cl\/portal\/wp-json\/wp\/v2\/categories?post=11624"},{"taxonomy":"post_tag","embeddable":true,"href":"https:\/\/eltrabajo.cl\/portal\/wp-json\/wp\/v2\/tags?post=11624"}],"curies":[{"name":"wp","href":"https:\/\/api.w.org\/{rel}","templated":true}]}}