{"id":11629,"date":"2011-12-09T09:00:52","date_gmt":"2011-12-09T13:00:52","guid":{"rendered":"http:\/\/www.eltrabajo.cl\/portal\/?p=11629"},"modified":"2011-12-09T09:00:52","modified_gmt":"2011-12-09T13:00:52","slug":"guillermo-rivera-recibio-un-reconocimiento-en-la-moneda","status":"publish","type":"post","link":"https:\/\/eltrabajo.cl\/portal\/guillermo-rivera-recibio-un-reconocimiento-en-la-moneda\/","title":{"rendered":"Guillermo Rivera recibi\u00f3 un reconocimiento en La Moneda"},"content":{"rendered":"<figure id=\"attachment_11630\" aria-describedby=\"caption-attachment-11630\" style=\"width: 600px\" class=\"wp-caption alignnone\"><a href=\"http:\/\/www.eltrabajo.cl\/portal\/archives\/11629\/guillermo-en-la-moneda\" rel=\"attachment wp-att-11630\"><img data-recalc-dims=\"1\" loading=\"lazy\" decoding=\"async\" class=\"size-full wp-image-11630\" title=\"guillermo en la moneda\" src=\"https:\/\/i0.wp.com\/www.eltrabajo.cl\/portal\/wp-content\/uploads\/2011\/12\/guillermo-en-la-moneda.jpg?resize=600%2C471\" alt=\"\" width=\"600\" height=\"471\" srcset=\"https:\/\/i0.wp.com\/eltrabajo.cl\/portal\/wp-content\/uploads\/2011\/12\/guillermo-en-la-moneda.jpg?w=600&amp;ssl=1 600w, https:\/\/i0.wp.com\/eltrabajo.cl\/portal\/wp-content\/uploads\/2011\/12\/guillermo-en-la-moneda.jpg?resize=191%2C150&amp;ssl=1 191w, https:\/\/i0.wp.com\/eltrabajo.cl\/portal\/wp-content\/uploads\/2011\/12\/guillermo-en-la-moneda.jpg?resize=300%2C235&amp;ssl=1 300w, https:\/\/i0.wp.com\/eltrabajo.cl\/portal\/wp-content\/uploads\/2011\/12\/guillermo-en-la-moneda.jpg?resize=150%2C117&amp;ssl=1 150w, https:\/\/i0.wp.com\/eltrabajo.cl\/portal\/wp-content\/uploads\/2011\/12\/guillermo-en-la-moneda.jpg?resize=400%2C314&amp;ssl=1 400w\" sizes=\"auto, (max-width: 600px) 100vw, 600px\" \/><\/a><figcaption id=\"caption-attachment-11630\" class=\"wp-caption-text\">El tenista fue reconocido por su actuaci\u00f3n en los Panamericanos de Guadalajara, donde obtuvo la medalla de plata en los dobles mixtos.<\/figcaption><\/figure>\n<p>El tenista sanfelipe\u00f1o, Guillermo Rivera, fue uno de los 72 deportistas chilenos que recibieron un reconocimiento por parte del Presidente de la Rep\u00fablica, Sebasti\u00e1n Pi\u00f1era, por su participaci\u00f3n en los Juegos Panamericanos de Guadalajara.<\/p>\n<p>Rivera fue parte del evento a ra\u00edz de la medalla de plata que junto a Andrea Koch dieron a Chile en los dobles mixtos.<\/p>\n<p>La ceremonia que tuvo lugar el martes en el Palacio de la Moneda, fue conducida por los periodistas Soledad Vacarezza y Francisco Sagredo, y los grandes galardonados de la noche resultaron ser la nadadora Kristel Kobrich y la triatleta B\u00e1rbara Riveros.<\/p>\n<p>En la oportunidad, la m\u00e1xima autoridad del pa\u00eds expres\u00f3 su satisfacci\u00f3n por recibir en la casa de gobierno a los mejores deportistas de Chile: \u201cQuiero Agradecer a todos quienes nos llenaron de alegr\u00eda en los pasados Juegos Panamericanos, esta es una gala especialmente preparada para ustedes, pues la pasi\u00f3n que muestran por el deporte es contagiosa. La idea es que este ejemplo se extienda a todos los ni\u00f1os y ni\u00f1as del pa\u00eds\u201d, expres\u00f3 el primer mandatario.<\/p>\n","protected":false},"excerpt":{"rendered":"<p>El tenista sanfelipe\u00f1o, Guillermo Rivera, fue uno de los 72 deportistas chilenos que recibieron un reconocimiento por parte del Presidente de la Rep\u00fablica, Sebasti\u00e1n Pi\u00f1era, por su participaci\u00f3n en los Juegos Panamericanos&#8230;<\/p>\n","protected":false},"author":482,"featured_media":11630,"comment_status":"open","ping_status":"open","sticky":false,"template":"","format":"standard","meta":{"advanced_seo_description":"","jetpack_seo_html_title":"","jetpack_seo_noindex":false,"_jetpack_memberships_contains_paid_content":false,"footnotes":""},"categories":[19],"tags":[],"class_list":["post-11629","post","type-post","status-publish","format-standard","has-post-thumbnail","hentry","category-deportes"],"jetpack_featured_media_url":"https:\/\/i0.wp.com\/eltrabajo.cl\/portal\/wp-content\/uploads\/2011\/12\/guillermo-en-la-moneda.jpg?fit=600%2C471&ssl=1","jetpack_sharing_enabled":true,"jetpack_likes_enabled":true,"jetpack-related-posts":[],"_links":{"self":[{"href":"https:\/\/eltrabajo.cl\/portal\/wp-json\/wp\/v2\/posts\/11629","targetHints":{"allow":["GET"]}}],"collection":[{"href":"https:\/\/eltrabajo.cl\/portal\/wp-json\/wp\/v2\/posts"}],"about":[{"href":"https:\/\/eltrabajo.cl\/portal\/wp-json\/wp\/v2\/types\/post"}],"author":[{"embeddable":true,"href":"https:\/\/eltrabajo.cl\/portal\/wp-json\/wp\/v2\/users\/482"}],"replies":[{"embeddable":true,"href":"https:\/\/eltrabajo.cl\/portal\/wp-json\/wp\/v2\/comments?post=11629"}],"version-history":[{"count":0,"href":"https:\/\/eltrabajo.cl\/portal\/wp-json\/wp\/v2\/posts\/11629\/revisions"}],"wp:featuredmedia":[{"embeddable":true,"href":"https:\/\/eltrabajo.cl\/portal\/wp-json\/wp\/v2\/media\/11630"}],"wp:attachment":[{"href":"https:\/\/eltrabajo.cl\/portal\/wp-json\/wp\/v2\/media?parent=11629"}],"wp:term":[{"taxonomy":"category","embeddable":true,"href":"https:\/\/eltrabajo.cl\/portal\/wp-json\/wp\/v2\/categories?post=11629"},{"taxonomy":"post_tag","embeddable":true,"href":"https:\/\/eltrabajo.cl\/portal\/wp-json\/wp\/v2\/tags?post=11629"}],"curies":[{"name":"wp","href":"https:\/\/api.w.org\/{rel}","templated":true}]}}