{"id":11642,"date":"2011-12-09T09:11:07","date_gmt":"2011-12-09T13:11:07","guid":{"rendered":"http:\/\/www.eltrabajo.cl\/portal\/?p=11642"},"modified":"2011-12-09T09:11:07","modified_gmt":"2011-12-09T13:11:07","slug":"a-sus-99-anos-con-guitarra-en-mano-no-deja-de-sonreir","status":"publish","type":"post","link":"https:\/\/eltrabajo.cl\/portal\/a-sus-99-anos-con-guitarra-en-mano-no-deja-de-sonreir\/","title":{"rendered":"A sus 99 a\u00f1os, con guitarra en mano, no deja de sonre\u00edr"},"content":{"rendered":"<figure id=\"attachment_11643\" aria-describedby=\"caption-attachment-11643\" style=\"width: 600px\" class=\"wp-caption alignnone\"><a href=\"http:\/\/www.eltrabajo.cl\/portal\/archives\/11642\/guitarra1\" rel=\"attachment wp-att-11643\"><img data-recalc-dims=\"1\" loading=\"lazy\" decoding=\"async\" class=\"size-full wp-image-11643\" title=\"Guitarra1\" src=\"https:\/\/i0.wp.com\/www.eltrabajo.cl\/portal\/wp-content\/uploads\/2011\/12\/Guitarra1.jpg?resize=600%2C405\" alt=\"\" width=\"600\" height=\"405\" srcset=\"https:\/\/i0.wp.com\/eltrabajo.cl\/portal\/wp-content\/uploads\/2011\/12\/Guitarra1.jpg?w=600&amp;ssl=1 600w, https:\/\/i0.wp.com\/eltrabajo.cl\/portal\/wp-content\/uploads\/2011\/12\/Guitarra1.jpg?resize=200%2C135&amp;ssl=1 200w, https:\/\/i0.wp.com\/eltrabajo.cl\/portal\/wp-content\/uploads\/2011\/12\/Guitarra1.jpg?resize=300%2C202&amp;ssl=1 300w, https:\/\/i0.wp.com\/eltrabajo.cl\/portal\/wp-content\/uploads\/2011\/12\/Guitarra1.jpg?resize=150%2C101&amp;ssl=1 150w, https:\/\/i0.wp.com\/eltrabajo.cl\/portal\/wp-content\/uploads\/2011\/12\/Guitarra1.jpg?resize=400%2C270&amp;ssl=1 400w\" sizes=\"auto, (max-width: 600px) 100vw, 600px\" \/><\/a><figcaption id=\"caption-attachment-11643\" class=\"wp-caption-text\">Aunque a muchos les cueste iniciar su d\u00eda con buen humor, do\u00f1a Mar\u00eda Godoy, de 99 a\u00f1os, a\u00fan sorprende a muchos cuando le saca bellas melod\u00edas a su guitarra.<\/figcaption><\/figure>\n<ul>\n<li><strong>Aunque no es la mayor de su familia, Mar\u00eda Godoy Araya, la mujer que a sus 99 a\u00f1os no pierde la chispa de la vida, alegra a muchos con su guitarra y siempre buen humor, ella habl\u00f3 en Exclusiva con DIARIO EL TRABAJO.<\/strong><\/li>\n<\/ul>\n<p>Roberto Gonz\u00e1lez Short &#8211; rgonzalez@eltrabajo.cl<\/p>\n<p><strong>CURIM\u00d3N.-<\/strong> Si usted es de las personas que se sienten agotadas cada fin de a\u00f1o y respira hondo cada vez que inicia su jornada laboral, entonces en DIARIO EL TRABAJO lo animamos a meditar mejor sobre su actitud ante la vida conociendo la historia de la mujer que, hasta el d\u00eda de hoy viernes, est\u00e1 saboreando su d\u00eda N\u00ba 36.128 (restando los 25 d\u00edas de a\u00f1os bisiestos). \u00bfPuede imaginar vivir 867.072 horas sin poder detenerse m\u00e1s que cuando duermes?<\/p>\n<p>Esta es la historia de do\u00f1a Mar\u00eda Godoy Araya, quien naci\u00f3 el jueves 21 de noviembre de 1912 en Coquimbo, pero que vive en Los Naranjos de Curim\u00f3n desde 1956. Esta valiente mujer trajo al mundo a 10 hijos que a su vez le han dado 40 nietos, 30 bisnietos y 2 tataranietas.<\/p>\n<p>Do\u00f1a Mar\u00eda es una abuelita que deber\u00eda tener unos 104 a\u00f1os, ya que a principios del siglo pasado, los ni\u00f1os eran presentados ante el Registro Civil muchas veces cuando los infantes ya contaban con unos cinco a\u00f1os de edad. En su caso, ella fue registrada en 1912 y as\u00ed lo confirma el documento de identidad que muy orgullosa muestra a DIARIO EL TRABAJO. En ese sentido, oficialmente ella cuenta con 99 a\u00f1os y est\u00e1 viviendo su a\u00f1o 100.<\/p>\n<p><strong>\u201cGRACIAS A DIOS POR MIS DIEZ HIJOS\u201d<\/strong><\/p>\n<p>\u201cAunque ya se me olvidan muchas cosas de mi pasado, siempre le doy infinitas gracias a Dios por los hijos que me dio, ellos son buenos y de ninguno me puedo lamentar\u201d, coment\u00f3 Mar\u00eda Godoy a nuestro medio.<\/p>\n<p>Pero aunque do\u00f1a Mar\u00eda ha sobrevivido a mil batallas para lograr llegar a la edad que tiene, no es la abuelita m\u00e1s longeva en su familia, ya que ella cuenta con una hermana de 105 a\u00f1os que vive en Pan de Az\u00facar, Coquimbo. Nemesia y Mar\u00eda recientemente lograron reencontrarse luego de 20 a\u00f1os de no visitarse la una a la otra; en su momento, en DIARIO EL TRABAJO tambi\u00e9n informamos al respecto.<\/p>\n<p><strong>\u00c1LBUM Y \u00c1RBOL GENEAL\u00d3GICO<\/strong><\/p>\n<p>Mar\u00eda y Nemesia valen lo que pesan en oro por haberse constituido ambas en un \u2018Tesoro Viviente\u2019 para toda la familia, que Abel Opazo Osorio, un conocido taxista sanfelipe\u00f1o y parte de los 300 miembros de esa estirpe, lleva dos a\u00f1os creando, en sus ratos libres, un detallado \u00c1rbol Geneal\u00f3gico y \u00c1lbum Familiar que registran los inicios de su historia ancestral, cuando el franc\u00e9s Marcel Gach\u00f3 Camelot y la chilena Rosa Delia Pozo Azargado, formaron la familia Gach\u00f3 Pozo, una pareja franco-chilena que el mi\u00e9rcoles 18 de setiembre de 1901 contrajo nupcias en tierra chilena. As\u00ed las cosas, el tiempo se encarg\u00f3 de extender las ramas de este \u2018\u00c1rbol familiar\u2019 hasta el d\u00eda de hoy por todo Chile.<\/p>\n<p>\u201cSe me ocurri\u00f3 crear este proyecto del \u2018\u00c1rbol geneal\u00f3gico\u2019 por el gran amor que yo le tengo a mi familia, tengo videos, muchas fotos y contactos con toda la familia que somos m\u00e1s de 300 personas en Chile\u201d, detall\u00f3 Abel Opazo.<\/p>\n<p><strong>VITALIDAD<\/strong><\/p>\n<p>Cada oportunidad que do\u00f1a Mar\u00eda Godoy tiene, lo dedica a colmar de amor y cari\u00f1o a sus tataranietos, a quienes ama profundamente, y a tocar su guitarra.<\/p>\n<p>\u201cYo tocaba mi guitarra, pero mi finado esposo Luis me lo prohibi\u00f3 porque dec\u00eda que cada vez que yo chasqueaba mi guitarra, los hombres me quer\u00edan tocar las piernas\u201d, recuerda jocosamente a sus casi cien a\u00f1os, Mar\u00eda Godoy.<\/p>\n","protected":false},"excerpt":{"rendered":"<p>Aunque no es la mayor de su familia, Mar\u00eda Godoy Araya, la mujer que a sus 99 a\u00f1os no pierde la chispa de la vida, alegra a muchos con su guitarra y&#8230;<\/p>\n","protected":false},"author":482,"featured_media":11643,"comment_status":"open","ping_status":"open","sticky":false,"template":"","format":"standard","meta":{"advanced_seo_description":"","jetpack_seo_html_title":"","jetpack_seo_noindex":false,"_jetpack_memberships_contains_paid_content":false,"footnotes":""},"categories":[15],"tags":[],"class_list":["post-11642","post","type-post","status-publish","format-standard","has-post-thumbnail","hentry","category-comunidad"],"jetpack_featured_media_url":"https:\/\/i0.wp.com\/eltrabajo.cl\/portal\/wp-content\/uploads\/2011\/12\/Guitarra1.jpg?fit=600%2C405&ssl=1","jetpack_sharing_enabled":true,"jetpack_likes_enabled":true,"jetpack-related-posts":[],"_links":{"self":[{"href":"https:\/\/eltrabajo.cl\/portal\/wp-json\/wp\/v2\/posts\/11642","targetHints":{"allow":["GET"]}}],"collection":[{"href":"https:\/\/eltrabajo.cl\/portal\/wp-json\/wp\/v2\/posts"}],"about":[{"href":"https:\/\/eltrabajo.cl\/portal\/wp-json\/wp\/v2\/types\/post"}],"author":[{"embeddable":true,"href":"https:\/\/eltrabajo.cl\/portal\/wp-json\/wp\/v2\/users\/482"}],"replies":[{"embeddable":true,"href":"https:\/\/eltrabajo.cl\/portal\/wp-json\/wp\/v2\/comments?post=11642"}],"version-history":[{"count":0,"href":"https:\/\/eltrabajo.cl\/portal\/wp-json\/wp\/v2\/posts\/11642\/revisions"}],"wp:featuredmedia":[{"embeddable":true,"href":"https:\/\/eltrabajo.cl\/portal\/wp-json\/wp\/v2\/media\/11643"}],"wp:attachment":[{"href":"https:\/\/eltrabajo.cl\/portal\/wp-json\/wp\/v2\/media?parent=11642"}],"wp:term":[{"taxonomy":"category","embeddable":true,"href":"https:\/\/eltrabajo.cl\/portal\/wp-json\/wp\/v2\/categories?post=11642"},{"taxonomy":"post_tag","embeddable":true,"href":"https:\/\/eltrabajo.cl\/portal\/wp-json\/wp\/v2\/tags?post=11642"}],"curies":[{"name":"wp","href":"https:\/\/api.w.org\/{rel}","templated":true}]}}