{"id":116434,"date":"2022-08-19T07:35:39","date_gmt":"2022-08-19T11:35:39","guid":{"rendered":"https:\/\/eltrabajo.cl\/portal\/?p=116434"},"modified":"2022-08-18T23:40:03","modified_gmt":"2022-08-19T03:40:03","slug":"vecinos-pueden-consultar-sus-datos-para-votar-en-plena-plaza-de-armas","status":"publish","type":"post","link":"https:\/\/eltrabajo.cl\/portal\/vecinos-pueden-consultar-sus-datos-para-votar-en-plena-plaza-de-armas\/","title":{"rendered":"Vecinos pueden consultar sus datos para votar en plena Plaza de Armas"},"content":{"rendered":"<ul style=\"text-align: justify;\">\n<li style=\"text-align: left;\"><strong>Municipio dispuso de un m\u00f3dulo para que usted pueda hacer su consulta en el Servicio Electoral.-<\/strong><\/li>\n<\/ul>\n<p style=\"text-align: justify;\">La municipalidad de San Felipe a trav\u00e9s de su departamento de inform\u00e1tica dispuso de un m\u00f3dulo de atenci\u00f3n para que los vecinos y vecinas puedan hacer su consulta electoral de cara al pr\u00f3ximo plebiscito del 4 de septiembre. Esto, considerando adem\u00e1s que el Servel modific\u00f3 algunos lugares de votaci\u00f3n y mesas receptoras de sufragios.<\/p>\n<p style=\"text-align: justify;\">Esto \u00faltimo ha generado tambi\u00e9n la molestia de algunos electores, ya que lejos de quedar m\u00e1s cerca de su local de votaci\u00f3n, hay personas que se deber\u00e1n desplazar a m\u00e1s distancia.<\/p>\n<p style=\"text-align: justify;\">Es por esto, y para que usted tenga lo m\u00e1s claro posible su local y mesa de votaci\u00f3n, es que el municipio dispuso de este servicio en la Plaza de Armas de nuestra ciudad, a un costado del ode\u00f3n. En este m\u00f3dulo, con su c\u00e9dula de identidad usted podr\u00e1 saber en qu\u00e9 lugar le corresponde ir a sufragar.<\/p>\n<p style=\"text-align: justify;\"><strong>Cristian Casas<\/strong>, encargado del Departamento de Inform\u00e1tica de la Municipalidad de San Felipe, se\u00f1al\u00f3 que <em>\u00abdesde hoy <\/em>(ayer)<em> instalamos un funcionario con un equipo de inform\u00e1tica para la atenci\u00f3n de todas las personas que se acerquen para saber su lugar de votaci\u00f3n debido a que el Servel modific\u00f3 los locales de votaci\u00f3n como las mesas\u00bb.<\/em><\/p>\n<p style=\"text-align: justify;\">Casas agreg\u00f3 que <em>\u00abinvitamos a la ciudadan\u00eda a que se acerque para saber el detalle de c\u00f3mo tiene que hacerlo el d\u00eda de la votaci\u00f3n, nosotros entramos a la p\u00e1gina del Servel con el RUT <\/em>(c\u00e9dula de identidad)<em> de la persona y ac\u00e1 les entregamos un papelito con toda la informaci\u00f3n\u00bb.<\/em><\/p>\n<p style=\"text-align: justify;\">El encargado adem\u00e1s detall\u00f3 que <em>\u00abvamos a estar hasta el viernes 2 de septiembre desde las 9:00 de la ma\u00f1ana hasta las 17:30 horas en horario continuado\u00bb.<\/em> Trabajo importante para que usted no tenga inconvenientes con alg\u00fan sorpresivo cambio de su tradicional local de votaci\u00f3n.<\/p>\n<p style=\"text-align: justify;\">\u00ab<em>Pensamos en las personas que no tienen acceso a internet y los adultos mayores, y particularmente ha sido la atenci\u00f3n m\u00e1s de adultos mayores y de personas de diferentes lugares, no s\u00f3lo de San Felipe, y nosotros le entregamos toda la informaci\u00f3n\u00bb,<\/em> cerr\u00f3 Cristian Casas.<\/p>\n<figure id=\"attachment_116435\" aria-describedby=\"caption-attachment-116435\" style=\"width: 699px\" class=\"wp-caption alignnone\"><img data-recalc-dims=\"1\" loading=\"lazy\" decoding=\"async\" class=\"size-full wp-image-116435\" src=\"https:\/\/i0.wp.com\/eltrabajo.cl\/portal\/wp-content\/uploads\/2022\/08\/consulta.jpg?resize=640%2C438&#038;ssl=1\" alt=\"En la Plaza de Armas se dispuso del m\u00f3dulo para que las personas que no tengan acceso a internet puedan consultar su informaci\u00f3n electoral. \" width=\"640\" height=\"438\" srcset=\"https:\/\/i0.wp.com\/eltrabajo.cl\/portal\/wp-content\/uploads\/2022\/08\/consulta.jpg?w=699&amp;ssl=1 699w, https:\/\/i0.wp.com\/eltrabajo.cl\/portal\/wp-content\/uploads\/2022\/08\/consulta.jpg?resize=300%2C205&amp;ssl=1 300w, https:\/\/i0.wp.com\/eltrabajo.cl\/portal\/wp-content\/uploads\/2022\/08\/consulta.jpg?resize=200%2C137&amp;ssl=1 200w, https:\/\/i0.wp.com\/eltrabajo.cl\/portal\/wp-content\/uploads\/2022\/08\/consulta.jpg?resize=218%2C150&amp;ssl=1 218w, https:\/\/i0.wp.com\/eltrabajo.cl\/portal\/wp-content\/uploads\/2022\/08\/consulta.jpg?resize=696%2C476&amp;ssl=1 696w\" sizes=\"auto, (max-width: 640px) 100vw, 640px\" \/><figcaption id=\"caption-attachment-116435\" class=\"wp-caption-text\">En la Plaza de Armas se dispuso del m\u00f3dulo para que las personas que no tengan acceso a internet puedan consultar su informaci\u00f3n electoral.<\/figcaption><\/figure>\n","protected":false},"excerpt":{"rendered":"<p>Municipio dispuso de un m\u00f3dulo para que usted pueda hacer su consulta en el Servicio Electoral.- La municipalidad de San Felipe a trav\u00e9s de su departamento de inform\u00e1tica dispuso de un m\u00f3dulo&#8230;<\/p>\n","protected":false},"author":482,"featured_media":116435,"comment_status":"closed","ping_status":"open","sticky":false,"template":"","format":"standard","meta":{"advanced_seo_description":"","jetpack_seo_html_title":"","jetpack_seo_noindex":false,"_jetpack_memberships_contains_paid_content":false,"footnotes":""},"categories":[103],"tags":[],"class_list":["post-116434","post","type-post","status-publish","format-standard","has-post-thumbnail","hentry","category-cronica-2"],"jetpack_featured_media_url":"https:\/\/i0.wp.com\/eltrabajo.cl\/portal\/wp-content\/uploads\/2022\/08\/consulta.jpg?fit=699%2C478&ssl=1","jetpack_sharing_enabled":true,"jetpack_likes_enabled":true,"jetpack-related-posts":[],"_links":{"self":[{"href":"https:\/\/eltrabajo.cl\/portal\/wp-json\/wp\/v2\/posts\/116434","targetHints":{"allow":["GET"]}}],"collection":[{"href":"https:\/\/eltrabajo.cl\/portal\/wp-json\/wp\/v2\/posts"}],"about":[{"href":"https:\/\/eltrabajo.cl\/portal\/wp-json\/wp\/v2\/types\/post"}],"author":[{"embeddable":true,"href":"https:\/\/eltrabajo.cl\/portal\/wp-json\/wp\/v2\/users\/482"}],"replies":[{"embeddable":true,"href":"https:\/\/eltrabajo.cl\/portal\/wp-json\/wp\/v2\/comments?post=116434"}],"version-history":[{"count":1,"href":"https:\/\/eltrabajo.cl\/portal\/wp-json\/wp\/v2\/posts\/116434\/revisions"}],"predecessor-version":[{"id":116436,"href":"https:\/\/eltrabajo.cl\/portal\/wp-json\/wp\/v2\/posts\/116434\/revisions\/116436"}],"wp:featuredmedia":[{"embeddable":true,"href":"https:\/\/eltrabajo.cl\/portal\/wp-json\/wp\/v2\/media\/116435"}],"wp:attachment":[{"href":"https:\/\/eltrabajo.cl\/portal\/wp-json\/wp\/v2\/media?parent=116434"}],"wp:term":[{"taxonomy":"category","embeddable":true,"href":"https:\/\/eltrabajo.cl\/portal\/wp-json\/wp\/v2\/categories?post=116434"},{"taxonomy":"post_tag","embeddable":true,"href":"https:\/\/eltrabajo.cl\/portal\/wp-json\/wp\/v2\/tags?post=116434"}],"curies":[{"name":"wp","href":"https:\/\/api.w.org\/{rel}","templated":true}]}}