{"id":116570,"date":"2022-08-25T08:00:11","date_gmt":"2022-08-25T12:00:11","guid":{"rendered":"https:\/\/eltrabajo.cl\/portal\/?p=116570"},"modified":"2022-08-24T23:22:23","modified_gmt":"2022-08-25T03:22:23","slug":"denuncian-maltrato-psicologico-a-ninos-en-escuela-especial-de-lenguaje","status":"publish","type":"post","link":"https:\/\/eltrabajo.cl\/portal\/denuncian-maltrato-psicologico-a-ninos-en-escuela-especial-de-lenguaje\/","title":{"rendered":"Denuncian maltrato psicol\u00f3gico a ni\u00f1os en escuela especial de lenguaje"},"content":{"rendered":"<p style=\"text-align: justify;\">Un grupo de padres y apoderados est\u00e1 denunciando un supuesto maltrato psicol\u00f3gico en la escuela especial de lenguaje <strong>\u2018Mis Nuevas Palabras\u2019<\/strong>, ubicada en 1 Norte con Abraham Ahumada en San Felipe.<\/p>\n<p style=\"text-align: justify;\">Se trata de problemas en el trato como retos, encierro de menores en el ba\u00f1o, golpes en las nalgas de al menos un ni\u00f1o que s\u00ed habla, entre otros casos.<\/p>\n<p style=\"text-align: justify;\">Aparentemente ser\u00edan dos las educadoras que estar\u00edan siendo acusadas de este maltrato.<\/p>\n<p style=\"text-align: justify;\"><strong>Catalina<\/strong>, madre de una menor a la que identificaremos s\u00f3lo como <strong>\u2018E\u2019<\/strong>, es una de las tantas afectadas por la situaci\u00f3n, quien dijo lo siguiente a <strong>Diario El Trabajo<\/strong>: <em>\u00abAc\u00e1 en la escuela \u2018Mis Nuevas Palabras\u2019, los ni\u00f1os est\u00e1n siendo maltratados psicol\u00f3gicamente, no sabemos si f\u00edsicamente. Yo el d\u00eda lunes introduje un dispositivo para grabar la clase, la calidad de clase que ten\u00eda mi hija en el establecimiento, pudimos evidenciar gritos, ni\u00f1os encerrados en los ba\u00f1os, maltrato psicol\u00f3gico muy graves, los asustan, les gritan, les golpean las mesas, es muy terrible toda esta situaci\u00f3n que estamos viviendo como pap\u00e1s ac\u00e1, hay ni\u00f1os realmente muy afectados, ni\u00f1os que realmente fueron muy vulnerados y muy maltratados ac\u00e1\u00bb,<\/em> se\u00f1ala.<\/p>\n<p style=\"text-align: justify;\">&#8211; <strong>En el caso suyo, \u00bfc\u00f3mo lo nota usted? \u00bfAlg\u00fan cambio en la actitud de su hija?<\/strong><\/p>\n<p style=\"text-align: justify;\">&#8211; Mi hija se asusta por todo, le tiene miedo a los perros, le ha costado un mundo ir al ba\u00f1o, llega muy nerviosa, despierta con llanto en la noche, ha sido muy terrible para nosotros.<\/p>\n<p style=\"text-align: justify;\">&#8211; <strong>\u00bfEse cambio de actitud de cu\u00e1ndo viene?<\/strong><\/p>\n<p style=\"text-align: justify;\">&#8211; Viene aproximadamente un mes, que nosotros no lo hab\u00edamos asociado a que era de ac\u00e1 del jard\u00edn.<\/p>\n<p style=\"text-align: justify;\">&#8211; <strong>\u00bfCuando usted coloca el tel\u00e9fono, ah\u00ed va confirmando sus sospechas o descubre esta situaci\u00f3n?<\/strong><\/p>\n<p style=\"text-align: justify;\">&#8211; Ah\u00ed descubrimos la situaci\u00f3n de golpe en realidad, es un audio que cubre toda la jornada de mi hija de ac\u00e1 del jard\u00edn.<\/p>\n<p style=\"text-align: justify;\">&#8211; <strong>\u00bfHay m\u00e1s apoderados que est\u00e1n en esta misma situaci\u00f3n?<\/strong><\/p>\n<p style=\"text-align: justify;\">&#8211; S\u00ed, estamos todos en la misma situaci\u00f3n, la mayor\u00eda de los ni\u00f1os han sido maltratados en s\u00ed, porque ya el presenciar un acto de violencia hacia otro ni\u00f1o est\u00e1n siendo vulnerados de igual forma al ver maltrato.<\/p>\n<p style=\"text-align: justify;\">&#8211; <strong>\u00bfQu\u00e9 les dijeron desde la direcci\u00f3n? Porque ustedes estuvieron conversando ah\u00ed.<\/strong><\/p>\n<p style=\"text-align: justify;\">&#8211; La directora est\u00e1 encubriendo toda la situaci\u00f3n, le respalda gente, estamos realmente afectados con esta situaci\u00f3n.<\/p>\n<p style=\"text-align: justify;\">&#8211; <strong>Si pudiera graficar el maltrato o lo que se escucha en el audio.<\/strong><\/p>\n<p style=\"text-align: justify;\">&#8211; En el audio dice que va a buscar las llaves del ba\u00f1o, expl\u00edcitamente que los ni\u00f1os se le quedaron encerrados en los ba\u00f1os, que va a buscar las llaves porque est\u00e1n los dos ni\u00f1itos encerrados en el ba\u00f1o.<\/p>\n<p style=\"text-align: justify;\">En ese momento aparece <strong>Rodrigo<\/strong>, pareja de Catalina y padre de <strong>E.<\/strong>, quien al tenor de la conversaci\u00f3n se\u00f1ala: <em>\u00abDespu\u00e9s dice expl\u00edcitamente de que ella los mand\u00f3 a encerrar, dice eso: <strong>\u2018Se me quedaron los ni\u00f1os encerrados\u2019<\/strong>, pasa una pausa y ella dice de nuevo: <strong>\u2018Es que usted me mand\u00f3 a encerrarlos\u2019<\/strong>\u00bb,<\/em> comenta.<\/p>\n<p style=\"text-align: justify;\">&#8211; <strong>\u00bfO sea obedeci\u00f3 una orden?<\/strong><\/p>\n<p style=\"text-align: justify;\">&#8211; Exacto, o sea ya es parte de&#8230; De hecho ac\u00e1 hemos conversado y tenemos relatos de educadoras que han hecho su pr\u00e1ctica en a\u00f1os anteriores, y ya no es algo de hoy d\u00eda, a lo mejor no el encierro, pero s\u00ed las malas pr\u00e1cticas, las vejaciones, todo. Mi hija hoy en d\u00eda perdi\u00f3 un a\u00f1o, aparte de perder un a\u00f1o lo que s\u00ed gan\u00f3 miedo, fue no relacionarse entre un jard\u00edn, no hablar, mi hija en la casa habla, grita, baila, hace de todo, y en el audio poco y nada se escucha. \u00bfC\u00f3mo cambia tanto un comportamiento frente a otras personas?, \u00bfpor qu\u00e9?<\/p>\n<p style=\"text-align: justify;\">&#8211; <strong>Don Jos\u00e9 Luis dice que va a retirar, \u00bfustedes est\u00e1n analizando?<\/strong><\/p>\n<p style=\"text-align: justify;\">&#8211; Nosotros la retiramos.<\/p>\n<p style=\"text-align: justify;\">&#8211; <strong>\u00bfUstedes la retiraron?<\/strong><\/p>\n<p style=\"text-align: justify;\">&#8211; Nosotros ayer (martes) la retiramos. Ayer tuvimos una reuni\u00f3n con la educadora <strong>Jo<\/strong> y la verdad que deja mucho que desear su respuesta.<\/p>\n<p style=\"text-align: justify;\">&#8211; <strong>\u00bfQu\u00e9 les dijo?, Rodrigo.<\/strong><\/p>\n<p style=\"text-align: justify;\">&#8211; O sea dentro de todo nuestra hija el d\u00eda lunes ten\u00eda terapia de 12 a 12:45, y nos dijo s\u00ed, ten\u00eda terapia y todo el cuento, y cuando le dije que no, yo tengo un audio donde expl\u00edcitamente se escucha que no est\u00e1 en terapia, no est\u00e1 haciendo eso, me dice: \u2018Ah no, es que ayer la \u2018fono\u2019 ten\u00eda que hacer el informe, as\u00ed es que no hizo terapia\u2019.<\/p>\n<p style=\"text-align: justify;\">&#8211; <strong>\u00bfO sea ustedes retiraron ya?<\/strong><\/p>\n<p style=\"text-align: justify;\">-S\u00ed, nosotros por su respuesta y la misma despu\u00e9s le \u2018presta ropa\u2019 a la directora, dentro de todo lo que est\u00e1n hablando, justificando las mismas respuestas, que no sirven de nada de la educadora Jo porque no dice nada.<\/p>\n<p style=\"text-align: justify;\">&#8211; <strong>Rodrigo, \u00bfcu\u00e1nto son m\u00e1s o menos los ni\u00f1os afectados tienen alg\u00fan n\u00famero?<\/strong><\/p>\n<p style=\"text-align: justify;\">&#8211; Trece son los ni\u00f1os, obviamente los apoderados son 26.<\/p>\n<p style=\"text-align: justify;\">&#8211; <strong>\u00bfUn curso completo?<\/strong><\/p>\n<p style=\"text-align: justify;\">&#8211; Un curso completo.<\/p>\n<p style=\"text-align: justify;\">&#8211; <strong>\u00bfQu\u00e9 curso es?<\/strong><\/p>\n<p style=\"text-align: justify;\">&#8211; El medio mayor A de la escuela de lenguaje, y no solamente son los pap\u00e1s, es la familia, el respaldo que tenemos detr\u00e1s.<\/p>\n<p style=\"text-align: justify;\">&#8211; <strong>La confianza que tienen ustedes de enviar la hija al colegio.<\/strong><\/p>\n<p style=\"text-align: justify;\">&#8211; Exacto y despu\u00e9s llega donde la abuela de Catalina, mi pareja, y despu\u00e9s llega donde la mam\u00e1, donde mi mam\u00e1 que la viene a buscar, y toda una familia que tenemos detr\u00e1s, y cada uno de los apoderados, somos muchos los afectados en realidad.<\/p>\n<p style=\"text-align: justify;\">\n<p style=\"text-align: justify;\"><span style=\"color: #ff0000;\">OTRO CASO<\/span><\/p>\n<p style=\"text-align: justify;\"><strong>Patricia Ibaceta<\/strong>, otra madre afectada, convers\u00f3 tambi\u00e9n con nuestro medio se\u00f1alando que a otro hijo lo mand\u00f3 a esta escuela y qued\u00f3 <em>\u00absorprendida porque jam\u00e1s pens\u00e9 que le iba a pasar una situaci\u00f3n as\u00ed\u00bb.<\/em><\/p>\n<p style=\"text-align: justify;\">&#8211; <strong>\u00bfSi pudiera graficar lo que le sucedi\u00f3 a su hija?<\/strong><\/p>\n<p style=\"text-align: justify;\">&#8211; Bueno, mi hija no habla, viene con pa\u00f1ales y me di cuenta que eso les molesta a las t\u00edas de los ni\u00f1os, que no hablan, no los soportan; o sea de verdad que qued\u00e9 como muy impresionada. Porque, claro, uno manda los ni\u00f1os ac\u00e1, a una escuela de lenguaje porque supuestamente los van a ayudar, pero a ellas les molesta, ya no daban m\u00e1s, est\u00e1n estresad\u00edsimas, d\u00eda lunes estresadas, imag\u00ednese qu\u00e9 esperamos para el d\u00eda viernes.<\/p>\n<p style=\"text-align: justify;\">&#8211; <strong>\u00bfSu hija c\u00f3mo lo demuestra?<\/strong><\/p>\n<p style=\"text-align: justify;\">&#8211; Como le dije, no habla, pero s\u00ed muy agresiva con nosotros, con mis pap\u00e1s, ella no era as\u00ed, mis hijos no son agresivos, se puso est\u00edtica, no s\u00e9 si ser\u00e1 por los nervios, muy est\u00edtica y la alimentaci\u00f3n es excelente, entonces claro, encontramos raro que estuviera as\u00ed. Y claro con esto ya es la gota que rebals\u00f3 el vaso, cuando mandaron este audio ah\u00ed reci\u00e9n nos dimos cuenta lo que realmente estaba pasando, porque uno tiene la verdad del colegio, porque claro mi hija no habla, entonces qu\u00e9 le iba a preguntar a ella. Uno viene a buscar al colegio y son\u00a0 ellos los que dicen no esto y esto pas\u00f3, y uno se va con esa verdad sabiendo que no es as\u00ed.<\/p>\n<p style=\"text-align: justify;\">&#8211; <strong>\u00bfQu\u00e9 le comentaron desde la direcci\u00f3n?, porque hab\u00eda dos funcionarias ac\u00e1.<\/strong><\/p>\n<p style=\"text-align: justify;\">&#8211; No, ellas no quisieron dar mucha informaci\u00f3n porque quieren que pasemos a la escuela, en la calle no nos van a ayudar mucho.<\/p>\n<p style=\"text-align: justify;\">&#8211; <strong>Algunos comentan retirar sus hijos.<\/strong><\/p>\n<p style=\"text-align: justify;\">&#8211; Yo la voy a retirar obvio, ya no conf\u00edo. Yo la voy a sacar de ac\u00e1, me duele en el alma porque el tiempo en que estamos en el a\u00f1o no s\u00e9 si encontrar\u00e9, trato de buscar uno que sea con c\u00e1mara, porque eso es lo que me interesa, no me interesa que tenga aire acondicionado, quiero que tenga c\u00e1maras para ver a mi hija, pero ah\u00ed estamos, vamos a ver qu\u00e9 pasa.<\/p>\n<p style=\"text-align: justify;\">\n<p style=\"text-align: justify;\"><span style=\"color: #ff0000;\">TEMOR A\u00a0REPRESALIAS<\/span><\/p>\n<p style=\"text-align: justify;\">Por su parte <strong>Jos\u00e9 Luis \u00d1anco<\/strong>, otro de los afectados, nos coment\u00f3 que decidi\u00f3 retirar a su hijo, dando las explicaciones del verdadero motivo, m\u00e1s all\u00e1 de los abusos.<\/p>\n<p style=\"text-align: justify;\">\u00ab<em>En lo particular tom\u00e9 la decisi\u00f3n de retirar a mi hijo de este establecimiento por el motivo de, independiente de los sumarios que se realicen, por temor a las represalias que puedan tener contra nuestros ni\u00f1os, ya que los pueden empezar a revisar si es que traen alg\u00fan dispositivo de audio, entonces por ese tema m\u00e1s lo voy a retirar\u00bb.<\/em><\/p>\n<p style=\"text-align: justify;\">&#8211; <strong>\u00bfQu\u00e9 sabe usted de la situaci\u00f3n? \u00bfQu\u00e9 es lo que apareci\u00f3 en el audio, en el caso personal suyo?<\/strong><\/p>\n<p style=\"text-align: justify;\">&#8211; Mi hijo siempre yo, cuando sale de clases, le pregunto c\u00f3mo le fue, y siempre me comenta que una t\u00eda le pega en el \u2018poto\u2019, que las t\u00edas lo retan porque \u00e9l habla, \u00e9l s\u00ed habla, me expresa sus cosas.<\/p>\n<p style=\"text-align: justify;\">&#8211; <strong>\u00bfLe cuenta lo que le sucede en el colegio?<\/strong><\/p>\n<p style=\"text-align: justify;\">&#8211; Claro, si me cuenta todo lo que le pasa, y siempre me dice que las t\u00edas lo retan y le pegan en el \u2018poto\u2019.<\/p>\n<p style=\"text-align: justify;\">&#8211; <strong>\u00bfEs una sola (t\u00eda) o varias?<\/strong><\/p>\n<p style=\"text-align: justify;\">&#8211; Son dos, dice que una que lo reta y una que le pega, siempre le pega en el \u2018poto\u2019, me dice: \u00abT\u00eda me peg\u00f3 en \u2018poto\u2019 y la t\u00eda me ret\u00f3\u00bb.<\/p>\n<p style=\"text-align: justify;\">\n<p style=\"text-align: justify;\"><span style=\"color: #ff0000;\">\u00abUNO CONF\u00cdA\u00bb<\/span><\/p>\n<p style=\"text-align: justify;\"><strong>Cristian<\/strong>, otro padre afectado, destac\u00f3 el hecho de que, como apoderados, ellos le entregan a sus hijos a las \u2018t\u00edas\u2019 con toda la confianza en ellas.<\/p>\n<p style=\"text-align: justify;\">\u00ab<em>M\u00e1s que nada la situaci\u00f3n es que uno conf\u00eda en traer ni\u00f1os, que tienen condiciones distintas, a una instituci\u00f3n que los va a tratar bien, van a trabajar con ellos y en realidad no es as\u00ed, los tratan mal. Mi hijo es uno de los principales afectados, donde lo dejan encerrado en el ba\u00f1o y eso es, trabajan personas que no tienen vocaci\u00f3n, estudian m\u00e1s que nada por el sueldo y no por tener una vocaci\u00f3n clara por el cuidado de los ni\u00f1os. Y no solamente es una persona, es un colegio chico donde est\u00e1 en conocimiento de todos, porque dentro del audio que es s\u00faper largo, se escucha el entrar de distintas t\u00edas de los otros cursos, del personal de aseo, est\u00e1n todos en conocimiento de la situaci\u00f3n y nadie hace nada. M\u00e1s que nada es un malestar con todos, no con s\u00f3lo una persona\u00bb,<\/em> dice.<\/p>\n<p style=\"text-align: justify;\">&#8211; <strong>Independiente de la pregunta que puede sonar rid\u00edcula, pero te veo como muy afectado.<\/strong><\/p>\n<p style=\"text-align: justify;\">&#8211; Claro, totalmente, porque transgreden la integridad de los ni\u00f1os m\u00e1s que nada. Uno los manda confiando en que van a avanzar y no que los van a vulnerar, uno los cuida como un tesoro en la casa y ac\u00e1 todo lo contrario.<\/p>\n<p style=\"text-align: justify;\">Se\u00f1alar que una vez que conversaron con nuestro medio, entraron a una reuni\u00f3n entre los padres y la direcci\u00f3n.<\/p>\n<p style=\"text-align: justify;\">Esperamos tener pronto alguna respuesta por parte de la direcci\u00f3n del establecimiento.<\/p>\n<figure id=\"attachment_116571\" aria-describedby=\"caption-attachment-116571\" style=\"width: 698px\" class=\"wp-caption alignnone\"><img data-recalc-dims=\"1\" loading=\"lazy\" decoding=\"async\" class=\"size-full wp-image-116571\" src=\"https:\/\/i0.wp.com\/eltrabajo.cl\/portal\/wp-content\/uploads\/2022\/08\/Apoderados.jpg?resize=640%2C348&#038;ssl=1\" alt=\"Un grupo de apoderados dirigi\u00e9ndose al colegio a reuni\u00f3n con la direcci\u00f3n.\" width=\"640\" height=\"348\" srcset=\"https:\/\/i0.wp.com\/eltrabajo.cl\/portal\/wp-content\/uploads\/2022\/08\/Apoderados.jpg?w=698&amp;ssl=1 698w, https:\/\/i0.wp.com\/eltrabajo.cl\/portal\/wp-content\/uploads\/2022\/08\/Apoderados.jpg?resize=300%2C163&amp;ssl=1 300w, https:\/\/i0.wp.com\/eltrabajo.cl\/portal\/wp-content\/uploads\/2022\/08\/Apoderados.jpg?resize=200%2C109&amp;ssl=1 200w, https:\/\/i0.wp.com\/eltrabajo.cl\/portal\/wp-content\/uploads\/2022\/08\/Apoderados.jpg?resize=696%2C378&amp;ssl=1 696w\" sizes=\"auto, (max-width: 640px) 100vw, 640px\" \/><figcaption id=\"caption-attachment-116571\" class=\"wp-caption-text\">Un grupo de apoderados dirigi\u00e9ndose al colegio a reuni\u00f3n con la direcci\u00f3n.<\/figcaption><\/figure>\n<figure id=\"attachment_116572\" aria-describedby=\"caption-attachment-116572\" style=\"width: 698px\" class=\"wp-caption alignnone\"><img data-recalc-dims=\"1\" loading=\"lazy\" decoding=\"async\" class=\"size-full wp-image-116572\" src=\"https:\/\/i0.wp.com\/eltrabajo.cl\/portal\/wp-content\/uploads\/2022\/08\/Apoderados-2.jpg?resize=640%2C360&#038;ssl=1\" alt=\"Poco a poco comienzan a llegar los dem\u00e1s apoderados.\" width=\"640\" height=\"360\" srcset=\"https:\/\/i0.wp.com\/eltrabajo.cl\/portal\/wp-content\/uploads\/2022\/08\/Apoderados-2.jpg?w=698&amp;ssl=1 698w, https:\/\/i0.wp.com\/eltrabajo.cl\/portal\/wp-content\/uploads\/2022\/08\/Apoderados-2.jpg?resize=300%2C169&amp;ssl=1 300w, https:\/\/i0.wp.com\/eltrabajo.cl\/portal\/wp-content\/uploads\/2022\/08\/Apoderados-2.jpg?resize=200%2C113&amp;ssl=1 200w, https:\/\/i0.wp.com\/eltrabajo.cl\/portal\/wp-content\/uploads\/2022\/08\/Apoderados-2.jpg?resize=696%2C392&amp;ssl=1 696w\" sizes=\"auto, (max-width: 640px) 100vw, 640px\" \/><figcaption id=\"caption-attachment-116572\" class=\"wp-caption-text\">Poco a poco comienzan a llegar los dem\u00e1s apoderados.<\/figcaption><\/figure>\n<figure id=\"attachment_116573\" aria-describedby=\"caption-attachment-116573\" style=\"width: 698px\" class=\"wp-caption alignnone\"><img data-recalc-dims=\"1\" loading=\"lazy\" decoding=\"async\" class=\"size-full wp-image-116573\" src=\"https:\/\/i0.wp.com\/eltrabajo.cl\/portal\/wp-content\/uploads\/2022\/08\/Apoderados-3.jpg?resize=640%2C360&#038;ssl=1\" alt=\"Al t\u00e9rmino de la entrevista los apoderados ingresaron al colegio \u2018Mis Nuevas Palabras\u2019, sin que pudieran conocerse los resultados al cierre de la presente edici\u00f3n, como asimismo la versi\u00f3n del establecimiento.\" width=\"640\" height=\"360\" srcset=\"https:\/\/i0.wp.com\/eltrabajo.cl\/portal\/wp-content\/uploads\/2022\/08\/Apoderados-3.jpg?w=698&amp;ssl=1 698w, https:\/\/i0.wp.com\/eltrabajo.cl\/portal\/wp-content\/uploads\/2022\/08\/Apoderados-3.jpg?resize=300%2C169&amp;ssl=1 300w, https:\/\/i0.wp.com\/eltrabajo.cl\/portal\/wp-content\/uploads\/2022\/08\/Apoderados-3.jpg?resize=200%2C113&amp;ssl=1 200w, https:\/\/i0.wp.com\/eltrabajo.cl\/portal\/wp-content\/uploads\/2022\/08\/Apoderados-3.jpg?resize=696%2C392&amp;ssl=1 696w\" sizes=\"auto, (max-width: 640px) 100vw, 640px\" \/><figcaption id=\"caption-attachment-116573\" class=\"wp-caption-text\">Al t\u00e9rmino de la entrevista los apoderados ingresaron al colegio \u2018Mis Nuevas Palabras\u2019, sin que pudieran conocerse los resultados al cierre de la presente edici\u00f3n, como asimismo la versi\u00f3n del establecimiento.<\/figcaption><\/figure>\n","protected":false},"excerpt":{"rendered":"<p>Un grupo de padres y apoderados est\u00e1 denunciando un supuesto maltrato psicol\u00f3gico en la escuela especial de lenguaje \u2018Mis Nuevas Palabras\u2019, ubicada en 1 Norte con Abraham Ahumada en San Felipe. Se&#8230;<\/p>\n","protected":false},"author":482,"featured_media":116572,"comment_status":"closed","ping_status":"open","sticky":false,"template":"","format":"standard","meta":{"advanced_seo_description":"","jetpack_seo_html_title":"","jetpack_seo_noindex":false,"_jetpack_memberships_contains_paid_content":false,"footnotes":""},"categories":[15],"tags":[],"class_list":["post-116570","post","type-post","status-publish","format-standard","has-post-thumbnail","hentry","category-comunidad"],"jetpack_featured_media_url":"https:\/\/i0.wp.com\/eltrabajo.cl\/portal\/wp-content\/uploads\/2022\/08\/Apoderados-2.jpg?fit=698%2C393&ssl=1","jetpack_sharing_enabled":true,"jetpack_likes_enabled":true,"jetpack-related-posts":[],"_links":{"self":[{"href":"https:\/\/eltrabajo.cl\/portal\/wp-json\/wp\/v2\/posts\/116570","targetHints":{"allow":["GET"]}}],"collection":[{"href":"https:\/\/eltrabajo.cl\/portal\/wp-json\/wp\/v2\/posts"}],"about":[{"href":"https:\/\/eltrabajo.cl\/portal\/wp-json\/wp\/v2\/types\/post"}],"author":[{"embeddable":true,"href":"https:\/\/eltrabajo.cl\/portal\/wp-json\/wp\/v2\/users\/482"}],"replies":[{"embeddable":true,"href":"https:\/\/eltrabajo.cl\/portal\/wp-json\/wp\/v2\/comments?post=116570"}],"version-history":[{"count":1,"href":"https:\/\/eltrabajo.cl\/portal\/wp-json\/wp\/v2\/posts\/116570\/revisions"}],"predecessor-version":[{"id":116574,"href":"https:\/\/eltrabajo.cl\/portal\/wp-json\/wp\/v2\/posts\/116570\/revisions\/116574"}],"wp:featuredmedia":[{"embeddable":true,"href":"https:\/\/eltrabajo.cl\/portal\/wp-json\/wp\/v2\/media\/116572"}],"wp:attachment":[{"href":"https:\/\/eltrabajo.cl\/portal\/wp-json\/wp\/v2\/media?parent=116570"}],"wp:term":[{"taxonomy":"category","embeddable":true,"href":"https:\/\/eltrabajo.cl\/portal\/wp-json\/wp\/v2\/categories?post=116570"},{"taxonomy":"post_tag","embeddable":true,"href":"https:\/\/eltrabajo.cl\/portal\/wp-json\/wp\/v2\/tags?post=116570"}],"curies":[{"name":"wp","href":"https:\/\/api.w.org\/{rel}","templated":true}]}}