{"id":116820,"date":"2022-09-07T06:55:37","date_gmt":"2022-09-07T09:55:37","guid":{"rendered":"https:\/\/eltrabajo.cl\/portal\/?p=116820"},"modified":"2022-09-07T01:17:57","modified_gmt":"2022-09-07T04:17:57","slug":"vecinos-de-el-asiento-felices-con-reparaciones-de-algunas-calles","status":"publish","type":"post","link":"https:\/\/eltrabajo.cl\/portal\/vecinos-de-el-asiento-felices-con-reparaciones-de-algunas-calles\/","title":{"rendered":"Vecinos de El Asiento felices con reparaciones de algunas calles"},"content":{"rendered":"<p style=\"text-align: left;\"><span style=\"color: #ff0000;\"><strong>Estaban atestadas de \u2018eventos\u2019:<\/strong><\/span><\/p>\n<p style=\"text-align: justify;\">D\u00edas atr\u00e1s dimos a conocer una denuncia p\u00fablica que ten\u00eda que ver con el mal estado de algunas calles en El Asiento, como Los Guindos. En esa ocasi\u00f3n estuvimos all\u00e1 gracias a la gesti\u00f3n de <strong>Luis Ortiz<\/strong>, expresidente de la junta de vecinos del sector. En el lugar conversamos con el vecino <strong>Baltazar Reyes Basualdo<\/strong>, quien denunciaba el mal estado de calles y caminos.<\/p>\n<p style=\"text-align: justify;\">Pues bien, al d\u00eda siguiente de haber hecho p\u00fablico este caso, lleg\u00f3 personal que suponemos debe haber sido de Vialidad para tapar los hoyos con gravilla y posteriormente aplicar asfalto.<\/p>\n<p style=\"text-align: justify;\">Ayer encontramos en San Felipe a Baltazar Reyes Basualdo y le preguntamos qu\u00e9 hab\u00eda sucedido con el reclamo. De inmediato nos coment\u00f3 que hab\u00edan ido a tapar los <strong>\u2018eventos\u2019<\/strong>.<\/p>\n<p style=\"text-align: justify;\">&#8211; <strong>\u00bfQu\u00e9 pas\u00f3 al final? El otro d\u00eda estuvimos en El Asiento, usted hizo un reclamo p\u00fablico a trav\u00e9s de nuestro medio sobre el mal estado del camino. Cu\u00e9ntenos qu\u00e9 pas\u00f3.<\/strong><\/p>\n<p style=\"text-align: justify;\">&#8211; Fue muy beneficioso el reclamo que se hizo por el <strong>Diario El Trabajo<\/strong> y <strong>Radio Aconcagua<\/strong>, porque fueron a arreglar al otro d\u00eda y qued\u00f3 espectacular. Despu\u00e9s de tantos a\u00f1os llegaron al tiro a arreglar.<\/p>\n<p style=\"text-align: justify;\">&#8211; <strong>\u00bfFue personal de Vialidad, algo as\u00ed, qu\u00e9 se sabe?<\/strong><\/p>\n<p style=\"text-align: justify;\">&#8211; Vialidad supongo yo que fue.<\/p>\n<p style=\"text-align: justify;\">&#8211; <strong>\u00bfEn la pr\u00e1ctica qu\u00e9 se hizo?<\/strong><\/p>\n<p style=\"text-align: justify;\">&#8211; Se llenaron todos los hoyos, todos, todos desde el Cementerio hacia la vuelta de la calle La Cancha, se taparon todos esos hoyos que hab\u00edan.<\/p>\n<p style=\"text-align: justify;\">&#8211; <strong>\u00bfBeneficioso esto para ustedes?<\/strong><\/p>\n<p style=\"text-align: justify;\">&#8211; Para todos es beneficio, para la gente del pueblo, la gente que va para all\u00e1 tambi\u00e9n.<\/p>\n<p style=\"text-align: justify;\">&#8211; <strong>\u00bfQu\u00e9 comentaron los vecinos quedaron contentos?<\/strong><\/p>\n<p style=\"text-align: justify;\">&#8211; Uff, contentos, incluso hasta por ac\u00e1 en San Felipe gente que me felicita por haber reclamado.<\/p>\n<p style=\"text-align: justify;\">&#8211; <strong>\u00bfQu\u00e9 faltar\u00eda ahora, una soluci\u00f3n m\u00e1s profunda?, porque esta es de parche, pero igual los beneficia a ustedes.<\/strong><\/p>\n<p style=\"text-align: justify;\">&#8211; S\u00ed, pero por ahora quedamos conformes con esto. Ahora estaba viendo la calle 18 de Septiembre en toda la esquina entre Santa Mar\u00eda y 18 de Septiembre tambi\u00e9n est\u00e1 mala, llena de hoyos.<\/p>\n<p style=\"text-align: justify;\">&#8211; <strong>Tambi\u00e9n que la vayan a arreglar.<\/strong><\/p>\n<p style=\"text-align: justify;\">&#8211; S\u00ed, ojala que tambi\u00e9n la vayan a arreglar porque es beneficioso para todos, porque uno no vive en esa calle, no pide que se arregle.<\/p>\n<p style=\"text-align: justify;\">&#8211; <strong>Hay que ser solidarios con los dem\u00e1s vecinos.<\/strong><\/p>\n<p style=\"text-align: justify;\">&#8211; Correcto.<\/p>\n<p style=\"text-align: justify;\">&#8211; <strong>\u00bfQu\u00e9 calles estaban malas y se arreglaron?<\/strong><\/p>\n<p style=\"text-align: justify;\">&#8211; La calle Los Guindos se arregl\u00f3 completa, completa, y parte de la calle La Cancha a la vuelta tambi\u00e9n se taparon varios hoyos.<\/p>\n<p style=\"text-align: justify;\">&#8211; <strong>\u00bfAlgo m\u00e1s que agregar para finalizar?<\/strong><\/p>\n<p style=\"text-align: justify;\">&#8211; No, por ahora estamos contentos con esto y ahora esperando el 18 para pasarlo bien.<\/p>\n<figure id=\"attachment_116822\" aria-describedby=\"caption-attachment-116822\" style=\"width: 699px\" class=\"wp-caption alignnone\"><img data-recalc-dims=\"1\" loading=\"lazy\" decoding=\"async\" class=\"size-full wp-image-116822\" src=\"https:\/\/i0.wp.com\/eltrabajo.cl\/portal\/wp-content\/uploads\/2022\/09\/Asiento-Calle.jpg?resize=640%2C481&#038;ssl=1\" alt=\"Calle Los Guindos, una de las que fueron sometidas a trabajos de mejoramiento.\" width=\"640\" height=\"481\" srcset=\"https:\/\/i0.wp.com\/eltrabajo.cl\/portal\/wp-content\/uploads\/2022\/09\/Asiento-Calle.jpg?w=699&amp;ssl=1 699w, https:\/\/i0.wp.com\/eltrabajo.cl\/portal\/wp-content\/uploads\/2022\/09\/Asiento-Calle.jpg?resize=300%2C225&amp;ssl=1 300w, https:\/\/i0.wp.com\/eltrabajo.cl\/portal\/wp-content\/uploads\/2022\/09\/Asiento-Calle.jpg?resize=200%2C150&amp;ssl=1 200w, https:\/\/i0.wp.com\/eltrabajo.cl\/portal\/wp-content\/uploads\/2022\/09\/Asiento-Calle.jpg?resize=696%2C523&amp;ssl=1 696w\" sizes=\"auto, (max-width: 640px) 100vw, 640px\" \/><figcaption id=\"caption-attachment-116822\" class=\"wp-caption-text\">Calle Los Guindos, una de las que fueron sometidas a trabajos de mejoramiento.<\/figcaption><\/figure>\n<figure id=\"attachment_116824\" aria-describedby=\"caption-attachment-116824\" style=\"width: 700px\" class=\"wp-caption alignnone\"><img data-recalc-dims=\"1\" loading=\"lazy\" decoding=\"async\" class=\"size-full wp-image-116824\" src=\"https:\/\/i0.wp.com\/eltrabajo.cl\/portal\/wp-content\/uploads\/2022\/09\/Asiento-Calle-2.jpg?resize=640%2C549&#038;ssl=1\" alt=\"Trabajadores esparciendo asfalto sobre una calle en el sector El Asiento.\" width=\"640\" height=\"549\" srcset=\"https:\/\/i0.wp.com\/eltrabajo.cl\/portal\/wp-content\/uploads\/2022\/09\/Asiento-Calle-2.jpg?w=700&amp;ssl=1 700w, https:\/\/i0.wp.com\/eltrabajo.cl\/portal\/wp-content\/uploads\/2022\/09\/Asiento-Calle-2.jpg?resize=300%2C257&amp;ssl=1 300w, https:\/\/i0.wp.com\/eltrabajo.cl\/portal\/wp-content\/uploads\/2022\/09\/Asiento-Calle-2.jpg?resize=175%2C150&amp;ssl=1 175w, https:\/\/i0.wp.com\/eltrabajo.cl\/portal\/wp-content\/uploads\/2022\/09\/Asiento-Calle-2.jpg?resize=696%2C597&amp;ssl=1 696w\" sizes=\"auto, (max-width: 640px) 100vw, 640px\" \/><figcaption id=\"caption-attachment-116824\" class=\"wp-caption-text\">Trabajadores esparciendo asfalto sobre una calle en el sector El Asiento.<\/figcaption><\/figure>\n<figure id=\"attachment_116823\" aria-describedby=\"caption-attachment-116823\" style=\"width: 700px\" class=\"wp-caption alignnone\"><img data-recalc-dims=\"1\" loading=\"lazy\" decoding=\"async\" class=\"size-full wp-image-116823\" src=\"https:\/\/i0.wp.com\/eltrabajo.cl\/portal\/wp-content\/uploads\/2022\/09\/Asiento-Baltazar.jpg?resize=640%2C572&#038;ssl=1\" alt=\"Baltazar Reyes Basualdo, conversando con nuestro medio.\" width=\"640\" height=\"572\" srcset=\"https:\/\/i0.wp.com\/eltrabajo.cl\/portal\/wp-content\/uploads\/2022\/09\/Asiento-Baltazar.jpg?w=700&amp;ssl=1 700w, https:\/\/i0.wp.com\/eltrabajo.cl\/portal\/wp-content\/uploads\/2022\/09\/Asiento-Baltazar.jpg?resize=300%2C268&amp;ssl=1 300w, https:\/\/i0.wp.com\/eltrabajo.cl\/portal\/wp-content\/uploads\/2022\/09\/Asiento-Baltazar.jpg?resize=168%2C150&amp;ssl=1 168w, https:\/\/i0.wp.com\/eltrabajo.cl\/portal\/wp-content\/uploads\/2022\/09\/Asiento-Baltazar.jpg?resize=696%2C622&amp;ssl=1 696w\" sizes=\"auto, (max-width: 640px) 100vw, 640px\" \/><figcaption id=\"caption-attachment-116823\" class=\"wp-caption-text\">Baltazar Reyes Basualdo, conversando con nuestro medio.<\/figcaption><\/figure>\n","protected":false},"excerpt":{"rendered":"<p>Estaban atestadas de \u2018eventos\u2019: D\u00edas atr\u00e1s dimos a conocer una denuncia p\u00fablica que ten\u00eda que ver con el mal estado de algunas calles en El Asiento, como Los Guindos. En esa ocasi\u00f3n&#8230;<\/p>\n","protected":false},"author":482,"featured_media":116824,"comment_status":"closed","ping_status":"open","sticky":false,"template":"","format":"standard","meta":{"advanced_seo_description":"","jetpack_seo_html_title":"","jetpack_seo_noindex":false,"_jetpack_memberships_contains_paid_content":false,"footnotes":""},"categories":[15],"tags":[],"class_list":["post-116820","post","type-post","status-publish","format-standard","has-post-thumbnail","hentry","category-comunidad"],"jetpack_featured_media_url":"https:\/\/i0.wp.com\/eltrabajo.cl\/portal\/wp-content\/uploads\/2022\/09\/Asiento-Calle-2.jpg?fit=700%2C600&ssl=1","jetpack_sharing_enabled":true,"jetpack_likes_enabled":true,"jetpack-related-posts":[],"_links":{"self":[{"href":"https:\/\/eltrabajo.cl\/portal\/wp-json\/wp\/v2\/posts\/116820","targetHints":{"allow":["GET"]}}],"collection":[{"href":"https:\/\/eltrabajo.cl\/portal\/wp-json\/wp\/v2\/posts"}],"about":[{"href":"https:\/\/eltrabajo.cl\/portal\/wp-json\/wp\/v2\/types\/post"}],"author":[{"embeddable":true,"href":"https:\/\/eltrabajo.cl\/portal\/wp-json\/wp\/v2\/users\/482"}],"replies":[{"embeddable":true,"href":"https:\/\/eltrabajo.cl\/portal\/wp-json\/wp\/v2\/comments?post=116820"}],"version-history":[{"count":1,"href":"https:\/\/eltrabajo.cl\/portal\/wp-json\/wp\/v2\/posts\/116820\/revisions"}],"predecessor-version":[{"id":116825,"href":"https:\/\/eltrabajo.cl\/portal\/wp-json\/wp\/v2\/posts\/116820\/revisions\/116825"}],"wp:featuredmedia":[{"embeddable":true,"href":"https:\/\/eltrabajo.cl\/portal\/wp-json\/wp\/v2\/media\/116824"}],"wp:attachment":[{"href":"https:\/\/eltrabajo.cl\/portal\/wp-json\/wp\/v2\/media?parent=116820"}],"wp:term":[{"taxonomy":"category","embeddable":true,"href":"https:\/\/eltrabajo.cl\/portal\/wp-json\/wp\/v2\/categories?post=116820"},{"taxonomy":"post_tag","embeddable":true,"href":"https:\/\/eltrabajo.cl\/portal\/wp-json\/wp\/v2\/tags?post=116820"}],"curies":[{"name":"wp","href":"https:\/\/api.w.org\/{rel}","templated":true}]}}