{"id":116897,"date":"2022-09-09T06:55:15","date_gmt":"2022-09-09T09:55:15","guid":{"rendered":"https:\/\/eltrabajo.cl\/portal\/?p=116897"},"modified":"2022-09-09T00:54:11","modified_gmt":"2022-09-09T03:54:11","slug":"ollitas-comunes-de-san-esteban-dona-10-tarros-de-leche-a-valeria-segura","status":"publish","type":"post","link":"https:\/\/eltrabajo.cl\/portal\/ollitas-comunes-de-san-esteban-dona-10-tarros-de-leche-a-valeria-segura\/","title":{"rendered":"\u2018Ollitas Comunes de San Esteban\u2019 dona 10 tarros de leche a Valeria Segura"},"content":{"rendered":"<p style=\"text-align: left;\"><span style=\"color: #ff0000;\"><strong>Ex guardia de seguridad sanfelipe\u00f1a afectada por varios males:<\/strong><\/span><\/p>\n<p style=\"text-align: justify;\">Desde la provincia de Los Andes nos contact\u00f3 <strong>Elizabeth Lara<\/strong>, la mujer detr\u00e1s de <strong>\u2018Ollitas Comunes de San Esteban\u2019<\/strong>, para ofrecernos 10 tarros de leche <strong>\u2018Neocate\u2019<\/strong> para la ex guardia de seguridad <strong>Valeria Segura<\/strong>, quien debe someterse a un tratamiento con fuertes antibi\u00f3ticos y requiere de una leche especial como \u00e9sta para poder resistirlo.<\/p>\n<p style=\"text-align: justify;\">Como se recordar\u00e1, Valeria Segura fue diagnosticada en 2016 con c\u00e1ncer c\u00e9rvico uterino. En 2017 es sometida a una operaci\u00f3n menor y meses despu\u00e9s, en agosto, se realiza biopsia donde vuelve a aparecer el c\u00e1ncer, por lo cual se le extirpa el \u00fatero. En 2019 se le declara una artritis reumatoide. En 2020 reaparece el c\u00e1ncer c\u00e9rvico uterino y en 2021 comienza la quimioterapia en Valpara\u00edso, tratamiento que le provoca otras enfermedades como Anasarca. Ahora, en agosto de 2022, se le detect\u00f3 la bacteria <strong>\u2018Helicobacter Pylori\u2019<\/strong> en su est\u00f3mago, la cual debido a su historial cl\u00ednico, sus bajas defensas por todos los tratamientos recibidos, constituye un serio riesgo de desarrollar un c\u00e1ncer estomacal.<\/p>\n<p style=\"text-align: justify;\">El caso lo dimos a conocer el pasado 26 de agosto, cuando se le detect\u00f3 la bacteria y se le indic\u00f3 que deb\u00eda consumir dos tarros de leche Nan a la semana para iniciar un tratamiento con fuertes antibi\u00f3ticos.<\/p>\n<p style=\"text-align: justify;\">Tras la publicaci\u00f3n nos contact\u00f3 Elizabeth Lara para ofrecernos la leche Neocate, que hechas las consultas con el facultativo que atiende a Valeria, le se\u00f1al\u00f3 que le servir\u00eda igualmente. Cabe destacar que dicho producto tiene un alto valor en el mercado.<\/p>\n<p style=\"text-align: justify;\">\n<p style=\"text-align: justify;\"><span style=\"color: #ff0000;\">\u2018OLLITAS COMUNES DE SAN ESTEBAN\u2019<\/span><\/p>\n<p style=\"text-align: justify;\">Viajamos a San Esteban junto a Valeria hasta la casa de Elizabeth Lara, quien nos sorprendi\u00f3 por la importante y solidaria labor que realiza a trav\u00e9s de \u2018Ollitas Comunes San Esteban\u2019, quien pr\u00e1cticamente sola prepara todos los a\u00f1os 100 cenas navide\u00f1as para gente de escasos recursos de la comuna, cenas costeadas por su bolsillo y a veces con amigos.<\/p>\n<p style=\"text-align: justify;\">Al margen de ello, nos dice que <em>\u00abhago las ollas comunes de lunes a lunes, entrego 115 almuerzos a adultos mayores de escasos recursos y en estado de abandono. Ahora estoy recolectando regalos para el bingo que voy a realizar para tener recursos y seguir cocinando porque est\u00e1 todo muy caro. Esto parti\u00f3 en la pandemia hace ya casi 3 a\u00f1os. Hab\u00eda entrega de harta ayuda al principio porque toda la gente quer\u00eda que la ayudara, pero cuando empez\u00f3 a bajar el tema Covid, la gente ya pod\u00eda salir a trabajar, empec\u00e9 a trabajar solo con los adultos mayores. Y me di cuenta que es una cantidad enorme de gente adulta mayor que est\u00e1 sola, en abandono, sin apoyo de la familia, que est\u00e9 pendiente de sus remedios, de lo que necesita. Y verles las caras cuando yo llego a visitarlos, una sonrisa y lo contento que se ponen, para m\u00ed eso es impagable\u00bb.<\/em><\/p>\n<p style=\"text-align: justify;\">&#8211; <strong>\u00bfEsta vocaci\u00f3n viene de siempre o hay alg\u00fan episodio que dispara esto de ayudar a los dem\u00e1s? <\/strong><\/p>\n<p style=\"text-align: justify;\">&#8211; Mi abuelita falleci\u00f3 en tiempos de pandemia, mi pap\u00e1 muri\u00f3 el 28 de mayo cuando empez\u00f3 la pandemia fuerte, no tuve la oportunidad de despedirme de \u00e9l porque lo cremaron as\u00ed que para m\u00ed fue horrible. Y esto ha ido creciendo y me ido aferrando tanto con esto de ayudar a la gente, porque en todas esas caras que veo todos los d\u00edas, veo a mi pap\u00e1 y a mi abuela que eran adultos mayores.<\/p>\n<p style=\"text-align: justify;\"><strong>&#8211; \u00bfQui\u00e9n le ayuda, instituciones, empresas, particulares?<\/strong><\/p>\n<p style=\"text-align: justify;\">&#8211; Vecinas, amigas, mi esposo, plata de mi trabajo, rifas, bingo. \u00bfEmpresas?, Red de Alimentos, esa es la \u00fanica empresa.<\/p>\n<p style=\"text-align: justify;\"><strong>&#8211; \u00bfEmpresa local de Los Andes?<\/strong><\/p>\n<p style=\"text-align: justify;\">&#8211; No, est\u00e1 en Santiago, Red de Alimentos. Y postulo a cuanto pueda para sacar algo para realizar estos almuerzos. Adem\u00e1s a m\u00ed me tiene apadrinada la feria de la comuna, as\u00ed que gracias a ellos que me donan la verdura todas las semanas, verduras frescas. A m\u00ed el presidente de la feria, don <strong>Jorge Fern\u00e1ndez<\/strong>, me ha ayudado mucho; me regalaron la cocina, porque yo no ten\u00eda cocina, ten\u00eda una cocinilla chica y la tuve que entregar porque la persona que me la hab\u00eda prestado junto con la olla, se cambiaron de ac\u00e1, y don Jorge, la <strong>Feria Los Aromos<\/strong> de ac\u00e1, me don\u00f3 una cocinilla de dos platos y los fondos.<\/p>\n<p style=\"text-align: justify;\"><strong>&#8211; \u00bfAutoridades locales, provinciales, regionales?<\/strong><\/p>\n<p style=\"text-align: justify;\">&#8211; No, absolutamente nada. Nadie, y saben lo que hago y nunca nada.<\/p>\n<p style=\"text-align: justify;\">&#8211; Ahora esta ayuda en qu\u00e9 consiste?<\/p>\n<p style=\"text-align: justify;\">&#8211; Yo preparo todos los d\u00edas 120 almuerzos, envaso en fuentes pl\u00e1sticas porque antes gastaba casi 300 mil pesos semanales en puro plumavit; compr\u00e9 los envases pl\u00e1sticos, envaso, los guardo en una caja de plumavit grande y salgo a repartir en mi veh\u00edculo personal.<\/p>\n<p style=\"text-align: justify;\">Al referirse\u00a0 esta donaci\u00f3n para Valeria, Elizabeth se\u00f1al\u00f3 que <em>\u00abun vecino me hab\u00eda donado esta leche que son para guag\u00fcitas con alergia alimentaria. Yo las ofrec\u00ed muchas veces y nunca apareci\u00f3 alguien para poder regalarla. As\u00ed que yo gustosamente hago la donaci\u00f3n de esta leche para que ella pueda tener las prote\u00ednas y vitaminas que necesita para su enfermedad. Y de verdad <\/em>(dirigi\u00e9ndose a Valeria)<em> lo que necesites, si yo te puedo ayudar cuenta conmigo, yo encantada de hacerlo. Y Dios quiera que salga todo bien\u00bb.<\/em><\/p>\n<p style=\"text-align: justify;\">Por su parte Valeria le expres\u00f3 su agradecimiento <em>\u00abporque yo vivo solamente del bolsillo de mi mam\u00e1, ella vive conmigo en mi casa, todav\u00eda estamos pagando dividendos, entonces ella paga el dividendo, la luz y el agua y el resto para sus remedios, y ella gana 190 mil pesos, este mes sac\u00f3 200, as\u00ed que es bien poco lo que queda\u00bb.<\/em><\/p>\n<p style=\"text-align: justify;\">Luego de despedirnos nos marchamos de San Esteban de regreso a San Felipe, mientras Elizabeth sube a su veh\u00edculo y se dispone a repartir los almuerzos.<\/p>\n<figure id=\"attachment_116898\" aria-describedby=\"caption-attachment-116898\" style=\"width: 700px\" class=\"wp-caption alignnone\"><img data-recalc-dims=\"1\" loading=\"lazy\" decoding=\"async\" class=\"size-full wp-image-116898\" src=\"https:\/\/i0.wp.com\/eltrabajo.cl\/portal\/wp-content\/uploads\/2022\/09\/leche-entrega.jpg?resize=640%2C487&#038;ssl=1\" alt=\"Valeria Segura junto a Elizabeth Lara este mi\u00e9rcoles en San Esteban, al momento de entregarle la leche.\" width=\"640\" height=\"487\" srcset=\"https:\/\/i0.wp.com\/eltrabajo.cl\/portal\/wp-content\/uploads\/2022\/09\/leche-entrega.jpg?w=700&amp;ssl=1 700w, https:\/\/i0.wp.com\/eltrabajo.cl\/portal\/wp-content\/uploads\/2022\/09\/leche-entrega.jpg?resize=300%2C228&amp;ssl=1 300w, https:\/\/i0.wp.com\/eltrabajo.cl\/portal\/wp-content\/uploads\/2022\/09\/leche-entrega.jpg?resize=197%2C150&amp;ssl=1 197w, https:\/\/i0.wp.com\/eltrabajo.cl\/portal\/wp-content\/uploads\/2022\/09\/leche-entrega.jpg?resize=696%2C530&amp;ssl=1 696w\" sizes=\"auto, (max-width: 640px) 100vw, 640px\" \/><figcaption id=\"caption-attachment-116898\" class=\"wp-caption-text\">Valeria Segura junto a Elizabeth Lara este mi\u00e9rcoles en San Esteban, al momento de entregarle la leche.<\/figcaption><\/figure>\n<figure id=\"attachment_116899\" aria-describedby=\"caption-attachment-116899\" style=\"width: 699px\" class=\"wp-caption alignnone\"><img data-recalc-dims=\"1\" loading=\"lazy\" decoding=\"async\" class=\"size-full wp-image-116899\" src=\"https:\/\/i0.wp.com\/eltrabajo.cl\/portal\/wp-content\/uploads\/2022\/09\/leche-cocina-Elizabeth_Lara.jpg?resize=640%2C481&#038;ssl=1\" alt=\"Elizabeth Lara prepara entre 115 a 120 almuerzos diarios, de lunes a lunes, para entregar gratuitamente a adultos mayores de San Esteban.\" width=\"640\" height=\"481\" srcset=\"https:\/\/i0.wp.com\/eltrabajo.cl\/portal\/wp-content\/uploads\/2022\/09\/leche-cocina-Elizabeth_Lara.jpg?w=699&amp;ssl=1 699w, https:\/\/i0.wp.com\/eltrabajo.cl\/portal\/wp-content\/uploads\/2022\/09\/leche-cocina-Elizabeth_Lara.jpg?resize=300%2C225&amp;ssl=1 300w, https:\/\/i0.wp.com\/eltrabajo.cl\/portal\/wp-content\/uploads\/2022\/09\/leche-cocina-Elizabeth_Lara.jpg?resize=200%2C150&amp;ssl=1 200w, https:\/\/i0.wp.com\/eltrabajo.cl\/portal\/wp-content\/uploads\/2022\/09\/leche-cocina-Elizabeth_Lara.jpg?resize=696%2C523&amp;ssl=1 696w\" sizes=\"auto, (max-width: 640px) 100vw, 640px\" \/><figcaption id=\"caption-attachment-116899\" class=\"wp-caption-text\">Elizabeth Lara prepara entre 115 a 120 almuerzos diarios, de lunes a lunes, para entregar gratuitamente a adultos mayores de San Esteban.<\/figcaption><\/figure>\n<figure id=\"attachment_116900\" aria-describedby=\"caption-attachment-116900\" style=\"width: 698px\" class=\"wp-caption alignnone\"><img data-recalc-dims=\"1\" loading=\"lazy\" decoding=\"async\" class=\"size-full wp-image-116900\" src=\"https:\/\/i0.wp.com\/eltrabajo.cl\/portal\/wp-content\/uploads\/2022\/09\/lehce-Elizabeth_Lara.jpg?resize=640%2C422&#038;ssl=1\" alt=\"Elizabeth Lara, la mujer detr\u00e1s de \u2018Ollitas Comunes San Esteban\u2019, quien realiza una tremenda labor social y humanitaria pr\u00e1cticamente sola.\" width=\"640\" height=\"422\" srcset=\"https:\/\/i0.wp.com\/eltrabajo.cl\/portal\/wp-content\/uploads\/2022\/09\/lehce-Elizabeth_Lara.jpg?w=698&amp;ssl=1 698w, https:\/\/i0.wp.com\/eltrabajo.cl\/portal\/wp-content\/uploads\/2022\/09\/lehce-Elizabeth_Lara.jpg?resize=300%2C198&amp;ssl=1 300w, https:\/\/i0.wp.com\/eltrabajo.cl\/portal\/wp-content\/uploads\/2022\/09\/lehce-Elizabeth_Lara.jpg?resize=200%2C132&amp;ssl=1 200w, https:\/\/i0.wp.com\/eltrabajo.cl\/portal\/wp-content\/uploads\/2022\/09\/lehce-Elizabeth_Lara.jpg?resize=696%2C459&amp;ssl=1 696w\" sizes=\"auto, (max-width: 640px) 100vw, 640px\" \/><figcaption id=\"caption-attachment-116900\" class=\"wp-caption-text\">Elizabeth Lara, la mujer detr\u00e1s de \u2018Ollitas Comunes San Esteban\u2019, quien realiza una tremenda labor social y humanitaria pr\u00e1cticamente sola.<\/figcaption><\/figure>\n","protected":false},"excerpt":{"rendered":"<p>Ex guardia de seguridad sanfelipe\u00f1a afectada por varios males: Desde la provincia de Los Andes nos contact\u00f3 Elizabeth Lara, la mujer detr\u00e1s de \u2018Ollitas Comunes de San Esteban\u2019, para ofrecernos 10 tarros&#8230;<\/p>\n","protected":false},"author":482,"featured_media":116898,"comment_status":"closed","ping_status":"open","sticky":false,"template":"","format":"standard","meta":{"advanced_seo_description":"","jetpack_seo_html_title":"","jetpack_seo_noindex":false,"_jetpack_memberships_contains_paid_content":false,"footnotes":""},"categories":[15],"tags":[],"class_list":["post-116897","post","type-post","status-publish","format-standard","has-post-thumbnail","hentry","category-comunidad"],"jetpack_featured_media_url":"https:\/\/i0.wp.com\/eltrabajo.cl\/portal\/wp-content\/uploads\/2022\/09\/leche-entrega.jpg?fit=700%2C533&ssl=1","jetpack_sharing_enabled":true,"jetpack_likes_enabled":true,"jetpack-related-posts":[],"_links":{"self":[{"href":"https:\/\/eltrabajo.cl\/portal\/wp-json\/wp\/v2\/posts\/116897","targetHints":{"allow":["GET"]}}],"collection":[{"href":"https:\/\/eltrabajo.cl\/portal\/wp-json\/wp\/v2\/posts"}],"about":[{"href":"https:\/\/eltrabajo.cl\/portal\/wp-json\/wp\/v2\/types\/post"}],"author":[{"embeddable":true,"href":"https:\/\/eltrabajo.cl\/portal\/wp-json\/wp\/v2\/users\/482"}],"replies":[{"embeddable":true,"href":"https:\/\/eltrabajo.cl\/portal\/wp-json\/wp\/v2\/comments?post=116897"}],"version-history":[{"count":1,"href":"https:\/\/eltrabajo.cl\/portal\/wp-json\/wp\/v2\/posts\/116897\/revisions"}],"predecessor-version":[{"id":116901,"href":"https:\/\/eltrabajo.cl\/portal\/wp-json\/wp\/v2\/posts\/116897\/revisions\/116901"}],"wp:featuredmedia":[{"embeddable":true,"href":"https:\/\/eltrabajo.cl\/portal\/wp-json\/wp\/v2\/media\/116898"}],"wp:attachment":[{"href":"https:\/\/eltrabajo.cl\/portal\/wp-json\/wp\/v2\/media?parent=116897"}],"wp:term":[{"taxonomy":"category","embeddable":true,"href":"https:\/\/eltrabajo.cl\/portal\/wp-json\/wp\/v2\/categories?post=116897"},{"taxonomy":"post_tag","embeddable":true,"href":"https:\/\/eltrabajo.cl\/portal\/wp-json\/wp\/v2\/tags?post=116897"}],"curies":[{"name":"wp","href":"https:\/\/api.w.org\/{rel}","templated":true}]}}