{"id":116902,"date":"2022-09-09T07:00:12","date_gmt":"2022-09-09T10:00:12","guid":{"rendered":"https:\/\/eltrabajo.cl\/portal\/?p=116902"},"modified":"2022-09-09T01:08:41","modified_gmt":"2022-09-09T04:08:41","slug":"familiares-de-adulto-mayor-agredido-psicologicamente-en-el-hogar-trivelli-piden-que-trabajadora-sea-desafectada","status":"publish","type":"post","link":"https:\/\/eltrabajo.cl\/portal\/familiares-de-adulto-mayor-agredido-psicologicamente-en-el-hogar-trivelli-piden-que-trabajadora-sea-desafectada\/","title":{"rendered":"Familiares de adulto mayor agredido psicol\u00f3gicamente en el \u2018Hogar Trivelli\u2019 piden que trabajadora sea desafectada"},"content":{"rendered":"<ul style=\"text-align: justify;\">\n<li style=\"text-align: left;\"><strong>Hijas del hombre cuyo video ha sido publicado en redes sociales, adem\u00e1s solicitaron bajar el registro audiovisual.-<\/strong><\/li>\n<\/ul>\n<p style=\"text-align: justify;\">Contin\u00faan las repercusiones por el video en el cual se denuncia una agresi\u00f3n psicol\u00f3gica a un adulto mayor en el <strong>\u2018Hogar Trivelli\u2019<\/strong> de nuestra ciudad. El registro muestra c\u00f3mo una trabajadora lo insulta al momento de estar ase\u00e1ndolo, luego que el hombre cosechara tunas y quedara lleno de espinas.<\/p>\n<p style=\"text-align: justify;\">Sus hijas acudieron a las autoridades del municipio, el concejal <strong>Rafael Sottolichio<\/strong> y el administrador municipal <strong>Hern\u00e1n Herrera<\/strong>, propiamente tal, para buscar ayuda y consejos legales de los caminos que pueden adoptar.<\/p>\n<p style=\"text-align: justify;\">Una de las hijas de este adulto mayor, <strong>Carmen Silva<\/strong>, coment\u00f3 que han acudido a las autoridades para buscar el apoyo, ya que seg\u00fan asegur\u00f3, buscan que esta persona no trabaje m\u00e1s en el recinto. <em>\u00abBueno el contexto fue que mi pap\u00e1 tiene Alzheimer y demencia senil, y \u00e9l se fue a meter a un tunal que hay en el lugar y mandaron a esta muchacha a sacarle las espinas y a ba\u00f1arlo. <\/em><\/p>\n<p style=\"text-align: justify;\">\u00ab<em>Ella claramente enojada lo maltrata, lo humilla, no se ve que lo golpea, pero s\u00ed lo maltrata psicol\u00f3gicamente, lo humilla, repite lo que \u00e9l le dice y en ese contexto se da la agresi\u00f3n. Hab\u00eda unas alumnas en pr\u00e1ctica y una de ellas graba la situaci\u00f3n y as\u00ed es como nos enteramos nosotros de lo que hab\u00eda pasado ese d\u00eda\u00bb,<\/em> agreg\u00f3 la mujer.<\/p>\n<p style=\"text-align: justify;\">La hija junto a sus dos hermanas acudieron al municipio durante la ma\u00f1ana de ayer jueves. En este sentido sostuvo que <em>\u00abnosotros buscamos ayuda para denunciar a esta mujer porque no queremos que siga en el hogar tratando con los abuelitos, no s\u00f3lo por mi pap\u00e1, sino que por todos. Vinimos a la municipalidad para ver si nos pueden ayudar, yo espero que despidan a la persona y que tengan el personal id\u00f3neo, con vocaci\u00f3n y que los traten con amor\u00bb. <\/em><\/p>\n<p style=\"text-align: justify;\">Respecto de si piensan entablar alguna acci\u00f3n legal en contra de la persona que grab\u00f3 el video en el cual se aprecia esta agresi\u00f3n psicol\u00f3gica, Carmen Silva indic\u00f3 que <em>\u00abno, la verdad es que si no hubiese sido por eso no nos enter\u00e1bamos, esperamos que el video lo bajen para resguardar a mi pap\u00e1 que sale desnudo en el video. Ellos dicen que es m\u00e1s grave que mi pap\u00e1 est\u00e9 en redes sociales m\u00e1s que el maltrato que recibi\u00f3\u00bb. <\/em><\/p>\n<p style=\"text-align: justify;\">Por su parte el administrador municipal, Hern\u00e1n Herrera, una vez finalizado el encuentro, se\u00f1al\u00f3 que <em>\u00abprimero que todo lamentar los hechos de los que hemos tomado conocimiento, como municipio comunicamos a la Delegaci\u00f3n Presidencial Provincial para que ellos pudieron coordinar con los entes respectivos y se realizaran las fiscalizaciones pertinentes. <\/em><\/p>\n<p style=\"text-align: justify;\">\u00ab<em>El municipio se ha puesto a disposici\u00f3n de la familia para buscar la verdad y que esto no vuelva a ocurrir para buscar la dignidad y que estos centros cumplan el resguardo a los cuales se les han dejado los adultos mayores\u00bb,<\/em> a\u00f1adi\u00f3 Herrera.<\/p>\n<p style=\"text-align: justify;\">En este contexto, es que el municipio ha dispuesto de su equipo jur\u00eddico para orientar a la familia. <em>\u00abEl municipio ha puesto a disposici\u00f3n la direcci\u00f3n jur\u00eddica con el objeto de asesorar a la familia y activar los convenios con la Universidad de Aconcagua para disponer alg\u00fan abogado que pueda permitir a la familia sentir una sensaci\u00f3n de justicia ante estos hechos que estamos lamentando\u00bb,<\/em> asegur\u00f3 el administrador municipal.<\/p>\n<p style=\"text-align: justify;\">Asimismo, el concejal Rafael Sottolichio manifest\u00f3 que se realizar\u00e1n las gestiones para que el director regional del Servicio Nacional del Adulto Mayor (Senama) pueda visitar el hogar. <em>\u00abUna vez que se me contact\u00f3 por esta situaci\u00f3n hicimos todas las gestiones para coordinarnos y juntarnos con el director regional del Senama para que pueda presentarse en el lugar, la idea es que las instituciones se puedan hacer presentes y hacerse cargo de esto\u00bb,<\/em> dijo el edil.<\/p>\n<p style=\"text-align: justify;\">\u00ab<em>Creemos que es importante que la fiscalizaci\u00f3n y el cuidado de los adultos mayores en Aconcagua en general tiene que ser del m\u00e1s alto nivel, y en ese sentido las instituciones como Senama tienen que estar presentes de manera m\u00e1s activa\u00bb,<\/em> agreg\u00f3 el concejal.<\/p>\n<p style=\"text-align: justify;\">Finalmente, Sottolichio expres\u00f3 que <em>\u00abnos contaban las hijas que hicieron un llamado a la central de la Senama y no les dieron ninguna soluci\u00f3n, y creemos que no corresponde. Vamos a seguir haciendo todos los esfuerzos e intentos para que el director regional pueda estar en la ciudad y acompa\u00f1ar a la familia\u00bb.<\/em><\/p>\n<p style=\"text-align: justify;\">\n<p style=\"text-align: justify;\"><span style=\"color: #ff0000;\">FISCALIZACI\u00d3N<\/span><\/p>\n<p style=\"text-align: justify;\">Por su parte los equipos de la Delegaci\u00f3n Presidencial Provincial (DPP) de San Felipe de Aconcagua, junto con la Seremi de Salud, realizaron una visita y fiscalizaci\u00f3n al \u2018Hogar Trivelli\u2019 durante la tarde del pasado d\u00eda mi\u00e9rcoles.<\/p>\n<p style=\"text-align: justify;\">En este sentido, la delegada presidencial, <strong>Scarlett Vald\u00e9s<\/strong>, se\u00f1al\u00f3 que <em>\u00abefectivamente despu\u00e9s de recibir esta denuncia inmediatamente concurr\u00ed con la Seremi de Salud al establecimiento para presenciar la fiscalizaci\u00f3n. Se inspeccionaron dos cosas, la parte administrativa y cumplimiento de documentaci\u00f3n que regula la larga estad\u00eda de adultos mayores, y por otro lado con una enfermera se hizo una revisi\u00f3n personal a cada uno de los 27 abuelitos que estaban en el establecimiento\u00bb.<\/em><\/p>\n<p style=\"text-align: justify;\">Respecto de lo que pudieron determinar en dicha fiscalizaci\u00f3n, Vald\u00e9s asegur\u00f3 que <em>\u00abnos encontramos con deficiencias generales, una presentaci\u00f3n personal deficiente de los abuelitos, falta de limpieza por decirlo as\u00ed, ten\u00edan rasgu\u00f1os, moretones, las u\u00f1as no estaban limpias, y esto se debe a un desorden absoluto de la parte administrativa y direcci\u00f3n t\u00e9cnica.<\/em><\/p>\n<p style=\"text-align: justify;\">\u00ab<em>No ten\u00edan un orden de la actividad que ellos hacen, no ten\u00edan de chequeo, de horarios donde se hace aseo, alimentaci\u00f3n, cada cuanto se mudan y eso es porque tienen una falta de personal importante; para la cantidad de abuelitos que ellos cuidan, deber\u00edan tener cuatro personas, sin embargo tienen dos, y dentro de esas dos una de ellas debiese estar en la direcci\u00f3n t\u00e9cnica\u00bb,<\/em> cerr\u00f3 la delegada presidencial.<\/p>\n<figure id=\"attachment_116903\" aria-describedby=\"caption-attachment-116903\" style=\"width: 698px\" class=\"wp-caption alignnone\"><img data-recalc-dims=\"1\" loading=\"lazy\" decoding=\"async\" class=\"size-full wp-image-116903\" src=\"https:\/\/i0.wp.com\/eltrabajo.cl\/portal\/wp-content\/uploads\/2022\/09\/hija-adulto-mayor-humillado.jpg?resize=640%2C370&#038;ssl=1\" alt=\"Hija del adulto mayor junto al administrador municipal, Hern\u00e1n Herrera, y el concejal Rafel Sottolichio.\" width=\"640\" height=\"370\" srcset=\"https:\/\/i0.wp.com\/eltrabajo.cl\/portal\/wp-content\/uploads\/2022\/09\/hija-adulto-mayor-humillado.jpg?w=698&amp;ssl=1 698w, https:\/\/i0.wp.com\/eltrabajo.cl\/portal\/wp-content\/uploads\/2022\/09\/hija-adulto-mayor-humillado.jpg?resize=300%2C173&amp;ssl=1 300w, https:\/\/i0.wp.com\/eltrabajo.cl\/portal\/wp-content\/uploads\/2022\/09\/hija-adulto-mayor-humillado.jpg?resize=200%2C115&amp;ssl=1 200w, https:\/\/i0.wp.com\/eltrabajo.cl\/portal\/wp-content\/uploads\/2022\/09\/hija-adulto-mayor-humillado.jpg?resize=696%2C402&amp;ssl=1 696w\" sizes=\"auto, (max-width: 640px) 100vw, 640px\" \/><figcaption id=\"caption-attachment-116903\" class=\"wp-caption-text\">Hija del adulto mayor junto al administrador municipal, Hern\u00e1n Herrera, y el concejal Rafel Sottolichio.<\/figcaption><\/figure>\n","protected":false},"excerpt":{"rendered":"<p>Hijas del hombre cuyo video ha sido publicado en redes sociales, adem\u00e1s solicitaron bajar el registro audiovisual.- Contin\u00faan las repercusiones por el video en el cual se denuncia una agresi\u00f3n psicol\u00f3gica a&#8230;<\/p>\n","protected":false},"author":482,"featured_media":116903,"comment_status":"closed","ping_status":"open","sticky":false,"template":"","format":"standard","meta":{"advanced_seo_description":"","jetpack_seo_html_title":"","jetpack_seo_noindex":false,"_jetpack_memberships_contains_paid_content":false,"footnotes":""},"categories":[103],"tags":[],"class_list":["post-116902","post","type-post","status-publish","format-standard","has-post-thumbnail","hentry","category-cronica-2"],"jetpack_featured_media_url":"https:\/\/i0.wp.com\/eltrabajo.cl\/portal\/wp-content\/uploads\/2022\/09\/hija-adulto-mayor-humillado.jpg?fit=698%2C403&ssl=1","jetpack_sharing_enabled":true,"jetpack_likes_enabled":true,"jetpack-related-posts":[],"_links":{"self":[{"href":"https:\/\/eltrabajo.cl\/portal\/wp-json\/wp\/v2\/posts\/116902","targetHints":{"allow":["GET"]}}],"collection":[{"href":"https:\/\/eltrabajo.cl\/portal\/wp-json\/wp\/v2\/posts"}],"about":[{"href":"https:\/\/eltrabajo.cl\/portal\/wp-json\/wp\/v2\/types\/post"}],"author":[{"embeddable":true,"href":"https:\/\/eltrabajo.cl\/portal\/wp-json\/wp\/v2\/users\/482"}],"replies":[{"embeddable":true,"href":"https:\/\/eltrabajo.cl\/portal\/wp-json\/wp\/v2\/comments?post=116902"}],"version-history":[{"count":1,"href":"https:\/\/eltrabajo.cl\/portal\/wp-json\/wp\/v2\/posts\/116902\/revisions"}],"predecessor-version":[{"id":116904,"href":"https:\/\/eltrabajo.cl\/portal\/wp-json\/wp\/v2\/posts\/116902\/revisions\/116904"}],"wp:featuredmedia":[{"embeddable":true,"href":"https:\/\/eltrabajo.cl\/portal\/wp-json\/wp\/v2\/media\/116903"}],"wp:attachment":[{"href":"https:\/\/eltrabajo.cl\/portal\/wp-json\/wp\/v2\/media?parent=116902"}],"wp:term":[{"taxonomy":"category","embeddable":true,"href":"https:\/\/eltrabajo.cl\/portal\/wp-json\/wp\/v2\/categories?post=116902"},{"taxonomy":"post_tag","embeddable":true,"href":"https:\/\/eltrabajo.cl\/portal\/wp-json\/wp\/v2\/tags?post=116902"}],"curies":[{"name":"wp","href":"https:\/\/api.w.org\/{rel}","templated":true}]}}