{"id":117062,"date":"2022-09-20T07:40:58","date_gmt":"2022-09-20T10:40:58","guid":{"rendered":"https:\/\/eltrabajo.cl\/portal\/?p=117062"},"modified":"2022-09-19T23:58:02","modified_gmt":"2022-09-20T02:58:02","slug":"turba-de-unos-diez-sujetos-roba-unos-25-millones-de-pesos-en-especies","status":"publish","type":"post","link":"https:\/\/eltrabajo.cl\/portal\/turba-de-unos-diez-sujetos-roba-unos-25-millones-de-pesos-en-especies\/","title":{"rendered":"Turba de unos diez sujetos roba unos 25 millones de pesos en especies"},"content":{"rendered":"<p style=\"text-align: left;\"><span style=\"color: #ff0000;\"><strong>En v\u00edsperas de Fiestas Patrias:<\/strong><\/span><\/p>\n<p style=\"text-align: justify;\">En la antesala de las celebraciones por las Fiestas Patrias, Carabineros de San Felipe detuvo a dos sujetos acusados de haber entrado a robar a un lugar no habitado ubicado en calle Las Heras de nuestra ciudad.<\/p>\n<p style=\"text-align: justify;\">La informaci\u00f3n la entreg\u00f3 el mayor <strong>Cristian Ram\u00edrez Gald\u00e1mez<\/strong>, comisario de la Segunda Comisar\u00eda de Carabineros de San Felipe, indicando que alrededor de las 18:00 horas del mi\u00e9rcoles, funcionarios de esa instituci\u00f3n, <em>\u00abalertados por la central de comunicaciones, concurren a un procedimiento espec\u00edficamente en Avenida Las Heras, el cual consist\u00eda en un robo a lugar no habitado. Y el personal policial, al llegar al lugar, aprecia un grupo de aproximadamente 10 personas, las que al ver la presencia policial huyen al interior de una poblaci\u00f3n adyacente al lugar. Sin embargo le logran dar alcance a uno de los autores del il\u00edcito, el cual portaba unas especies producto del robo y al ingresar y efectuar un registro en el exterior del recinto, encuentran a otra persona, la cual portaba un armamento a fogueo con su ca\u00f1\u00f3n perforado, adaptado para tiro real, el cual corresponde a las armas prohibidas conforme a la modificaci\u00f3n a la ley de control de armas y explosivos\u00bb,<\/em> dice.<\/p>\n<p style=\"text-align: justify;\">El aval\u00fao aproximado de las especies robadas asciende a la suma de 25 millones de pesos, seg\u00fan lo que cont\u00f3 la v\u00edctima a Carabineros; <em>\u00absin embargo se logr\u00f3 recuperar parte de lo robado. Lamentamos mucho lo ocurrido, nosotros sin embargo tratamos de llegar lo antes posible, de hecho el tiempo de respuesta fue de un minuto por parte de Carabineros y se logr\u00f3 el resultado que acabo de se\u00f1alar. Tambi\u00e9n uno de los detenidos portaba un morral, adosado a su cuerpo, manten\u00eda una bolsa contenedora de droga que correspond\u00eda a pasta base que asciende a 4 gramos\u00bb,<\/em> dijo el oficial.<\/p>\n<p style=\"text-align: justify;\">Los dos imputados son mayores de edad y uno de ellos tiene antecedentes policiales, siendo derivados ambos a control de detenci\u00f3n.<\/p>\n<p style=\"text-align: justify;\"><span style=\"color: #ff0000;\">DETENIDO POR ROBO EN CALLE PRAT<\/span><\/p>\n<p style=\"text-align: justify;\">Tambi\u00e9n el mayor de Carabineros Cristian Ram\u00edrez Gald\u00e1mez inform\u00f3 sobre la detenci\u00f3n de una persona que hab\u00eda entrado a robar a una casa en calle Prat. Todo alertado por las c\u00e1maras de televigilancia de la Municipalidad de San Felipe.<\/p>\n<figure id=\"attachment_117063\" aria-describedby=\"caption-attachment-117063\" style=\"width: 700px\" class=\"wp-caption alignnone\"><img data-recalc-dims=\"1\" loading=\"lazy\" decoding=\"async\" class=\"wp-image-117063 size-full\" src=\"https:\/\/i0.wp.com\/eltrabajo.cl\/portal\/wp-content\/uploads\/2022\/09\/robo-prat.jpg?resize=640%2C366&#038;ssl=1\" alt=\"Las especies que un sujeto portaba luego de entrar a robar a una casa en calle Prat.\" width=\"640\" height=\"366\" srcset=\"https:\/\/i0.wp.com\/eltrabajo.cl\/portal\/wp-content\/uploads\/2022\/09\/robo-prat.jpg?w=700&amp;ssl=1 700w, https:\/\/i0.wp.com\/eltrabajo.cl\/portal\/wp-content\/uploads\/2022\/09\/robo-prat.jpg?resize=300%2C171&amp;ssl=1 300w, https:\/\/i0.wp.com\/eltrabajo.cl\/portal\/wp-content\/uploads\/2022\/09\/robo-prat.jpg?resize=200%2C114&amp;ssl=1 200w, https:\/\/i0.wp.com\/eltrabajo.cl\/portal\/wp-content\/uploads\/2022\/09\/robo-prat.jpg?resize=696%2C398&amp;ssl=1 696w\" sizes=\"auto, (max-width: 640px) 100vw, 640px\" \/><figcaption id=\"caption-attachment-117063\" class=\"wp-caption-text\">Las especies que un sujeto portaba luego de entrar a robar a una casa en calle Prat.<\/figcaption><\/figure>\n<figure id=\"attachment_117064\" aria-describedby=\"caption-attachment-117064\" style=\"width: 698px\" class=\"wp-caption alignnone\"><img data-recalc-dims=\"1\" loading=\"lazy\" decoding=\"async\" class=\"wp-image-117064 size-full\" src=\"https:\/\/i0.wp.com\/eltrabajo.cl\/portal\/wp-content\/uploads\/2022\/09\/robo-turbazo.jpg?resize=640%2C360&#038;ssl=1\" alt=\"Esta fue la pistola adaptada incautada a un sujeto detenido por entrar a robar a un lugar no habitado en calle Las Heras.\" width=\"640\" height=\"360\" srcset=\"https:\/\/i0.wp.com\/eltrabajo.cl\/portal\/wp-content\/uploads\/2022\/09\/robo-turbazo.jpg?w=698&amp;ssl=1 698w, https:\/\/i0.wp.com\/eltrabajo.cl\/portal\/wp-content\/uploads\/2022\/09\/robo-turbazo.jpg?resize=300%2C169&amp;ssl=1 300w, https:\/\/i0.wp.com\/eltrabajo.cl\/portal\/wp-content\/uploads\/2022\/09\/robo-turbazo.jpg?resize=200%2C113&amp;ssl=1 200w, https:\/\/i0.wp.com\/eltrabajo.cl\/portal\/wp-content\/uploads\/2022\/09\/robo-turbazo.jpg?resize=696%2C392&amp;ssl=1 696w\" sizes=\"auto, (max-width: 640px) 100vw, 640px\" \/><figcaption id=\"caption-attachment-117064\" class=\"wp-caption-text\">Esta fue la pistola adaptada incautada a un sujeto detenido por entrar a robar a un lugar no habitado en calle Las Heras.<\/figcaption><\/figure>\n","protected":false},"excerpt":{"rendered":"<p>En v\u00edsperas de Fiestas Patrias: En la antesala de las celebraciones por las Fiestas Patrias, Carabineros de San Felipe detuvo a dos sujetos acusados de haber entrado a robar a un lugar&#8230;<\/p>\n","protected":false},"author":482,"featured_media":117064,"comment_status":"closed","ping_status":"open","sticky":false,"template":"","format":"standard","meta":{"advanced_seo_description":"","jetpack_seo_html_title":"","jetpack_seo_noindex":false,"_jetpack_memberships_contains_paid_content":false,"footnotes":""},"categories":[21],"tags":[],"class_list":["post-117062","post","type-post","status-publish","format-standard","has-post-thumbnail","hentry","category-policial"],"jetpack_featured_media_url":"https:\/\/i0.wp.com\/eltrabajo.cl\/portal\/wp-content\/uploads\/2022\/09\/robo-turbazo.jpg?fit=698%2C393&ssl=1","jetpack_sharing_enabled":true,"jetpack_likes_enabled":true,"jetpack-related-posts":[],"_links":{"self":[{"href":"https:\/\/eltrabajo.cl\/portal\/wp-json\/wp\/v2\/posts\/117062","targetHints":{"allow":["GET"]}}],"collection":[{"href":"https:\/\/eltrabajo.cl\/portal\/wp-json\/wp\/v2\/posts"}],"about":[{"href":"https:\/\/eltrabajo.cl\/portal\/wp-json\/wp\/v2\/types\/post"}],"author":[{"embeddable":true,"href":"https:\/\/eltrabajo.cl\/portal\/wp-json\/wp\/v2\/users\/482"}],"replies":[{"embeddable":true,"href":"https:\/\/eltrabajo.cl\/portal\/wp-json\/wp\/v2\/comments?post=117062"}],"version-history":[{"count":2,"href":"https:\/\/eltrabajo.cl\/portal\/wp-json\/wp\/v2\/posts\/117062\/revisions"}],"predecessor-version":[{"id":117084,"href":"https:\/\/eltrabajo.cl\/portal\/wp-json\/wp\/v2\/posts\/117062\/revisions\/117084"}],"wp:featuredmedia":[{"embeddable":true,"href":"https:\/\/eltrabajo.cl\/portal\/wp-json\/wp\/v2\/media\/117064"}],"wp:attachment":[{"href":"https:\/\/eltrabajo.cl\/portal\/wp-json\/wp\/v2\/media?parent=117062"}],"wp:term":[{"taxonomy":"category","embeddable":true,"href":"https:\/\/eltrabajo.cl\/portal\/wp-json\/wp\/v2\/categories?post=117062"},{"taxonomy":"post_tag","embeddable":true,"href":"https:\/\/eltrabajo.cl\/portal\/wp-json\/wp\/v2\/tags?post=117062"}],"curies":[{"name":"wp","href":"https:\/\/api.w.org\/{rel}","templated":true}]}}