{"id":117104,"date":"2022-09-21T07:55:35","date_gmt":"2022-09-21T10:55:35","guid":{"rendered":"https:\/\/eltrabajo.cl\/portal\/?p=117104"},"modified":"2022-09-20T23:38:19","modified_gmt":"2022-09-21T02:38:19","slug":"trece-detenidos-y-sobre-900-controles-en-fin-de-semana-de-fiestas-patrias","status":"publish","type":"post","link":"https:\/\/eltrabajo.cl\/portal\/trece-detenidos-y-sobre-900-controles-en-fin-de-semana-de-fiestas-patrias\/","title":{"rendered":"Trece detenidos y sobre 900 controles en fin de semana de Fiestas Patrias"},"content":{"rendered":"<p style=\"text-align: left;\"><span style=\"color: #ff0000;\"><strong>Positivo balance realiz\u00f3 Carabineros:<\/strong><\/span><\/p>\n<p style=\"text-align: justify;\">Un nuevo \u201818 de septiembre\u2019 qued\u00f3 en el pasado, y mientras algunos a\u00fan viven las secuelas de tanta parrilla, terremotos y pies de cuecas, Carabineros realiz\u00f3 el balance respectivo de lo ocurrido en nuestra provincia de San Felipe de Aconcagua. Fueron cuatro d\u00edas de celebraci\u00f3n en donde el personal policial estuvo desplegado en distintas rutas de la provincia, as\u00ed como tambi\u00e9n en los lugares donde se realizaron fondas y ramadas.<\/p>\n<p style=\"text-align: justify;\">En este sentido, el mayor <strong>Cristian Ram\u00edrez<\/strong>, comisario de la Segunda Comisar\u00eda de Carabineros de San Felipe, destac\u00f3 el trabajo policial y el entendimiento de las personas con las campa\u00f1as preventivas realizadas por la misma instituci\u00f3n.<\/p>\n<p style=\"text-align: justify;\">El mayor Ram\u00edrez se\u00f1al\u00f3: <em>\u00abPrimero que todo agradecer el comportamiento de los vecinos puesto que acataron una serie de instrucciones, recomendaciones y esto fue complementado con las patrullas comunitarias con las que hicimos una exhaustiva campa\u00f1a de llamado a la conciencia en materia de prevenci\u00f3n.<\/em><\/p>\n<p style=\"text-align: justify;\">\u00ab<em>A ra\u00edz de lo mismo y marcando una amplia presencia policial en las seis comunas de la provincia de San Felipe, en las que Carabineros despleg\u00f3 el m\u00e1ximo de personal y dispositivos policiales para marcar una mayor presencia policial, para la seguridad de todos los vecinos\u00bb,<\/em> agreg\u00f3 el comisario.<\/p>\n<p style=\"text-align: justify;\">Trabajo de Carabineros desarrollado durante estos d\u00edas de celebraciones que en detalle dej\u00f3 <em>\u00abalrededor de 900 controles que se realizaron en la provincia, en la que cursamos 140 infracciones al tr\u00e1nsito, 8 personas detenidas por conducci\u00f3n en estado de ebriedad, y tambi\u00e9n hubo 5 detenido por diferentes delitos. Tambi\u00e9n se aplicaron fiscalizaciones y controles con radar para la velocidad\u00bb,<\/em> precis\u00f3 el mayor Cristian Ram\u00edrez.<\/p>\n<p style=\"text-align: justify;\">En este mismo contexto, es que <em>\u00abse efectuaron controles alcotest y estamos muy conformes con el trabajo desarrollado, no tenemos que lamentar personas fallecidas en nuestra provincia, que es lo que esper\u00e1bamos, cuidar a nuestros vecinos. Estamos conformes y agradecido de las autoridades que participaron en esto, delegada presidencial, Seremi de Salud, alcaldes, municipios\u00bb,<\/em> destac\u00f3 el comisario de Carabineros.<\/p>\n<p style=\"text-align: justify;\">Finalmente, el mayor Ram\u00edrez sostuvo que <em>\u00aben comparaci\u00f3n a a\u00f1os anteriores, tomamos todos los resguardos del caso, hubo mucha concurrencia de p\u00fablico a diversas actividades, sacamos cuentas alegres conforme a nuestra labor realizada\u00bb. <\/em><\/p>\n<p style=\"text-align: justify;\">\n<p style=\"text-align: justify;\"><span style=\"color: #ff0000;\">BOMBEROS<\/span><\/p>\n<p style=\"text-align: justify;\">Por su parte desde Bomberos tambi\u00e9n realizaron un balance positivo de lo que fueron estos d\u00edas de celebraciones. Fue el comandante <strong>Juan Carlos Herrera Lillo<\/strong> quien indic\u00f3 que <em>\u00abafortunadamente no hubo incendios estructurales durante estos d\u00edas, s\u00f3lo de pastizales que fueron controlados r\u00e1pidamente. Bomberos concurri\u00f3 a algunos accidentes de tr\u00e1nsito, afortunadamente ninguno de gravedad en nuestra ciudad\u00bb. <\/em><\/p>\n<figure id=\"attachment_117105\" aria-describedby=\"caption-attachment-117105\" style=\"width: 699px\" class=\"wp-caption alignnone\"><img data-recalc-dims=\"1\" loading=\"lazy\" decoding=\"async\" class=\"size-full wp-image-117105\" src=\"https:\/\/i0.wp.com\/eltrabajo.cl\/portal\/wp-content\/uploads\/2022\/09\/mayor-Cristian_Ramirez.jpg?resize=640%2C468&#038;ssl=1\" alt=\"Mayor Cristian Ram\u00edrez, comisario de Carabineros.\" width=\"640\" height=\"468\" srcset=\"https:\/\/i0.wp.com\/eltrabajo.cl\/portal\/wp-content\/uploads\/2022\/09\/mayor-Cristian_Ramirez.jpg?w=699&amp;ssl=1 699w, https:\/\/i0.wp.com\/eltrabajo.cl\/portal\/wp-content\/uploads\/2022\/09\/mayor-Cristian_Ramirez.jpg?resize=300%2C219&amp;ssl=1 300w, https:\/\/i0.wp.com\/eltrabajo.cl\/portal\/wp-content\/uploads\/2022\/09\/mayor-Cristian_Ramirez.jpg?resize=200%2C146&amp;ssl=1 200w, https:\/\/i0.wp.com\/eltrabajo.cl\/portal\/wp-content\/uploads\/2022\/09\/mayor-Cristian_Ramirez.jpg?resize=696%2C509&amp;ssl=1 696w\" sizes=\"auto, (max-width: 640px) 100vw, 640px\" \/><figcaption id=\"caption-attachment-117105\" class=\"wp-caption-text\">Mayor Cristian Ram\u00edrez, comisario de Carabineros.<\/figcaption><\/figure>\n","protected":false},"excerpt":{"rendered":"<p>Positivo balance realiz\u00f3 Carabineros: Un nuevo \u201818 de septiembre\u2019 qued\u00f3 en el pasado, y mientras algunos a\u00fan viven las secuelas de tanta parrilla, terremotos y pies de cuecas, Carabineros realiz\u00f3 el balance&#8230;<\/p>\n","protected":false},"author":482,"featured_media":117105,"comment_status":"closed","ping_status":"open","sticky":false,"template":"","format":"standard","meta":{"advanced_seo_description":"","jetpack_seo_html_title":"","jetpack_seo_noindex":false,"_jetpack_memberships_contains_paid_content":false,"footnotes":""},"categories":[21],"tags":[],"class_list":["post-117104","post","type-post","status-publish","format-standard","has-post-thumbnail","hentry","category-policial"],"jetpack_featured_media_url":"https:\/\/i0.wp.com\/eltrabajo.cl\/portal\/wp-content\/uploads\/2022\/09\/mayor-Cristian_Ramirez.jpg?fit=699%2C511&ssl=1","jetpack_sharing_enabled":true,"jetpack_likes_enabled":true,"jetpack-related-posts":[],"_links":{"self":[{"href":"https:\/\/eltrabajo.cl\/portal\/wp-json\/wp\/v2\/posts\/117104","targetHints":{"allow":["GET"]}}],"collection":[{"href":"https:\/\/eltrabajo.cl\/portal\/wp-json\/wp\/v2\/posts"}],"about":[{"href":"https:\/\/eltrabajo.cl\/portal\/wp-json\/wp\/v2\/types\/post"}],"author":[{"embeddable":true,"href":"https:\/\/eltrabajo.cl\/portal\/wp-json\/wp\/v2\/users\/482"}],"replies":[{"embeddable":true,"href":"https:\/\/eltrabajo.cl\/portal\/wp-json\/wp\/v2\/comments?post=117104"}],"version-history":[{"count":1,"href":"https:\/\/eltrabajo.cl\/portal\/wp-json\/wp\/v2\/posts\/117104\/revisions"}],"predecessor-version":[{"id":117106,"href":"https:\/\/eltrabajo.cl\/portal\/wp-json\/wp\/v2\/posts\/117104\/revisions\/117106"}],"wp:featuredmedia":[{"embeddable":true,"href":"https:\/\/eltrabajo.cl\/portal\/wp-json\/wp\/v2\/media\/117105"}],"wp:attachment":[{"href":"https:\/\/eltrabajo.cl\/portal\/wp-json\/wp\/v2\/media?parent=117104"}],"wp:term":[{"taxonomy":"category","embeddable":true,"href":"https:\/\/eltrabajo.cl\/portal\/wp-json\/wp\/v2\/categories?post=117104"},{"taxonomy":"post_tag","embeddable":true,"href":"https:\/\/eltrabajo.cl\/portal\/wp-json\/wp\/v2\/tags?post=117104"}],"curies":[{"name":"wp","href":"https:\/\/api.w.org\/{rel}","templated":true}]}}