{"id":117141,"date":"2022-09-23T07:40:25","date_gmt":"2022-09-23T10:40:25","guid":{"rendered":"https:\/\/eltrabajo.cl\/portal\/?p=117141"},"modified":"2022-09-22T23:46:14","modified_gmt":"2022-09-23T02:46:14","slug":"con-novena-inician-hoy-celebracion-de-los-60-anos-de-parroquia-andacollo","status":"publish","type":"post","link":"https:\/\/eltrabajo.cl\/portal\/con-novena-inician-hoy-celebracion-de-los-60-anos-de-parroquia-andacollo\/","title":{"rendered":"Con Novena inician hoy celebraci\u00f3n de los 60 a\u00f1os de Parroquia Andacollo"},"content":{"rendered":"<p style=\"text-align: justify;\">Hoy con la Novena comienzan a celebrar los 60 a\u00f1os de la <strong>Parroquia Andacollo<\/strong> ubicada en Avenida Diego de Almagro de San Felipe y que dirige el padre <strong>Luis Felipe Vergara<\/strong>.<\/p>\n<p style=\"text-align: justify;\">Conversamos con <strong>Marcela Vargas Zavali<\/strong>, una de las servidoras de la parroquia, quien nos dijo que <em>\u00abempezamos el viernes <\/em>(hoy)<em> con la Novena de la Virgen, porque la Parroquia Andacollo est\u00e1 de aniversario, va a cumplir 60 a\u00f1os desde su creaci\u00f3n, entonces empieza con la Novena que es todos los d\u00edas a las siete <\/em>(de la tarde)<em> y la pr\u00f3xima semana, el d\u00eda viernes, es la vigilia de los difuntos. Y este domingo es la caravana en veh\u00edculos por la ciudad, y el 2 <\/em>(de octubre)<em> es la Fiesta Patronal, ah\u00ed es la procesi\u00f3n de la Virgen por el centro en que vienen los huasos, bailes chinos y toda la gente que quiere participar\u00bb,<\/em> dice.<\/p>\n<p style=\"text-align: justify;\">&#8211; <strong>\u00bfLa Parroquia Andacollo tiene hartos fieles?<\/strong><\/p>\n<p style=\"text-align: justify;\">&#8211; S\u00ed, tiene muchos fieles, gente de todas partes son fieles de la Virgen.<\/p>\n<p style=\"text-align: justify;\">&#8211; <strong>\u00bfEsta peregrinaci\u00f3n es la tradicional por el centro?<\/strong><\/p>\n<p style=\"text-align: justify;\">&#8211; S\u00ed, desde el templo a la plaza, da la vuelta y baja por Prat y llega al templo.<\/p>\n<p style=\"text-align: justify;\">&#8211; <strong>\u00bfEl recorrido principalmente d\u00f3nde va a estar publicado para que los fieles sepan, por ejemplo en Facebook, en alg\u00fan lado?<\/strong><\/p>\n<p style=\"text-align: justify;\">&#8211; Est\u00e1 en la p\u00e1gina de \u2018Vivo con Fe\u2019, ah\u00ed est\u00e1 el recorrido.<\/p>\n<p style=\"text-align: justify;\">&#8211; <strong>\u00bfEl significado que tienen todas estas celebraciones para ustedes?<\/strong><\/p>\n<p style=\"text-align: justify;\">&#8211; Para nosotros es la fe, el amor a nuestra madre y la gente, yo creo que tambi\u00e9n su fervor a ella, porque la gente va por la Virgen, bueno por el Se\u00f1or, pero somos seguidores de nuestra madre de Andacollo.<\/p>\n<p style=\"text-align: justify;\">&#8211; <strong>Reiterar se\u00f1ora Marcela, cu\u00e1ndo comienzan las actividades de aniversario de los 60 a\u00f1os de la Parroquia Andacollo.<\/strong><\/p>\n<p style=\"text-align: justify;\">&#8211; Este viernes (hoy) con la iniciaci\u00f3n de las Novenas de Andacollo. El s\u00e1bado (ma\u00f1ana) hay primeras comuniones, tenemos 50 ni\u00f1os que van a hacer su primera comuni\u00f3n. El domingo es la caravana en veh\u00edculos por la ciudad, que es como hacer la propaganda para la Fiesta de la Virgen.<\/p>\n<p style=\"text-align: justify;\">&#8211; <strong>\u00bfFinalmente?<\/strong><\/p>\n<p style=\"text-align: justify;\">&#8211; El 02 de octubre tenemos la procesi\u00f3n, la gran fiesta&#8230; esa es la gran fiesta de la Virgen de Andacollo, a las tres de la tarde.<\/p>\n<p style=\"text-align: justify;\">&#8211; <strong>\u00bfAh\u00ed van con cantos, alabanzas?<\/strong><\/p>\n<p style=\"text-align: justify;\">&#8211; Con cantos, bailes chinos, los huasos, todo eso.<\/p>\n<p style=\"text-align: justify;\">&#8211; <strong>\u00bfVienen de inmediato los huasos, bailes chinos?<\/strong><\/p>\n<p style=\"text-align: justify;\">&#8211; S\u00ed, todos los a\u00f1os, muy fieles a la Virgen.<\/p>\n<p style=\"text-align: justify;\">&#8211; <strong>Haga la invitaci\u00f3n.<\/strong><\/p>\n<p style=\"text-align: justify;\">&#8211; S\u00ed, hacer la invitaci\u00f3n a la gente que nos acompa\u00f1e, que acompa\u00f1e a la Virgen en su recorrido, en su fiesta, en su celebraci\u00f3n de los 60 a\u00f1os.<\/p>\n<p style=\"text-align: justify;\">\n<p style=\"text-align: justify;\"><span style=\"color: #ff0000;\">TERMIN\u00d3 EL COMEDOR<\/span><\/p>\n<p style=\"text-align: justify;\">En medio de la conversaci\u00f3n aprovechamos de consultarle por el comedor solidario, en el sentido de saber c\u00f3mo les ha ido este a\u00f1o, teniendo en cuenta los tiempos dif\u00edciles que se viven, a lo que nos respondi\u00f3: <em>\u00abNunca nos faltaron los recursos realmente; no hubo la colaboraci\u00f3n de otros a\u00f1os, pero s\u00ed este a\u00f1o tuvimos los recursos para dar almuerzo durante dos meses y medio&#8230; Estuvo bien bueno\u00bb.<\/em><\/p>\n<p style=\"text-align: justify;\">&#8211; <strong>\u00bfA cu\u00e1nta gente daban almuerzos?<\/strong><\/p>\n<p style=\"text-align: justify;\">&#8211; Este a\u00f1o nos pusimos un n\u00famero de personas, dimos almuerzos para 200 personas, todos los d\u00edas para maximizar los recursos, porque como no era tanta cantidad tampoco, ten\u00edamos que aprovechar lo que ten\u00edamos, pero nunca nos falt\u00f3, siempre nos lleg\u00f3 ayuda de cualquier lado, de personas an\u00f3nimas, instituciones, nos lleg\u00f3 la ayuda.<\/p>\n<p style=\"text-align: justify;\">&#8211; <strong>\u00bfSe termin\u00f3 el comedor?<\/strong><\/p>\n<p style=\"text-align: justify;\">&#8211; Ya lo paramos nosotros en esta fecha, porque ya empieza a haber un poco m\u00e1s de trabajo, entonces ya se da cuenta uno.<\/p>\n<p style=\"text-align: justify;\">&#8211; <strong>\u00bfCondicionado un poco a eso?<\/strong><\/p>\n<p style=\"text-align: justify;\">&#8211; S\u00ed, porque antes lo hac\u00edamos desde junio hasta agosto, los meses m\u00e1s dif\u00edciles, pero en tiempo de pandemia hicimos todo el a\u00f1o, llegamos a hacer 500 almuerzos diarios.<\/p>\n<p style=\"text-align: justify;\">&#8211; <strong>Agradecer a la gente.<\/strong><\/p>\n<p style=\"text-align: justify;\">&#8211; Agradecer a la gente que nos colabor\u00f3, los feriantes que ellos son un pilar muy importante para nosotros en el desarrollo del comedor; a las personas an\u00f3nimas, a los amigos del padre que se portaron un 7 este a\u00f1o para las ayudas, as\u00ed es que agradecer a todas y todos que pudo cooperarnos de una u otra manera.<\/p>\n<p style=\"text-align: justify;\">La Novena (del lat\u00edn novem, \u2018nueve\u2019) es un ejercicio de devoci\u00f3n que se practica durante nueve d\u00edas para obtener alguna gracia o pedir por una determinada intenci\u00f3n.<\/p>\n<figure id=\"attachment_117142\" aria-describedby=\"caption-attachment-117142\" style=\"width: 699px\" class=\"wp-caption alignnone\"><img data-recalc-dims=\"1\" loading=\"lazy\" decoding=\"async\" class=\"size-full wp-image-117142\" src=\"https:\/\/i0.wp.com\/eltrabajo.cl\/portal\/wp-content\/uploads\/2022\/09\/Andacollo-Celinda_Ahumada-y-Marcela_Vargas-.jpg?resize=640%2C481&#038;ssl=1\" alt=\"De izquierda a derecha Celinda Ahumada Colarte y Marcela Vargas Zaval\u00ed, servidoras de la Parroquia Andacollo.\" width=\"640\" height=\"481\" srcset=\"https:\/\/i0.wp.com\/eltrabajo.cl\/portal\/wp-content\/uploads\/2022\/09\/Andacollo-Celinda_Ahumada-y-Marcela_Vargas-.jpg?w=699&amp;ssl=1 699w, https:\/\/i0.wp.com\/eltrabajo.cl\/portal\/wp-content\/uploads\/2022\/09\/Andacollo-Celinda_Ahumada-y-Marcela_Vargas-.jpg?resize=300%2C225&amp;ssl=1 300w, https:\/\/i0.wp.com\/eltrabajo.cl\/portal\/wp-content\/uploads\/2022\/09\/Andacollo-Celinda_Ahumada-y-Marcela_Vargas-.jpg?resize=200%2C150&amp;ssl=1 200w, https:\/\/i0.wp.com\/eltrabajo.cl\/portal\/wp-content\/uploads\/2022\/09\/Andacollo-Celinda_Ahumada-y-Marcela_Vargas-.jpg?resize=696%2C523&amp;ssl=1 696w\" sizes=\"auto, (max-width: 640px) 100vw, 640px\" \/><figcaption id=\"caption-attachment-117142\" class=\"wp-caption-text\">De izquierda a derecha Celinda Ahumada Colarte y Marcela Vargas Zaval\u00ed, servidoras de la Parroquia Andacollo.<\/figcaption><\/figure>\n<figure id=\"attachment_117143\" aria-describedby=\"caption-attachment-117143\" style=\"width: 700px\" class=\"wp-caption alignnone\"><img data-recalc-dims=\"1\" loading=\"lazy\" decoding=\"async\" class=\"size-full wp-image-117143\" src=\"https:\/\/i0.wp.com\/eltrabajo.cl\/portal\/wp-content\/uploads\/2022\/09\/Andacollo_Virgen.jpg?resize=640%2C494&#038;ssl=1\" alt=\"Hoy con la Novena comienza la celebraci\u00f3n de los 60 a\u00f1os de la Parroquia Andacollo. La procesi\u00f3n  de la Virgen, en tanto, tendr\u00e1 lugar el pr\u00f3ximo domingo 2 de octubre. \" width=\"640\" height=\"494\" srcset=\"https:\/\/i0.wp.com\/eltrabajo.cl\/portal\/wp-content\/uploads\/2022\/09\/Andacollo_Virgen.jpg?w=700&amp;ssl=1 700w, https:\/\/i0.wp.com\/eltrabajo.cl\/portal\/wp-content\/uploads\/2022\/09\/Andacollo_Virgen.jpg?resize=300%2C231&amp;ssl=1 300w, https:\/\/i0.wp.com\/eltrabajo.cl\/portal\/wp-content\/uploads\/2022\/09\/Andacollo_Virgen.jpg?resize=194%2C150&amp;ssl=1 194w, https:\/\/i0.wp.com\/eltrabajo.cl\/portal\/wp-content\/uploads\/2022\/09\/Andacollo_Virgen.jpg?resize=696%2C537&amp;ssl=1 696w\" sizes=\"auto, (max-width: 640px) 100vw, 640px\" \/><figcaption id=\"caption-attachment-117143\" class=\"wp-caption-text\">Hoy con la Novena comienza la celebraci\u00f3n de los 60 a\u00f1os de la Parroquia Andacollo. La procesi\u00f3n de la Virgen, en tanto, tendr\u00e1 lugar el pr\u00f3ximo domingo 2 de octubre.<\/figcaption><\/figure>\n","protected":false},"excerpt":{"rendered":"<p>Hoy con la Novena comienzan a celebrar los 60 a\u00f1os de la Parroquia Andacollo ubicada en Avenida Diego de Almagro de San Felipe y que dirige el padre Luis Felipe Vergara. Conversamos&#8230;<\/p>\n","protected":false},"author":482,"featured_media":117143,"comment_status":"closed","ping_status":"open","sticky":false,"template":"","format":"standard","meta":{"advanced_seo_description":"","jetpack_seo_html_title":"","jetpack_seo_noindex":false,"_jetpack_memberships_contains_paid_content":false,"footnotes":""},"categories":[15],"tags":[],"class_list":["post-117141","post","type-post","status-publish","format-standard","has-post-thumbnail","hentry","category-comunidad"],"jetpack_featured_media_url":"https:\/\/i0.wp.com\/eltrabajo.cl\/portal\/wp-content\/uploads\/2022\/09\/Andacollo_Virgen.jpg?fit=700%2C540&ssl=1","jetpack_sharing_enabled":true,"jetpack_likes_enabled":true,"jetpack-related-posts":[],"_links":{"self":[{"href":"https:\/\/eltrabajo.cl\/portal\/wp-json\/wp\/v2\/posts\/117141","targetHints":{"allow":["GET"]}}],"collection":[{"href":"https:\/\/eltrabajo.cl\/portal\/wp-json\/wp\/v2\/posts"}],"about":[{"href":"https:\/\/eltrabajo.cl\/portal\/wp-json\/wp\/v2\/types\/post"}],"author":[{"embeddable":true,"href":"https:\/\/eltrabajo.cl\/portal\/wp-json\/wp\/v2\/users\/482"}],"replies":[{"embeddable":true,"href":"https:\/\/eltrabajo.cl\/portal\/wp-json\/wp\/v2\/comments?post=117141"}],"version-history":[{"count":1,"href":"https:\/\/eltrabajo.cl\/portal\/wp-json\/wp\/v2\/posts\/117141\/revisions"}],"predecessor-version":[{"id":117144,"href":"https:\/\/eltrabajo.cl\/portal\/wp-json\/wp\/v2\/posts\/117141\/revisions\/117144"}],"wp:featuredmedia":[{"embeddable":true,"href":"https:\/\/eltrabajo.cl\/portal\/wp-json\/wp\/v2\/media\/117143"}],"wp:attachment":[{"href":"https:\/\/eltrabajo.cl\/portal\/wp-json\/wp\/v2\/media?parent=117141"}],"wp:term":[{"taxonomy":"category","embeddable":true,"href":"https:\/\/eltrabajo.cl\/portal\/wp-json\/wp\/v2\/categories?post=117141"},{"taxonomy":"post_tag","embeddable":true,"href":"https:\/\/eltrabajo.cl\/portal\/wp-json\/wp\/v2\/tags?post=117141"}],"curies":[{"name":"wp","href":"https:\/\/api.w.org\/{rel}","templated":true}]}}