{"id":117229,"date":"2022-09-28T07:30:54","date_gmt":"2022-09-28T10:30:54","guid":{"rendered":"https:\/\/eltrabajo.cl\/portal\/?p=117229"},"modified":"2022-09-27T23:57:36","modified_gmt":"2022-09-28T02:57:36","slug":"millonario-robo-afecto-a-la-delegada-presidencial-provincial-de-san-felipe","status":"publish","type":"post","link":"https:\/\/eltrabajo.cl\/portal\/millonario-robo-afecto-a-la-delegada-presidencial-provincial-de-san-felipe\/","title":{"rendered":"Millonario robo afect\u00f3 a la Delegada Presidencial Provincial de San Felipe"},"content":{"rendered":"<ul style=\"text-align: justify;\">\n<li style=\"text-align: left;\"><strong>Delincuentes le abrieron su autom\u00f3vil y se llevaron diversas especies, todo avaluado en m\u00e1s de dos millones de pesos.-<\/strong><\/li>\n<\/ul>\n<p style=\"text-align: justify;\">Ni las autoridades se salvan de la delincuencia. Esta vez, lamentablemente, la v\u00edctima fue la Delegada Presidencial Provincial de San Felipe, <strong>Scarlett Vald\u00e9s<\/strong>, a quien delincuentes le abrieron su auto y se llevaron diversas especies avaluadas en m\u00e1s de dos millones de pesos.<\/p>\n<p style=\"text-align: justify;\">El hecho ocurri\u00f3 el pasado d\u00eda domingo en la ciudad de Vi\u00f1a del Mar, en momentos que la delegada visitaba a su madre en la ciudad jard\u00edn y dej\u00f3 estacionado su auto en pleno centro de la ciudad. Al momento de regresar a su veh\u00edculo, se percat\u00f3 que sus pertenencias no estaban y lamentablemente hab\u00eda sido v\u00edctima del actuar de los \u2018amigos de lo ajeno\u2019.<\/p>\n<p style=\"text-align: justify;\">En este sentido, Scarlett Vald\u00e9s sostuvo que <em>\u00abefectivamente en circunstancias que el d\u00eda domingo estaba visitando a mi madre, me estaciono en 8 Norte con 4 Poniente <\/em>(Vi\u00f1a del Mar),<em> para posteriormente ir a almorzar, volviendo a eso de las 20:00 horas. Vuelvo a mi veh\u00edculo y me percato que no estaba mi cartera, y en eso veo que no estaba mi maleta ni mi notebook, sin embargo, hab\u00edan otras especies que hab\u00eda dejado en mi veh\u00edculo\u00bb. <\/em><\/p>\n<p style=\"text-align: justify;\">En este mismo contexto, la delegada provincial coment\u00f3 que <em>\u00ablo lamento, nadie est\u00e1 libre de la delincuencia, es una tem\u00e1tica que tenemos que abordar de manera pronta y eficiente, pero tambi\u00e9n uno dice son cosas materiales que se recuperan, lo m\u00e1s importante es que no sufr\u00ed ning\u00fan tipo de da\u00f1o a mi integridad f\u00edsica o ps\u00edquica\u00bb. <\/em><\/p>\n<p style=\"text-align: justify;\">Asimismo, Vald\u00e9s agreg\u00f3 que <em>\u00abel procedimiento est\u00e1 en curso para tratar de recuperar las especies, pero como se dice en buen chileno, la saqu\u00e9 barata. Sabemos que muchos de nuestros vecinos y vecinas viven situaciones complejas de robos a mano armada que significan un trauma, seguimos con el procedimiento y a recuperar las cosas materiales\u00bb. <\/em><\/p>\n<p style=\"text-align: justify;\">Finalmente, Scarlett Vald\u00e9s precis\u00f3 que <em>\u00abel avalu\u00f3 es cerca de 2 millones de pesos, me robaron mi maleta con toda mi ropa, mi notebook que es lo m\u00e1s costoso, tambi\u00e9n ten\u00eda aud\u00edfonos, todas mis cosas personales. Menos mal ten\u00eda conmigo mis documentos y celular, s\u00f3lo queda seguir trabajando por la seguridad\u00bb. <\/em><\/p>\n<figure id=\"attachment_117230\" aria-describedby=\"caption-attachment-117230\" style=\"width: 698px\" class=\"wp-caption alignnone\"><img data-recalc-dims=\"1\" loading=\"lazy\" decoding=\"async\" class=\"size-full wp-image-117230\" src=\"https:\/\/i0.wp.com\/eltrabajo.cl\/portal\/wp-content\/uploads\/2022\/09\/dpp-scarlett-valdes.jpg?resize=640%2C455&#038;ssl=1\" alt=\"Scarlett Vald\u00e9s, Delegada Presidencial Provincial de San Felipe.\" width=\"640\" height=\"455\" srcset=\"https:\/\/i0.wp.com\/eltrabajo.cl\/portal\/wp-content\/uploads\/2022\/09\/dpp-scarlett-valdes.jpg?w=698&amp;ssl=1 698w, https:\/\/i0.wp.com\/eltrabajo.cl\/portal\/wp-content\/uploads\/2022\/09\/dpp-scarlett-valdes.jpg?resize=300%2C213&amp;ssl=1 300w, https:\/\/i0.wp.com\/eltrabajo.cl\/portal\/wp-content\/uploads\/2022\/09\/dpp-scarlett-valdes.jpg?resize=200%2C142&amp;ssl=1 200w, https:\/\/i0.wp.com\/eltrabajo.cl\/portal\/wp-content\/uploads\/2022\/09\/dpp-scarlett-valdes.jpg?resize=696%2C495&amp;ssl=1 696w\" sizes=\"auto, (max-width: 640px) 100vw, 640px\" \/><figcaption id=\"caption-attachment-117230\" class=\"wp-caption-text\">Scarlett Vald\u00e9s, Delegada Presidencial Provincial de San Felipe.<\/figcaption><\/figure>\n","protected":false},"excerpt":{"rendered":"<p>Delincuentes le abrieron su autom\u00f3vil y se llevaron diversas especies, todo avaluado en m\u00e1s de dos millones de pesos.- Ni las autoridades se salvan de la delincuencia. Esta vez, lamentablemente, la v\u00edctima&#8230;<\/p>\n","protected":false},"author":482,"featured_media":117230,"comment_status":"closed","ping_status":"open","sticky":false,"template":"","format":"standard","meta":{"advanced_seo_description":"","jetpack_seo_html_title":"","jetpack_seo_noindex":false,"_jetpack_memberships_contains_paid_content":false,"footnotes":""},"categories":[21],"tags":[],"class_list":["post-117229","post","type-post","status-publish","format-standard","has-post-thumbnail","hentry","category-policial"],"jetpack_featured_media_url":"https:\/\/i0.wp.com\/eltrabajo.cl\/portal\/wp-content\/uploads\/2022\/09\/dpp-scarlett-valdes.jpg?fit=698%2C496&ssl=1","jetpack_sharing_enabled":true,"jetpack_likes_enabled":true,"jetpack-related-posts":[],"_links":{"self":[{"href":"https:\/\/eltrabajo.cl\/portal\/wp-json\/wp\/v2\/posts\/117229","targetHints":{"allow":["GET"]}}],"collection":[{"href":"https:\/\/eltrabajo.cl\/portal\/wp-json\/wp\/v2\/posts"}],"about":[{"href":"https:\/\/eltrabajo.cl\/portal\/wp-json\/wp\/v2\/types\/post"}],"author":[{"embeddable":true,"href":"https:\/\/eltrabajo.cl\/portal\/wp-json\/wp\/v2\/users\/482"}],"replies":[{"embeddable":true,"href":"https:\/\/eltrabajo.cl\/portal\/wp-json\/wp\/v2\/comments?post=117229"}],"version-history":[{"count":1,"href":"https:\/\/eltrabajo.cl\/portal\/wp-json\/wp\/v2\/posts\/117229\/revisions"}],"predecessor-version":[{"id":117231,"href":"https:\/\/eltrabajo.cl\/portal\/wp-json\/wp\/v2\/posts\/117229\/revisions\/117231"}],"wp:featuredmedia":[{"embeddable":true,"href":"https:\/\/eltrabajo.cl\/portal\/wp-json\/wp\/v2\/media\/117230"}],"wp:attachment":[{"href":"https:\/\/eltrabajo.cl\/portal\/wp-json\/wp\/v2\/media?parent=117229"}],"wp:term":[{"taxonomy":"category","embeddable":true,"href":"https:\/\/eltrabajo.cl\/portal\/wp-json\/wp\/v2\/categories?post=117229"},{"taxonomy":"post_tag","embeddable":true,"href":"https:\/\/eltrabajo.cl\/portal\/wp-json\/wp\/v2\/tags?post=117229"}],"curies":[{"name":"wp","href":"https:\/\/api.w.org\/{rel}","templated":true}]}}