{"id":118149,"date":"2022-11-11T07:30:21","date_gmt":"2022-11-11T10:30:21","guid":{"rendered":"https:\/\/eltrabajo.cl\/portal\/?p=118149"},"modified":"2022-11-10T23:31:31","modified_gmt":"2022-11-11T02:31:31","slug":"banda-de-panquehue-obtiene-primer-lugar-en-torneos-de-san-carlos-y-arauco","status":"publish","type":"post","link":"https:\/\/eltrabajo.cl\/portal\/banda-de-panquehue-obtiene-primer-lugar-en-torneos-de-san-carlos-y-arauco\/","title":{"rendered":"Banda de Panquehue obtiene primer lugar en torneos de San Carlos y Arauco"},"content":{"rendered":"<p style=\"text-align: justify;\">Felices y satisfechos se mostraron los alumnos integrantes de la Banda Comunal de Panquehue, tras los logros obtenidos con su participaci\u00f3n en los campeonatos efectuados en las localidades sure\u00f1as de San Carlos y Arauco.<\/p>\n<p style=\"text-align: justify;\">En la localidad de San Carlos, la Banda de Panquehue obtuvo el primer logar en la categor\u00eda de Ense\u00f1anza B\u00e1sica, adem\u00e1s del 3\u00ba lugar en ense\u00f1anza media avanzada; mejor secci\u00f3n cornetas; mejor instructor; mejor secci\u00f3n bater\u00edas; mejor barra; mejor secci\u00f3n p\u00edfanos, mejor secci\u00f3n de cajas y mejor toque de atenci\u00f3n.<\/p>\n<p style=\"text-align: justify;\">En tanto en la localidad de Arauco, junto con repetir el primer lugar en categor\u00eda b\u00e1sica, se sumaron las distinciones de 4\u00ba lugar en ense\u00f1anza media, mejor secci\u00f3n cajas; mejor secci\u00f3n p\u00edfanos; mejor secci\u00f3n clarines; mejor secci\u00f3n bater\u00eda; mejor tambor mayor y mejor instructor.<\/p>\n<p style=\"text-align: justify;\"><strong>Jos\u00e9 Chac\u00f3n<\/strong>, instructor de la banda comunal de Panquehue, afirm\u00f3 que lo anterior es el resultado de un trabajo intenso que realizan semana tras semana y que se refleja en los logros que se obtienen en la participaci\u00f3n de campeonatos de bandas a nivel nacional. <em>\u00abEs un trabajo muy sacrificado, de repente con lluvia, con sol, con jornadas largas de ensayo, que requieren mucha prepoaracion, nos obliga a repetir muchas veces lo mismo, preparar a los chicos tanto mental como f\u00edsica, si bien ha sido bien dif\u00edcil, pero gracias a Dios gratificante\u00bb.<\/em><\/p>\n<p style=\"text-align: justify;\">Agreg\u00f3 Chac\u00f3n que en la localidad de Arauco lo conseguido tiene doble m\u00e9rito, ya que se compiti\u00f3 en nivel de media con chicos de b\u00e1sica y as\u00ed se obtuvo un merecido cuarto lugar; <em>\u00abpara nosotros lograr un premio en ense\u00f1anza media es s\u00faper importante, ya que el 85 por ciento de nuestros alumnos son de ense\u00f1anza b\u00e1sica, y competir en una categor\u00eda m\u00e1s alta y lograr un premio, para nosotros es s\u00faper gratificante porque significa que estamos haciendo bien las cosas\u00bb.\u00a0 <\/em><\/p>\n<p style=\"text-align: justify;\">Asimismo el instructor de la banda, aprovech\u00f3 la instancia de agradecer el apoyo que reciben de parte del alcalde <strong>Gonzalo Vergara<\/strong> para poder financiar las participaciones de la banda en los distintos campeonatos. <em>\u00abHablamos de campeonatos de alto nivel, ya que hay colegios a nivel nacional que tienen instrumental de gran nivel, pero nosotros de igual manera hemos estado a la altura y por lo mismo estamos agradecidos el 100 por ciento del municipio y del alcalde Gonzalo Vergara y del concejo municipal, que siempre est\u00e1n dispuestos en apoyarnos con los buses cuando nosotros salimos fuera de la comuna, colaciones, y verdad hay una gran cantidad de recuerdos involucrados en esto y de verdad es muy gratificante\u00bb.<\/em><\/p>\n<p style=\"text-align: justify;\">La banda comunal de Panquehue la componen 60 ni\u00f1as y ni\u00f1os y se desglosan en cajas, pitos, clarines, adem\u00e1s de la secci\u00f3n de bater\u00eda compuesta por bombos, platillo, liras y redobles.<\/p>\n<figure id=\"attachment_118150\" aria-describedby=\"caption-attachment-118150\" style=\"width: 699px\" class=\"wp-caption alignnone\"><img data-recalc-dims=\"1\" loading=\"lazy\" decoding=\"async\" class=\"size-full wp-image-118150\" src=\"https:\/\/i0.wp.com\/eltrabajo.cl\/portal\/wp-content\/uploads\/2022\/11\/banda_guerra_panquehue.jpg?resize=640%2C538&#038;ssl=1\" alt=\"Tanto en San Carlos como en Arauco la Banda de Panquehue obtuvo el primer lugar en categor\u00eda Ense\u00f1anza B\u00e1sica, logro importante considerando el nivel que hubo de otras bandas.\" width=\"640\" height=\"538\" srcset=\"https:\/\/i0.wp.com\/eltrabajo.cl\/portal\/wp-content\/uploads\/2022\/11\/banda_guerra_panquehue.jpg?w=699&amp;ssl=1 699w, https:\/\/i0.wp.com\/eltrabajo.cl\/portal\/wp-content\/uploads\/2022\/11\/banda_guerra_panquehue.jpg?resize=300%2C252&amp;ssl=1 300w, https:\/\/i0.wp.com\/eltrabajo.cl\/portal\/wp-content\/uploads\/2022\/11\/banda_guerra_panquehue.jpg?resize=178%2C150&amp;ssl=1 178w, https:\/\/i0.wp.com\/eltrabajo.cl\/portal\/wp-content\/uploads\/2022\/11\/banda_guerra_panquehue.jpg?resize=696%2C585&amp;ssl=1 696w\" sizes=\"auto, (max-width: 640px) 100vw, 640px\" \/><figcaption id=\"caption-attachment-118150\" class=\"wp-caption-text\">Tanto en San Carlos como en Arauco la Banda de Panquehue obtuvo el primer lugar en categor\u00eda Ense\u00f1anza B\u00e1sica, logro importante considerando el nivel que hubo de otras bandas.<\/figcaption><\/figure>\n","protected":false},"excerpt":{"rendered":"<p>Felices y satisfechos se mostraron los alumnos integrantes de la Banda Comunal de Panquehue, tras los logros obtenidos con su participaci\u00f3n en los campeonatos efectuados en las localidades sure\u00f1as de San Carlos&#8230;<\/p>\n","protected":false},"author":482,"featured_media":118150,"comment_status":"closed","ping_status":"open","sticky":false,"template":"","format":"standard","meta":{"advanced_seo_description":"","jetpack_seo_html_title":"","jetpack_seo_noindex":false,"_jetpack_memberships_contains_paid_content":false,"footnotes":""},"categories":[103],"tags":[],"class_list":["post-118149","post","type-post","status-publish","format-standard","has-post-thumbnail","hentry","category-cronica-2"],"jetpack_featured_media_url":"https:\/\/i0.wp.com\/eltrabajo.cl\/portal\/wp-content\/uploads\/2022\/11\/banda_guerra_panquehue.jpg?fit=699%2C588&ssl=1","jetpack_sharing_enabled":true,"jetpack_likes_enabled":true,"jetpack-related-posts":[],"_links":{"self":[{"href":"https:\/\/eltrabajo.cl\/portal\/wp-json\/wp\/v2\/posts\/118149","targetHints":{"allow":["GET"]}}],"collection":[{"href":"https:\/\/eltrabajo.cl\/portal\/wp-json\/wp\/v2\/posts"}],"about":[{"href":"https:\/\/eltrabajo.cl\/portal\/wp-json\/wp\/v2\/types\/post"}],"author":[{"embeddable":true,"href":"https:\/\/eltrabajo.cl\/portal\/wp-json\/wp\/v2\/users\/482"}],"replies":[{"embeddable":true,"href":"https:\/\/eltrabajo.cl\/portal\/wp-json\/wp\/v2\/comments?post=118149"}],"version-history":[{"count":1,"href":"https:\/\/eltrabajo.cl\/portal\/wp-json\/wp\/v2\/posts\/118149\/revisions"}],"predecessor-version":[{"id":118151,"href":"https:\/\/eltrabajo.cl\/portal\/wp-json\/wp\/v2\/posts\/118149\/revisions\/118151"}],"wp:featuredmedia":[{"embeddable":true,"href":"https:\/\/eltrabajo.cl\/portal\/wp-json\/wp\/v2\/media\/118150"}],"wp:attachment":[{"href":"https:\/\/eltrabajo.cl\/portal\/wp-json\/wp\/v2\/media?parent=118149"}],"wp:term":[{"taxonomy":"category","embeddable":true,"href":"https:\/\/eltrabajo.cl\/portal\/wp-json\/wp\/v2\/categories?post=118149"},{"taxonomy":"post_tag","embeddable":true,"href":"https:\/\/eltrabajo.cl\/portal\/wp-json\/wp\/v2\/tags?post=118149"}],"curies":[{"name":"wp","href":"https:\/\/api.w.org\/{rel}","templated":true}]}}