{"id":118152,"date":"2022-11-11T07:35:54","date_gmt":"2022-11-11T10:35:54","guid":{"rendered":"https:\/\/eltrabajo.cl\/portal\/?p=118152"},"modified":"2022-11-10T23:32:57","modified_gmt":"2022-11-11T02:32:57","slug":"sernameg-y-municipio-dan-inicio-al-mes-de-la-no-violencia-contra-la-mujer","status":"publish","type":"post","link":"https:\/\/eltrabajo.cl\/portal\/sernameg-y-municipio-dan-inicio-al-mes-de-la-no-violencia-contra-la-mujer\/","title":{"rendered":"Sernameg y municipio dan inicio al \u2018Mes de la NO Violencia contra la Mujer\u2019"},"content":{"rendered":"<p style=\"text-align: justify;\">Este mi\u00e9rcoles se realiz\u00f3 en la Municipalidad de San Felipe la reuni\u00f3n sobre el \u2018Mes de la NO Violencia contra la Mujer\u2019 y la \u2018Ordenanza\u2019 que sanciona el acoso callejero en la comuna. La cita cont\u00f3 con la presencia de autoridades como la alcaldesa <strong>Carmen Castillo<\/strong>, la directora regional de Servicio Nacional de la Mujer y la Equidad de G\u00e9nero (Sernameg), <strong>Vaninna Masman, <\/strong>entre otras.<\/p>\n<p style=\"text-align: justify;\">El encuentro se efectu\u00f3 con el prop\u00f3sito de dar inicio a este mes, en donde este pr\u00f3ximo 25 de noviembre se conmemora el \u2018D\u00eda Internacional de la Eliminaci\u00f3n de la Violencia Contra la Mujer\u2019. Adem\u00e1s, se convers\u00f3 acerca de la ejecuci\u00f3n de programas en el \u00e1mbito de la mujer en el a\u00f1o 2023 y de la Ordenanza Municipal que sanciona el acoso callejero hasta con 5 UTM (Unidad Tributaria Mensual).<\/p>\n<p style=\"text-align: justify;\">Con respecto a la reuni\u00f3n, Vaninna Masman dijo que <em>\u00abnos hemos reunido con la alcaldesa para poder trazar el camino del 2023 con respecto a la ejecuci\u00f3n de los programas de nuestro servicio en la comuna de San Felipe, recordar que este es uno de nuestros ejecutores con mayor trayectoria a lo largo de la regi\u00f3n, tanto en el \u00e1rea de Mujer y Trabajo\u2019 como en el \u00e1rea de \u2018Violencia\u2019 y efectivamente tenemos una evaluaci\u00f3n muy favorable respecto de la ejecuci\u00f3n program\u00e1tica en la comuna, por ende tenemos tambi\u00e9n la posibilidad debida y el compromiso de la alcaldesa de poder seguir trabajando mancomunadamente en el fortalecimiento de las autonom\u00edas en su diversidad de mujeres de la comuna de San Felipe\u00bb.<\/em><\/p>\n<p style=\"text-align: justify;\">En relaci\u00f3n al \u2018Mes de la No Violencia contra la Mujer\u2019, \u00e9ste tiene un car\u00e1cter reflexivo, en donde se recuerda lo sensible que es el tema de la violencia contra la mujer y que a pesar de todos los esfuerzos del Estado, es una problem\u00e1tica que sigue ocurriendo y estando presente en los espacios p\u00fablicos y privados.<\/p>\n<p style=\"text-align: justify;\">\u00ab<em>La invitaci\u00f3n en este mes es a que reflexionemos en torno a nuestras pr\u00e1cticas, en c\u00f3mo efectivamente podemos erradicar estas pr\u00e1cticas machistas que nos hacen tan mal como sociedad, que permitan efectivamente abrir un camino a las nuevas generaciones y ojala no tener que presenciar nuevamente delitos de tal magnitud como es un femicidio. Recordar que hace pocas semanas tuvimos en la provincia y comuna de San Felipe en espec\u00edfico una condena respecto a un femicidio consumado<\/em>\u00bb, concluy\u00f3 la directora regional de Sernameg.<\/p>\n<p style=\"text-align: justify;\">La Ordenanza Municipal fue aprobada por el concejo municipal, ya est\u00e1 en vigencia y act\u00faa bajo cualquier manifestaci\u00f3n ofensiva realizada en la v\u00eda p\u00fablica.\u00a0 Las multas van entre 3 y 5 UTM, lo cual seg\u00fan el valor de noviembre del presente a\u00f1o, equivaldr\u00eda en pesos chilenos a $60.853 (sesenta mil ochocientos cincuenta y tres pesos), cada unidad.<\/p>\n<p style=\"text-align: justify;\">Finalmente, frente a la vigencia de la ordenanza y sus multas, la directora de Dideco, <strong>Mar\u00eda Teresa Urbina<\/strong>, dijo que <em>\u00abquienes cautelan el tema de la Ordenanza son la unidad de fiscalizaci\u00f3n, ellos pueden acoger la denuncia espont\u00e1nea de alguna persona en la comuna que se siente v\u00edctima de este acoso callejero y despu\u00e9s canalizar esta multa a trav\u00e9s del juzgado de polic\u00eda local y las multas van entre tres a cinco UTM, para la persona que hace el acoso\u00bb, <\/em>finaliz\u00f3.<\/p>\n<p style=\"text-align: justify;\"><strong>Maximiliano\u00a0Navarro B.<\/strong><\/p>\n<figure id=\"attachment_118153\" aria-describedby=\"caption-attachment-118153\" style=\"width: 698px\" class=\"wp-caption alignnone\"><img data-recalc-dims=\"1\" loading=\"lazy\" decoding=\"async\" class=\"size-full wp-image-118153\" src=\"https:\/\/i0.wp.com\/eltrabajo.cl\/portal\/wp-content\/uploads\/2022\/11\/Reunion-Sernameg.jpg?resize=640%2C445&#038;ssl=1\" alt=\"La directora regional del Sernameg, Vaninna Masman, la alcaldesa Carmen Castillo Taucher y la directora de Dideco, Mar\u00eda Teresa Urbina.\" width=\"640\" height=\"445\" srcset=\"https:\/\/i0.wp.com\/eltrabajo.cl\/portal\/wp-content\/uploads\/2022\/11\/Reunion-Sernameg.jpg?w=698&amp;ssl=1 698w, https:\/\/i0.wp.com\/eltrabajo.cl\/portal\/wp-content\/uploads\/2022\/11\/Reunion-Sernameg.jpg?resize=300%2C208&amp;ssl=1 300w, https:\/\/i0.wp.com\/eltrabajo.cl\/portal\/wp-content\/uploads\/2022\/11\/Reunion-Sernameg.jpg?resize=200%2C139&amp;ssl=1 200w, https:\/\/i0.wp.com\/eltrabajo.cl\/portal\/wp-content\/uploads\/2022\/11\/Reunion-Sernameg.jpg?resize=218%2C150&amp;ssl=1 218w, https:\/\/i0.wp.com\/eltrabajo.cl\/portal\/wp-content\/uploads\/2022\/11\/Reunion-Sernameg.jpg?resize=696%2C484&amp;ssl=1 696w\" sizes=\"auto, (max-width: 640px) 100vw, 640px\" \/><figcaption id=\"caption-attachment-118153\" class=\"wp-caption-text\">La directora regional del Sernameg, Vaninna Masman, la alcaldesa Carmen Castillo Taucher y la directora de Dideco, Mar\u00eda Teresa Urbina.<\/figcaption><\/figure>\n","protected":false},"excerpt":{"rendered":"<p>Este mi\u00e9rcoles se realiz\u00f3 en la Municipalidad de San Felipe la reuni\u00f3n sobre el \u2018Mes de la NO Violencia contra la Mujer\u2019 y la \u2018Ordenanza\u2019 que sanciona el acoso callejero en la&#8230;<\/p>\n","protected":false},"author":482,"featured_media":118153,"comment_status":"closed","ping_status":"open","sticky":false,"template":"","format":"standard","meta":{"advanced_seo_description":"","jetpack_seo_html_title":"","jetpack_seo_noindex":false,"_jetpack_memberships_contains_paid_content":false,"footnotes":""},"categories":[103],"tags":[],"class_list":["post-118152","post","type-post","status-publish","format-standard","has-post-thumbnail","hentry","category-cronica-2"],"jetpack_featured_media_url":"https:\/\/i0.wp.com\/eltrabajo.cl\/portal\/wp-content\/uploads\/2022\/11\/Reunion-Sernameg.jpg?fit=698%2C485&ssl=1","jetpack_sharing_enabled":true,"jetpack_likes_enabled":true,"jetpack-related-posts":[],"_links":{"self":[{"href":"https:\/\/eltrabajo.cl\/portal\/wp-json\/wp\/v2\/posts\/118152","targetHints":{"allow":["GET"]}}],"collection":[{"href":"https:\/\/eltrabajo.cl\/portal\/wp-json\/wp\/v2\/posts"}],"about":[{"href":"https:\/\/eltrabajo.cl\/portal\/wp-json\/wp\/v2\/types\/post"}],"author":[{"embeddable":true,"href":"https:\/\/eltrabajo.cl\/portal\/wp-json\/wp\/v2\/users\/482"}],"replies":[{"embeddable":true,"href":"https:\/\/eltrabajo.cl\/portal\/wp-json\/wp\/v2\/comments?post=118152"}],"version-history":[{"count":1,"href":"https:\/\/eltrabajo.cl\/portal\/wp-json\/wp\/v2\/posts\/118152\/revisions"}],"predecessor-version":[{"id":118154,"href":"https:\/\/eltrabajo.cl\/portal\/wp-json\/wp\/v2\/posts\/118152\/revisions\/118154"}],"wp:featuredmedia":[{"embeddable":true,"href":"https:\/\/eltrabajo.cl\/portal\/wp-json\/wp\/v2\/media\/118153"}],"wp:attachment":[{"href":"https:\/\/eltrabajo.cl\/portal\/wp-json\/wp\/v2\/media?parent=118152"}],"wp:term":[{"taxonomy":"category","embeddable":true,"href":"https:\/\/eltrabajo.cl\/portal\/wp-json\/wp\/v2\/categories?post=118152"},{"taxonomy":"post_tag","embeddable":true,"href":"https:\/\/eltrabajo.cl\/portal\/wp-json\/wp\/v2\/tags?post=118152"}],"curies":[{"name":"wp","href":"https:\/\/api.w.org\/{rel}","templated":true}]}}