{"id":118161,"date":"2022-11-11T07:50:05","date_gmt":"2022-11-11T10:50:05","guid":{"rendered":"https:\/\/eltrabajo.cl\/portal\/?p=118161"},"modified":"2022-11-10T23:39:27","modified_gmt":"2022-11-11T02:39:27","slug":"delincuente-de-la-bicicleta-roba-banano-con-300-mil-pesos-a-comerciante","status":"publish","type":"post","link":"https:\/\/eltrabajo.cl\/portal\/delincuente-de-la-bicicleta-roba-banano-con-300-mil-pesos-a-comerciante\/","title":{"rendered":"Delincuente de la bicicleta roba banano con 300 mil pesos a comerciante"},"content":{"rendered":"<p style=\"text-align: left;\"><span style=\"color: #ff0000;\"><strong>En Portus con Santo Domingo:<\/strong><\/span><\/p>\n<p style=\"text-align: justify;\">Mientras se dispon\u00eda a abrir su local de ventas de frutas y verduras ubicado en la intersecci\u00f3n de las calles Santo Domingo con Portus, para lo cual se baj\u00f3 de su camioneta donde tra\u00eda mercader\u00eda, y en un abrir y cerrar de ojos, un conocido delincuente que\u00a0 se movilizaba en bicicleta, le rob\u00f3 un banano con 300 mil pesos que hab\u00eda dejado en el lado del copiloto este d\u00eda mi\u00e9rcoles a eso de las 07:15 de la ma\u00f1ana.<\/p>\n<p style=\"text-align: justify;\">El afectado, <strong>Francisco Gonz\u00e1lez<\/strong>, due\u00f1o del local comercial <strong>\u2018Huertos Aconcagua\u2019<\/strong>, en conversaci\u00f3n con nuestro medio dijo que la delincuencia en San Felipe est\u00e1 atacando tanto de noche como de d\u00eda, recordando aquel refr\u00e1n de que <em>\u00aba quien madruga, Dios lo ayuda\u00bb<\/em>, porque <em>\u00abun delincuente muy temprano por la ma\u00f1ana abri\u00f3 mi camioneta y me sustrae un banano con una cantidad de dinero de aproximadamente 300 mil pesos\u00bb,<\/em> cuenta.<\/p>\n<p style=\"text-align: justify;\">&#8211; <strong>\u00bfC\u00f3mo fue?<\/strong><\/p>\n<p style=\"text-align: justify;\">&#8211; Yo llego muy temprano, a las siete de la ma\u00f1ana a mi local, al abrir la puerta de mi negocio doy la espalda a mi camioneta y por la parte desde la calle, este delincuente me abre la puerta del copiloto y me sustrae el banano que estaba ah\u00ed. A esa hora uno jam\u00e1s piensa te pueden robar algo, as\u00ed es que cuando me doy vuelta a buscar el banano, efectivamente veo que no est\u00e1, y al revisar el sistema de seguridad, identifico a la persona. S\u00e9 su direcci\u00f3n, se conocen todos los datos de \u00e9l, Carabineros lo \u00fanico que me dice <em>\u00absi lo ven\u00bb,<\/em> pero como todos los procedimientos, o sea falta que se los vaya a dejar al domicilio. Hoy en d\u00eda estamos claros que tenemos que tomar todas las medidas de seguridad como comerciante, locatario, persona, como gente que paga impuesto, tenemos que nosotros mismos tomar las medidas de seguridad porque no hay seguridad, ni municipal ni de Carabineros.<\/p>\n<p style=\"text-align: justify;\">&#8211; <strong>\u00bfEsto d\u00f3nde fue para que la gente se ubique?<\/strong><\/p>\n<p style=\"text-align: justify;\">&#8211; Ac\u00e1 toda la gente me conoce, fue al frente de la Radio Aconcagua, en mi local comercial, Portus con Santo Domingo, de frutas y verduras. Yo ven\u00eda llegando ese d\u00eda (mi\u00e9rcoles) desde Lo Valledor con mercader\u00eda, gracias a Dios no era tanto el dinero que ten\u00eda porque ya lo tra\u00eda en inversi\u00f3n.<\/p>\n<p style=\"text-align: justify;\">&#8211; <strong>\u00bfPero en efectivo, cu\u00e1nto ten\u00eda en el banano?<\/strong><\/p>\n<p style=\"text-align: justify;\">&#8211; Trescientos mil pesos.<\/p>\n<p style=\"text-align: justify;\">&#8211; <strong>\u00bfQu\u00e9 se sabe del sujeto que te rob\u00f3?<\/strong><\/p>\n<p style=\"text-align: justify;\">&#8211; Yo no entabl\u00e9 denuncia la verdad porque no es necesario, porque Carabineros hoy en d\u00eda, como te lo mencion\u00e9 antes, hay que llev\u00e1rselo pr\u00e1cticamente a domicilio, pero est\u00e1 identificado, est\u00e1 la foto, la grabaci\u00f3n, y est\u00e1 compartido\u00a0 ac\u00e1 con los vecinos en el grupo de WhatsApp\u00a0 de seguridad Santo Domingo con Coimas. Tambi\u00e9n vecinos afectados que le han robado hasta dos veces, esta misma semana en Coimas se le han metido a sus locales comerciales, y una vez m\u00e1s la delincuencia est\u00e1 haciendo de las suyas en las noches y muy temprano por la ma\u00f1ana, as\u00ed es que ojo con eso.<\/p>\n<p style=\"text-align: justify;\">&#8211; <strong>De la persona que te rob\u00f3, \u00bfpuedes dar alg\u00fan indicio de la identidad?<\/strong><\/p>\n<p style=\"text-align: justify;\">&#8211; \u00c9l tiene un corte muy particular de pelo, vest\u00eda ese d\u00eda de color azul con unas zapatillas azules muy fuertes, se desplaza en bicicleta porque esa es la manera que tiene de arrancar, una bicicleta color amarillo, tengo el nombre tambi\u00e9n, s\u00e9 d\u00f3nde vive, es un delincuente m\u00e1s, el cual ya muchos comerciantes tambi\u00e9n lo ubican porque hace un tiempo atr\u00e1s, en la calle Prat hizo tambi\u00e9n de las suyas abriendo autos, es cliente habitual.<\/p>\n<figure id=\"attachment_118162\" aria-describedby=\"caption-attachment-118162\" style=\"width: 700px\" class=\"wp-caption alignnone\"><img data-recalc-dims=\"1\" loading=\"lazy\" decoding=\"async\" class=\"size-full wp-image-118162\" src=\"https:\/\/i0.wp.com\/eltrabajo.cl\/portal\/wp-content\/uploads\/2022\/11\/SUJETO.jpg?resize=640%2C528&#038;ssl=1\" alt=\"El sujeto a quien acusa el due\u00f1o de \u2018Huertos de Aconcagua\u2019, de haberle robado 300 mil pesos este mi\u00e9rcoles en la ma\u00f1ana.\" width=\"640\" height=\"528\" srcset=\"https:\/\/i0.wp.com\/eltrabajo.cl\/portal\/wp-content\/uploads\/2022\/11\/SUJETO.jpg?w=700&amp;ssl=1 700w, https:\/\/i0.wp.com\/eltrabajo.cl\/portal\/wp-content\/uploads\/2022\/11\/SUJETO.jpg?resize=300%2C248&amp;ssl=1 300w, https:\/\/i0.wp.com\/eltrabajo.cl\/portal\/wp-content\/uploads\/2022\/11\/SUJETO.jpg?resize=182%2C150&amp;ssl=1 182w, https:\/\/i0.wp.com\/eltrabajo.cl\/portal\/wp-content\/uploads\/2022\/11\/SUJETO.jpg?resize=696%2C575&amp;ssl=1 696w\" sizes=\"auto, (max-width: 640px) 100vw, 640px\" \/><figcaption id=\"caption-attachment-118162\" class=\"wp-caption-text\">El sujeto a quien acusa el due\u00f1o de \u2018Huertos de Aconcagua\u2019, de haberle robado 300 mil pesos este mi\u00e9rcoles en la ma\u00f1ana.<\/figcaption><\/figure>\n<figure id=\"attachment_118163\" aria-describedby=\"caption-attachment-118163\" style=\"width: 699px\" class=\"wp-caption alignnone\"><img data-recalc-dims=\"1\" loading=\"lazy\" decoding=\"async\" class=\"size-full wp-image-118163\" src=\"https:\/\/i0.wp.com\/eltrabajo.cl\/portal\/wp-content\/uploads\/2022\/11\/HUERTOS.jpg?resize=640%2C481&#038;ssl=1\" alt=\"Este es el local \u2018Huertos de Aconcagua\u2019, cuyo due\u00f1o fue v\u00edctima de la delincuencia el mi\u00e9rcoles en la ma\u00f1ana.\" width=\"640\" height=\"481\" srcset=\"https:\/\/i0.wp.com\/eltrabajo.cl\/portal\/wp-content\/uploads\/2022\/11\/HUERTOS.jpg?w=699&amp;ssl=1 699w, https:\/\/i0.wp.com\/eltrabajo.cl\/portal\/wp-content\/uploads\/2022\/11\/HUERTOS.jpg?resize=300%2C225&amp;ssl=1 300w, https:\/\/i0.wp.com\/eltrabajo.cl\/portal\/wp-content\/uploads\/2022\/11\/HUERTOS.jpg?resize=200%2C150&amp;ssl=1 200w, https:\/\/i0.wp.com\/eltrabajo.cl\/portal\/wp-content\/uploads\/2022\/11\/HUERTOS.jpg?resize=696%2C523&amp;ssl=1 696w\" sizes=\"auto, (max-width: 640px) 100vw, 640px\" \/><figcaption id=\"caption-attachment-118163\" class=\"wp-caption-text\">Este es el local \u2018Huertos de Aconcagua\u2019, cuyo due\u00f1o fue v\u00edctima de la delincuencia el mi\u00e9rcoles en la ma\u00f1ana.<\/figcaption><\/figure>\n","protected":false},"excerpt":{"rendered":"<p>En Portus con Santo Domingo: Mientras se dispon\u00eda a abrir su local de ventas de frutas y verduras ubicado en la intersecci\u00f3n de las calles Santo Domingo con Portus, para lo cual&#8230;<\/p>\n","protected":false},"author":482,"featured_media":118162,"comment_status":"closed","ping_status":"open","sticky":false,"template":"","format":"standard","meta":{"advanced_seo_description":"","jetpack_seo_html_title":"","jetpack_seo_noindex":false,"_jetpack_memberships_contains_paid_content":false,"footnotes":""},"categories":[21],"tags":[],"class_list":["post-118161","post","type-post","status-publish","format-standard","has-post-thumbnail","hentry","category-policial"],"jetpack_featured_media_url":"https:\/\/i0.wp.com\/eltrabajo.cl\/portal\/wp-content\/uploads\/2022\/11\/SUJETO.jpg?fit=700%2C578&ssl=1","jetpack_sharing_enabled":true,"jetpack_likes_enabled":true,"jetpack-related-posts":[],"_links":{"self":[{"href":"https:\/\/eltrabajo.cl\/portal\/wp-json\/wp\/v2\/posts\/118161","targetHints":{"allow":["GET"]}}],"collection":[{"href":"https:\/\/eltrabajo.cl\/portal\/wp-json\/wp\/v2\/posts"}],"about":[{"href":"https:\/\/eltrabajo.cl\/portal\/wp-json\/wp\/v2\/types\/post"}],"author":[{"embeddable":true,"href":"https:\/\/eltrabajo.cl\/portal\/wp-json\/wp\/v2\/users\/482"}],"replies":[{"embeddable":true,"href":"https:\/\/eltrabajo.cl\/portal\/wp-json\/wp\/v2\/comments?post=118161"}],"version-history":[{"count":1,"href":"https:\/\/eltrabajo.cl\/portal\/wp-json\/wp\/v2\/posts\/118161\/revisions"}],"predecessor-version":[{"id":118164,"href":"https:\/\/eltrabajo.cl\/portal\/wp-json\/wp\/v2\/posts\/118161\/revisions\/118164"}],"wp:featuredmedia":[{"embeddable":true,"href":"https:\/\/eltrabajo.cl\/portal\/wp-json\/wp\/v2\/media\/118162"}],"wp:attachment":[{"href":"https:\/\/eltrabajo.cl\/portal\/wp-json\/wp\/v2\/media?parent=118161"}],"wp:term":[{"taxonomy":"category","embeddable":true,"href":"https:\/\/eltrabajo.cl\/portal\/wp-json\/wp\/v2\/categories?post=118161"},{"taxonomy":"post_tag","embeddable":true,"href":"https:\/\/eltrabajo.cl\/portal\/wp-json\/wp\/v2\/tags?post=118161"}],"curies":[{"name":"wp","href":"https:\/\/api.w.org\/{rel}","templated":true}]}}