{"id":118184,"date":"2022-11-14T07:45:56","date_gmt":"2022-11-14T10:45:56","guid":{"rendered":"https:\/\/eltrabajo.cl\/portal\/?p=118184"},"modified":"2022-11-14T00:06:03","modified_gmt":"2022-11-14T03:06:03","slug":"equipos-de-salud-municipal-vacunaran-contra-covid-19-en-la-plaza-de-armas","status":"publish","type":"post","link":"https:\/\/eltrabajo.cl\/portal\/equipos-de-salud-municipal-vacunaran-contra-covid-19-en-la-plaza-de-armas\/","title":{"rendered":"Equipos de salud municipal vacunar\u00e1n contra Covid 19 en la Plaza de Armas"},"content":{"rendered":"<ul style=\"text-align: justify;\">\n<li style=\"text-align: left;\"><strong>Dispositivo brindar\u00e1 inoculaci\u00f3n bivalente y tambi\u00e9n para las personas que no hayan completado su esquema de vacunaci\u00f3n.-<\/strong><\/li>\n<\/ul>\n<p style=\"text-align: justify;\">Como una forma de incentivar el proceso de vacunaci\u00f3n contra el Covid 19 en nuestra ciudad, los equipos de salud municipal comenzar\u00e1n con un proceso de inoculaci\u00f3n en plena Plaza de Armas de nuestra ciudad. El dispositivo estar\u00e1 disponible a partir de hoy lunes y se espera est\u00e9 operativo hasta fin de a\u00f1o.<\/p>\n<p style=\"text-align: justify;\">La directora del Cesfam Segismundo Iturra, <strong>Mariela Maldonado<\/strong>, indic\u00f3 que esta unidad estar\u00e1 inoculando con la dosis bivalente y adem\u00e1s, las personas que no hayan completado su esquema de refuerzo, podr\u00e1n vacunarse.<\/p>\n<p style=\"text-align: justify;\">\u00ab<em>Vamos a partir con un punto de vacunaci\u00f3n comunal desde el d\u00eda lunes a partir de las 9:30 de la ma\u00f1ana y hasta las 15:30 horas, de lunes a jueves, y los viernes de 9:30 a 15:00 horas. Este punto de vacunaci\u00f3n va para toda la comunidad, no s\u00f3lo para los usuarios del Cesfam Segismundo Iturra, sino que para toda la comuna de San Felipe\u00bb,<\/em> se\u00f1al\u00f3 Maldonado.<\/p>\n<p style=\"text-align: justify;\">La directora del Cesfam Segismundo Iturra adem\u00e1s precis\u00f3 que los profesionales aplicar\u00e1n <em>\u00abla vacuna bivalente, para aquellos que no se han colocado la tercera o cuarta dosis, tambi\u00e9n se pueden vacunar y aquellos que est\u00e1n al debe con su esquema de vacunaci\u00f3n, lo pueden hacer. Lo importante es que la comunidad revise semana a semana va saliendo el calendario de vacunaci\u00f3n\u00bb. <\/em><\/p>\n<p style=\"text-align: justify;\">Asimismo, y al igual que todo el proceso anterior, quienes reciban esta dosis deber\u00e1n esperar alrededor de 20 minutos, para esto, Mariela Maldonado asegur\u00f3 que est\u00e1n los espacios determinados y dispuestos para todo este proceso.<\/p>\n<p style=\"text-align: justify;\">\u00ab<em>Igual hay que esperar a lo menos 20 minutos luego de la vacunaci\u00f3n, est\u00e1 dado el espacio, el puesto tiene todo para el proceso, para vacunaci\u00f3n y para el tiempo que hay que esperar. Nosotros esperamos que nos podamos mantener hasta el 31 de diciembre en la plaza\u00bb,<\/em> cerr\u00f3.<\/p>\n<figure id=\"attachment_118185\" aria-describedby=\"caption-attachment-118185\" style=\"width: 699px\" class=\"wp-caption alignnone\"><img data-recalc-dims=\"1\" loading=\"lazy\" decoding=\"async\" class=\"size-full wp-image-118185\" src=\"https:\/\/i0.wp.com\/eltrabajo.cl\/portal\/wp-content\/uploads\/2022\/11\/covid.jpg?resize=640%2C427&#038;ssl=1\" alt=\"A partir de hoy en la Plaza de Armas, los quipos de salud municipal llevar\u00e1n a cabo vacunaci\u00f3n contra el Covid 19.\" width=\"640\" height=\"427\" srcset=\"https:\/\/i0.wp.com\/eltrabajo.cl\/portal\/wp-content\/uploads\/2022\/11\/covid.jpg?w=699&amp;ssl=1 699w, https:\/\/i0.wp.com\/eltrabajo.cl\/portal\/wp-content\/uploads\/2022\/11\/covid.jpg?resize=300%2C200&amp;ssl=1 300w, https:\/\/i0.wp.com\/eltrabajo.cl\/portal\/wp-content\/uploads\/2022\/11\/covid.jpg?resize=200%2C133&amp;ssl=1 200w, https:\/\/i0.wp.com\/eltrabajo.cl\/portal\/wp-content\/uploads\/2022\/11\/covid.jpg?resize=696%2C464&amp;ssl=1 696w\" sizes=\"auto, (max-width: 640px) 100vw, 640px\" \/><figcaption id=\"caption-attachment-118185\" class=\"wp-caption-text\">A partir de hoy en la Plaza de Armas, los quipos de salud municipal llevar\u00e1n a cabo vacunaci\u00f3n contra el Covid 19.<\/figcaption><\/figure>\n","protected":false},"excerpt":{"rendered":"<p>Dispositivo brindar\u00e1 inoculaci\u00f3n bivalente y tambi\u00e9n para las personas que no hayan completado su esquema de vacunaci\u00f3n.- Como una forma de incentivar el proceso de vacunaci\u00f3n contra el Covid 19 en nuestra&#8230;<\/p>\n","protected":false},"author":482,"featured_media":118185,"comment_status":"closed","ping_status":"open","sticky":false,"template":"","format":"standard","meta":{"advanced_seo_description":"","jetpack_seo_html_title":"","jetpack_seo_noindex":false,"_jetpack_memberships_contains_paid_content":false,"footnotes":""},"categories":[105],"tags":[],"class_list":["post-118184","post","type-post","status-publish","format-standard","has-post-thumbnail","hentry","category-covid-19"],"jetpack_featured_media_url":"https:\/\/i0.wp.com\/eltrabajo.cl\/portal\/wp-content\/uploads\/2022\/11\/covid.jpg?fit=699%2C466&ssl=1","jetpack_sharing_enabled":true,"jetpack_likes_enabled":true,"jetpack-related-posts":[],"_links":{"self":[{"href":"https:\/\/eltrabajo.cl\/portal\/wp-json\/wp\/v2\/posts\/118184","targetHints":{"allow":["GET"]}}],"collection":[{"href":"https:\/\/eltrabajo.cl\/portal\/wp-json\/wp\/v2\/posts"}],"about":[{"href":"https:\/\/eltrabajo.cl\/portal\/wp-json\/wp\/v2\/types\/post"}],"author":[{"embeddable":true,"href":"https:\/\/eltrabajo.cl\/portal\/wp-json\/wp\/v2\/users\/482"}],"replies":[{"embeddable":true,"href":"https:\/\/eltrabajo.cl\/portal\/wp-json\/wp\/v2\/comments?post=118184"}],"version-history":[{"count":1,"href":"https:\/\/eltrabajo.cl\/portal\/wp-json\/wp\/v2\/posts\/118184\/revisions"}],"predecessor-version":[{"id":118186,"href":"https:\/\/eltrabajo.cl\/portal\/wp-json\/wp\/v2\/posts\/118184\/revisions\/118186"}],"wp:featuredmedia":[{"embeddable":true,"href":"https:\/\/eltrabajo.cl\/portal\/wp-json\/wp\/v2\/media\/118185"}],"wp:attachment":[{"href":"https:\/\/eltrabajo.cl\/portal\/wp-json\/wp\/v2\/media?parent=118184"}],"wp:term":[{"taxonomy":"category","embeddable":true,"href":"https:\/\/eltrabajo.cl\/portal\/wp-json\/wp\/v2\/categories?post=118184"},{"taxonomy":"post_tag","embeddable":true,"href":"https:\/\/eltrabajo.cl\/portal\/wp-json\/wp\/v2\/tags?post=118184"}],"curies":[{"name":"wp","href":"https:\/\/api.w.org\/{rel}","templated":true}]}}