{"id":118302,"date":"2022-11-18T07:40:56","date_gmt":"2022-11-18T10:40:56","guid":{"rendered":"https:\/\/eltrabajo.cl\/portal\/?p=118302"},"modified":"2022-11-17T23:24:35","modified_gmt":"2022-11-18T02:24:35","slug":"pacientes-psiquiatricos-se-casan-tras-diez-anos-de-permanecer-unidos","status":"publish","type":"post","link":"https:\/\/eltrabajo.cl\/portal\/pacientes-psiquiatricos-se-casan-tras-diez-anos-de-permanecer-unidos\/","title":{"rendered":"Pacientes psiqui\u00e1tricos se casan tras diez a\u00f1os de permanecer unidos"},"content":{"rendered":"<p style=\"text-align: left;\"><span style=\"color: #ff0000;\"><strong>Fue amor a primera vista:<\/strong><\/span><\/p>\n<p style=\"text-align: justify;\">Hasta que lleg\u00f3 el d\u00eda para que <strong>Ximena <\/strong>y<strong> V\u00edctor<\/strong> dieran el S\u00ed ante el oficial del Registro Civil de San Felipe. Esto se produjo la ma\u00f1ana de ayer, a eso de las 10:30 horas, junto a sus testigos, luego de lo cual se ir\u00edan a un coctel con los conocidos de los novios.<\/p>\n<p style=\"text-align: justify;\">Por su parte el novio, V\u00edctor, dijo que este amor fue a primera vista desde que se conocieron hace ya 10 a\u00f1os en el Hospital Psiqui\u00e1trico Philippe Pinel de Putaendo, cuando ambos estuvieron en rehabilitaci\u00f3n: \u00abY llevamos diez a\u00f1os juntos ya y decid\u00ed casarme con ella\u00bb, se\u00f1ala.<\/p>\n<p style=\"text-align: justify;\">&#8211; <strong>\u00bfT\u00fa decidiste dar ese primer paso?<\/strong><\/p>\n<p style=\"text-align: justify;\">&#8211; S\u00ed.<\/p>\n<p style=\"text-align: justify;\">&#8211; <strong>\u00bfCost\u00f3 mucho que dijera que s\u00ed o no? \u00bfFue de inmediato?<\/strong><\/p>\n<p style=\"text-align: justify;\">&#8211; S\u00ed.<\/p>\n<p style=\"text-align: justify;\">&#8211; <strong>\u00bfC\u00f3mo han sido estos diez a\u00f1os?<\/strong><\/p>\n<p style=\"text-align: justify;\">&#8211; Bien, entre altos y bajos hemos estado siempre juntos.<\/p>\n<p style=\"text-align: justify;\">&#8211; <strong>\u00bfHa sido una bonita relaci\u00f3n?<\/strong><\/p>\n<p style=\"text-align: justify;\">&#8211; S\u00ed, una bonita relaci\u00f3n gracias a Dios.<\/p>\n<p style=\"text-align: justify;\">&#8211; <strong>Que termina con el matrimonio.<\/strong><\/p>\n<p style=\"text-align: justify;\">&#8211; S\u00ed.<\/p>\n<p style=\"text-align: justify;\">&#8211; <strong>Nos contaban que estaba reuniendo dinero para una casa, \u00bfc\u00f3mo est\u00e1 eso?<\/strong><\/p>\n<p style=\"text-align: justify;\">&#8211; Mira estamos trabajando, yo lo estoy haciendo en el Jumbo ahora como auxiliar de cocina, llevo cinco a\u00f1os, y gracias a Dios se me han abierto puertas que ni pensaba que se abrieran, pero gracias a Dios est\u00e1 saliendo todo bonito.<\/p>\n<p style=\"text-align: justify;\">Tambi\u00e9n conversamos con la novia, Ximena, a quien le preguntamos sobre las sensaciones que ten\u00eda en este momento tan importante de su vida, se\u00f1alando que es <em>\u00abalgo hermoso y emocionante\u00bb.<\/em><\/p>\n<p style=\"text-align: justify;\">&#8211; <strong>\u00bfSe emociona?<\/strong><\/p>\n<p style=\"text-align: justify;\">&#8211; S\u00ed, porque nunca pens\u00e9&#8230; V\u00edctor se andaba dando vueltas y no me dec\u00eda nunca lo que quer\u00eda. Y yo le dije \u00abya yo s\u00e9 lo que t\u00fa quieres&#8230; s\u00ed\u00bb, le dije. \u00ab\u00bfTe vas a casar conmigo, Ximena?\u00bb, y yo le dije que \u00abs\u00ed me voy a casar contigo\u00bb.<\/p>\n<p style=\"text-align: justify;\">&#8211; <strong>\u00bfC\u00f3mo ha sido todo este tiempo con \u00e9l?<\/strong><\/p>\n<p style=\"text-align: justify;\">&#8211; Bien.<\/p>\n<p style=\"text-align: justify;\">&#8211; <strong>\u00bfAltos y bajos como toda pareja?<\/strong><\/p>\n<p style=\"text-align: justify;\">&#8211; S\u00ed, pero m\u00e1s felicidad que otra cosa, pero gracias al Hospital y a don Luis que me trajo al hogar me volv\u00ed a reinsertar en la sociedad. Trabajo como auxiliar de aseo en el Santa Isabel y ahora estoy con licencia, pero ya voy a volver ya.<\/p>\n<figure id=\"attachment_118303\" aria-describedby=\"caption-attachment-118303\" style=\"width: 700px\" class=\"wp-caption alignnone\"><img data-recalc-dims=\"1\" loading=\"lazy\" decoding=\"async\" class=\"size-full wp-image-118303\" src=\"https:\/\/i0.wp.com\/eltrabajo.cl\/portal\/wp-content\/uploads\/2022\/11\/NOVIOS.jpg?resize=640%2C510&#038;ssl=1\" alt=\"Ximena y V\u00edctor tomados de la mano despu\u00e9s de haber dado el S\u00ed ante el Oficial del Registro Civil de San Felipe.\" width=\"640\" height=\"510\" srcset=\"https:\/\/i0.wp.com\/eltrabajo.cl\/portal\/wp-content\/uploads\/2022\/11\/NOVIOS.jpg?w=700&amp;ssl=1 700w, https:\/\/i0.wp.com\/eltrabajo.cl\/portal\/wp-content\/uploads\/2022\/11\/NOVIOS.jpg?resize=300%2C239&amp;ssl=1 300w, https:\/\/i0.wp.com\/eltrabajo.cl\/portal\/wp-content\/uploads\/2022\/11\/NOVIOS.jpg?resize=188%2C150&amp;ssl=1 188w, https:\/\/i0.wp.com\/eltrabajo.cl\/portal\/wp-content\/uploads\/2022\/11\/NOVIOS.jpg?resize=696%2C555&amp;ssl=1 696w\" sizes=\"auto, (max-width: 640px) 100vw, 640px\" \/><figcaption id=\"caption-attachment-118303\" class=\"wp-caption-text\">Ximena y V\u00edctor tomados de la mano despu\u00e9s de haber dado el S\u00ed ante el Oficial del Registro Civil de San Felipe.<\/figcaption><\/figure>\n<figure id=\"attachment_118304\" aria-describedby=\"caption-attachment-118304\" style=\"width: 699px\" class=\"wp-caption alignnone\"><img data-recalc-dims=\"1\" loading=\"lazy\" decoding=\"async\" class=\"size-full wp-image-118304\" src=\"https:\/\/i0.wp.com\/eltrabajo.cl\/portal\/wp-content\/uploads\/2022\/11\/NOVIOS-2.jpg?resize=640%2C481&#038;ssl=1\" alt=\"Los novios al centro junto a amigos y testigos de su matrimonio.\" width=\"640\" height=\"481\" srcset=\"https:\/\/i0.wp.com\/eltrabajo.cl\/portal\/wp-content\/uploads\/2022\/11\/NOVIOS-2.jpg?w=699&amp;ssl=1 699w, https:\/\/i0.wp.com\/eltrabajo.cl\/portal\/wp-content\/uploads\/2022\/11\/NOVIOS-2.jpg?resize=300%2C225&amp;ssl=1 300w, https:\/\/i0.wp.com\/eltrabajo.cl\/portal\/wp-content\/uploads\/2022\/11\/NOVIOS-2.jpg?resize=200%2C150&amp;ssl=1 200w, https:\/\/i0.wp.com\/eltrabajo.cl\/portal\/wp-content\/uploads\/2022\/11\/NOVIOS-2.jpg?resize=696%2C523&amp;ssl=1 696w\" sizes=\"auto, (max-width: 640px) 100vw, 640px\" \/><figcaption id=\"caption-attachment-118304\" class=\"wp-caption-text\">Los novios al centro junto a amigos y testigos de su matrimonio.<\/figcaption><\/figure>\n","protected":false},"excerpt":{"rendered":"<p>Fue amor a primera vista: Hasta que lleg\u00f3 el d\u00eda para que Ximena y V\u00edctor dieran el S\u00ed ante el oficial del Registro Civil de San Felipe. Esto se produjo la ma\u00f1ana&#8230;<\/p>\n","protected":false},"author":482,"featured_media":118303,"comment_status":"closed","ping_status":"open","sticky":false,"template":"","format":"standard","meta":{"advanced_seo_description":"","jetpack_seo_html_title":"","jetpack_seo_noindex":false,"_jetpack_memberships_contains_paid_content":false,"footnotes":""},"categories":[15],"tags":[],"class_list":["post-118302","post","type-post","status-publish","format-standard","has-post-thumbnail","hentry","category-comunidad"],"jetpack_featured_media_url":"https:\/\/i0.wp.com\/eltrabajo.cl\/portal\/wp-content\/uploads\/2022\/11\/NOVIOS.jpg?fit=700%2C558&ssl=1","jetpack_sharing_enabled":true,"jetpack_likes_enabled":true,"jetpack-related-posts":[],"_links":{"self":[{"href":"https:\/\/eltrabajo.cl\/portal\/wp-json\/wp\/v2\/posts\/118302","targetHints":{"allow":["GET"]}}],"collection":[{"href":"https:\/\/eltrabajo.cl\/portal\/wp-json\/wp\/v2\/posts"}],"about":[{"href":"https:\/\/eltrabajo.cl\/portal\/wp-json\/wp\/v2\/types\/post"}],"author":[{"embeddable":true,"href":"https:\/\/eltrabajo.cl\/portal\/wp-json\/wp\/v2\/users\/482"}],"replies":[{"embeddable":true,"href":"https:\/\/eltrabajo.cl\/portal\/wp-json\/wp\/v2\/comments?post=118302"}],"version-history":[{"count":2,"href":"https:\/\/eltrabajo.cl\/portal\/wp-json\/wp\/v2\/posts\/118302\/revisions"}],"predecessor-version":[{"id":118320,"href":"https:\/\/eltrabajo.cl\/portal\/wp-json\/wp\/v2\/posts\/118302\/revisions\/118320"}],"wp:featuredmedia":[{"embeddable":true,"href":"https:\/\/eltrabajo.cl\/portal\/wp-json\/wp\/v2\/media\/118303"}],"wp:attachment":[{"href":"https:\/\/eltrabajo.cl\/portal\/wp-json\/wp\/v2\/media?parent=118302"}],"wp:term":[{"taxonomy":"category","embeddable":true,"href":"https:\/\/eltrabajo.cl\/portal\/wp-json\/wp\/v2\/categories?post=118302"},{"taxonomy":"post_tag","embeddable":true,"href":"https:\/\/eltrabajo.cl\/portal\/wp-json\/wp\/v2\/tags?post=118302"}],"curies":[{"name":"wp","href":"https:\/\/api.w.org\/{rel}","templated":true}]}}