{"id":118378,"date":"2022-11-23T07:30:12","date_gmt":"2022-11-23T10:30:12","guid":{"rendered":"https:\/\/eltrabajo.cl\/portal\/?p=118378"},"modified":"2022-11-23T00:19:27","modified_gmt":"2022-11-23T03:19:27","slug":"tres-mil-dosis-de-droga-decomiso-el-os7-de-carabineros-a-mujer-boliviana","status":"publish","type":"post","link":"https:\/\/eltrabajo.cl\/portal\/tres-mil-dosis-de-droga-decomiso-el-os7-de-carabineros-a-mujer-boliviana\/","title":{"rendered":"Tres mil dosis de droga decomis\u00f3 el\u00a0OS7 de Carabineros a mujer boliviana"},"content":{"rendered":"<p style=\"text-align: left;\"><span style=\"color: #ff0000;\"><strong>Operativo en los departamentos Enc\u00f3n:<\/strong><\/span><\/p>\n<ul style=\"text-align: left;\">\n<li><strong>Procedimiento se suma a varios que ha realizado esta unidad policial en el sector.-<\/strong><\/li>\n<\/ul>\n<p style=\"text-align: justify;\">Personal del OS7 de Carabineros realiz\u00f3 un nuevo procedimiento policial en el sector de los departamentos Enc\u00f3n, en donde se intervino un departamento y se detuvo a una mujer de nacionalidad boliviana, a quien se le decomis\u00f3 pasta base de coca\u00edna avaluada en m\u00e1s de tres millones de pesos.<\/p>\n<p style=\"text-align: justify;\">Seg\u00fan inform\u00f3 el capit\u00e1n <strong>Juan Guzm\u00e1n<\/strong>, jefe del OS7 de Aconcagua, a la mujer adem\u00e1s de la droga, se le incaut\u00f3 dinero en efectivo y otros elementos propios del tr\u00e1fico de estas sustancias il\u00edcitas.<\/p>\n<p style=\"text-align: justify;\">\u00ab<em>Con la detenci\u00f3n de una persona de nacionalidad boliviana y la incautaci\u00f3n de 3 mil dosis de pasta base de coca\u00edna, fue el resultado de una diligencia realizada por personal especializado del OS7 de Carabineros en la ciudad de San Felipe, espec\u00edficamente en el sector de los departamentos Enc\u00f3n\u00bb,<\/em> se\u00f1al\u00f3 Guzm\u00e1n.<\/p>\n<p style=\"text-align: justify;\">En este contexto, el jefe del OS7 adem\u00e1s precis\u00f3 que <em>\u00abla investigaci\u00f3n, conjunta con el Ministerio P\u00fablico que se manten\u00eda, es que esta ciudadana se estaba dedicando a la venta de drogas en su departamento, motivo por el cual se pudo acreditar el delito, gestionando una orden de entrada y registro en el departamento ubicado en el block A, donde se detuvo a esta persona y se incautaron m\u00e1s de 280 gramos de pasta base de coca\u00edna, dinero en efectivo y especies asociadas al delito\u00bb. <\/em><\/p>\n<p style=\"text-align: justify;\">Finalmente, el capit\u00e1n Juan Guzm\u00e1n destac\u00f3 que este procedimiento se suma a otros que han realizado en el sector para desarticular a las bandas criminales que operan en el lugar. <em>\u00abLa mujer pas\u00f3 a control de detenci\u00f3n y esta nueva intervenci\u00f3n se enmarca en las ya realizadas intervenciones masivas en el mes de septiembre para erradicar estos focos de comercializaci\u00f3n de drogas\u00bb,<\/em> cerr\u00f3.<\/p>\n<figure id=\"attachment_118379\" aria-describedby=\"caption-attachment-118379\" style=\"width: 699px\" class=\"wp-caption alignnone\"><img data-recalc-dims=\"1\" loading=\"lazy\" decoding=\"async\" class=\"size-full wp-image-118379\" src=\"https:\/\/i0.wp.com\/eltrabajo.cl\/portal\/wp-content\/uploads\/2022\/11\/droga-boliviana.jpg?resize=640%2C439&#038;ssl=1\" alt=\"M\u00e1s de tres mil dosis de pasta base de coca\u00edna decomis\u00f3 el OS7 de Carabineros a boliviana que traficaba en los departamentos Enc\u00f3n.\" width=\"640\" height=\"439\" srcset=\"https:\/\/i0.wp.com\/eltrabajo.cl\/portal\/wp-content\/uploads\/2022\/11\/droga-boliviana.jpg?w=699&amp;ssl=1 699w, https:\/\/i0.wp.com\/eltrabajo.cl\/portal\/wp-content\/uploads\/2022\/11\/droga-boliviana.jpg?resize=300%2C206&amp;ssl=1 300w, https:\/\/i0.wp.com\/eltrabajo.cl\/portal\/wp-content\/uploads\/2022\/11\/droga-boliviana.jpg?resize=200%2C137&amp;ssl=1 200w, https:\/\/i0.wp.com\/eltrabajo.cl\/portal\/wp-content\/uploads\/2022\/11\/droga-boliviana.jpg?resize=218%2C150&amp;ssl=1 218w, https:\/\/i0.wp.com\/eltrabajo.cl\/portal\/wp-content\/uploads\/2022\/11\/droga-boliviana.jpg?resize=696%2C478&amp;ssl=1 696w\" sizes=\"auto, (max-width: 640px) 100vw, 640px\" \/><figcaption id=\"caption-attachment-118379\" class=\"wp-caption-text\">M\u00e1s de tres mil dosis de pasta base de coca\u00edna decomis\u00f3 el OS7 de Carabineros a boliviana que traficaba en los departamentos Enc\u00f3n.<\/figcaption><\/figure>\n","protected":false},"excerpt":{"rendered":"<p>Operativo en los departamentos Enc\u00f3n: Procedimiento se suma a varios que ha realizado esta unidad policial en el sector.- Personal del OS7 de Carabineros realiz\u00f3 un nuevo procedimiento policial en el sector&#8230;<\/p>\n","protected":false},"author":482,"featured_media":118379,"comment_status":"closed","ping_status":"open","sticky":false,"template":"","format":"standard","meta":{"advanced_seo_description":"","jetpack_seo_html_title":"","jetpack_seo_noindex":false,"_jetpack_memberships_contains_paid_content":false,"footnotes":""},"categories":[21],"tags":[],"class_list":["post-118378","post","type-post","status-publish","format-standard","has-post-thumbnail","hentry","category-policial"],"jetpack_featured_media_url":"https:\/\/i0.wp.com\/eltrabajo.cl\/portal\/wp-content\/uploads\/2022\/11\/droga-boliviana.jpg?fit=699%2C480&ssl=1","jetpack_sharing_enabled":true,"jetpack_likes_enabled":true,"jetpack-related-posts":[],"_links":{"self":[{"href":"https:\/\/eltrabajo.cl\/portal\/wp-json\/wp\/v2\/posts\/118378","targetHints":{"allow":["GET"]}}],"collection":[{"href":"https:\/\/eltrabajo.cl\/portal\/wp-json\/wp\/v2\/posts"}],"about":[{"href":"https:\/\/eltrabajo.cl\/portal\/wp-json\/wp\/v2\/types\/post"}],"author":[{"embeddable":true,"href":"https:\/\/eltrabajo.cl\/portal\/wp-json\/wp\/v2\/users\/482"}],"replies":[{"embeddable":true,"href":"https:\/\/eltrabajo.cl\/portal\/wp-json\/wp\/v2\/comments?post=118378"}],"version-history":[{"count":1,"href":"https:\/\/eltrabajo.cl\/portal\/wp-json\/wp\/v2\/posts\/118378\/revisions"}],"predecessor-version":[{"id":118380,"href":"https:\/\/eltrabajo.cl\/portal\/wp-json\/wp\/v2\/posts\/118378\/revisions\/118380"}],"wp:featuredmedia":[{"embeddable":true,"href":"https:\/\/eltrabajo.cl\/portal\/wp-json\/wp\/v2\/media\/118379"}],"wp:attachment":[{"href":"https:\/\/eltrabajo.cl\/portal\/wp-json\/wp\/v2\/media?parent=118378"}],"wp:term":[{"taxonomy":"category","embeddable":true,"href":"https:\/\/eltrabajo.cl\/portal\/wp-json\/wp\/v2\/categories?post=118378"},{"taxonomy":"post_tag","embeddable":true,"href":"https:\/\/eltrabajo.cl\/portal\/wp-json\/wp\/v2\/tags?post=118378"}],"curies":[{"name":"wp","href":"https:\/\/api.w.org\/{rel}","templated":true}]}}