{"id":118466,"date":"2022-11-28T07:45:13","date_gmt":"2022-11-28T10:45:13","guid":{"rendered":"https:\/\/eltrabajo.cl\/portal\/?p=118466"},"modified":"2022-11-27T23:09:51","modified_gmt":"2022-11-28T02:09:51","slug":"mujer-de-25-anos-fue-detenida-por-porte-de-un-sable-en-santa-maria","status":"publish","type":"post","link":"https:\/\/eltrabajo.cl\/portal\/mujer-de-25-anos-fue-detenida-por-porte-de-un-sable-en-santa-maria\/","title":{"rendered":"Mujer de 25 a\u00f1os fue detenida por porte de un sable en Santa Mar\u00eda"},"content":{"rendered":"<ul style=\"text-align: justify;\">\n<li style=\"text-align: left;\"><strong>Carabineros hab\u00eda recibido una denuncia por una ri\u00f1a en la poblaci\u00f3n \u2018Tres Carrera\u2019.-<\/strong><\/li>\n<\/ul>\n<p style=\"text-align: justify;\">Funcionarios de Carabineros de la comuna de Santa Mar\u00eda detuvieron a una mujer por el delito de porte de arma blanca, espec\u00edficamente de un sable.<\/p>\n<p style=\"text-align: justify;\">Seg\u00fan indicaron desde la tenencia de Santa Mar\u00eda, el hecho se registr\u00f3 a las 06:30 horas, donde el personal de servicio en la poblaci\u00f3n recibi\u00f3 un comunicado radial de parte de la tenencia, indicando que se trasladaran a la poblaci\u00f3n \u2018Tres Carreras\u2019 a verificar una ri\u00f1a.<\/p>\n<p style=\"text-align: justify;\">En base a estos antecedentes es que Carabineros se constituye en el lugar, sin observar alteraciones al orden p\u00fablico en una primera instancia. Es as\u00ed como efectivos policiales comenzaron un patrullaje preventivo por el sector, donde finalmente se percataron de la presencia de una mujer que transitaba por el pasaje \u2018Tres Esquinas\u2019 con calle Javiera Carrera, con un sable en sus manos de 60 cm. de hoja y 24 cm de empu\u00f1adura, por lo que fue detenida y trasladada hasta la Tenencia de Santa Mar\u00eda para adoptar el procedimiento de rigor.<\/p>\n<p style=\"text-align: justify;\">La mujer detenida fue identificada como <strong>P.U.P.<\/strong> de 25 a\u00f1os de edad, domiciliada en la comuna de Santa Mar\u00eda.<\/p>\n<figure id=\"attachment_118467\" aria-describedby=\"caption-attachment-118467\" style=\"width: 700px\" class=\"wp-caption alignnone\"><img data-recalc-dims=\"1\" loading=\"lazy\" decoding=\"async\" class=\"size-full wp-image-118467\" src=\"https:\/\/i0.wp.com\/eltrabajo.cl\/portal\/wp-content\/uploads\/2022\/11\/sable.jpg?resize=640%2C414&#038;ssl=1\" alt=\"Este es el sable que portaba la mujer de 25 a\u00f1os.\" width=\"640\" height=\"414\" srcset=\"https:\/\/i0.wp.com\/eltrabajo.cl\/portal\/wp-content\/uploads\/2022\/11\/sable.jpg?w=700&amp;ssl=1 700w, https:\/\/i0.wp.com\/eltrabajo.cl\/portal\/wp-content\/uploads\/2022\/11\/sable.jpg?resize=300%2C194&amp;ssl=1 300w, https:\/\/i0.wp.com\/eltrabajo.cl\/portal\/wp-content\/uploads\/2022\/11\/sable.jpg?resize=200%2C129&amp;ssl=1 200w, https:\/\/i0.wp.com\/eltrabajo.cl\/portal\/wp-content\/uploads\/2022\/11\/sable.jpg?resize=696%2C450&amp;ssl=1 696w\" sizes=\"auto, (max-width: 640px) 100vw, 640px\" \/><figcaption id=\"caption-attachment-118467\" class=\"wp-caption-text\">Este es el sable que portaba la mujer de 25 a\u00f1os.<\/figcaption><\/figure>\n","protected":false},"excerpt":{"rendered":"<p>Carabineros hab\u00eda recibido una denuncia por una ri\u00f1a en la poblaci\u00f3n \u2018Tres Carrera\u2019.- Funcionarios de Carabineros de la comuna de Santa Mar\u00eda detuvieron a una mujer por el delito de porte de&#8230;<\/p>\n","protected":false},"author":482,"featured_media":118467,"comment_status":"closed","ping_status":"open","sticky":false,"template":"","format":"standard","meta":{"advanced_seo_description":"","jetpack_seo_html_title":"","jetpack_seo_noindex":false,"_jetpack_memberships_contains_paid_content":false,"footnotes":""},"categories":[21],"tags":[],"class_list":["post-118466","post","type-post","status-publish","format-standard","has-post-thumbnail","hentry","category-policial"],"jetpack_featured_media_url":"https:\/\/i0.wp.com\/eltrabajo.cl\/portal\/wp-content\/uploads\/2022\/11\/sable.jpg?fit=700%2C453&ssl=1","jetpack_sharing_enabled":true,"jetpack_likes_enabled":true,"jetpack-related-posts":[],"_links":{"self":[{"href":"https:\/\/eltrabajo.cl\/portal\/wp-json\/wp\/v2\/posts\/118466","targetHints":{"allow":["GET"]}}],"collection":[{"href":"https:\/\/eltrabajo.cl\/portal\/wp-json\/wp\/v2\/posts"}],"about":[{"href":"https:\/\/eltrabajo.cl\/portal\/wp-json\/wp\/v2\/types\/post"}],"author":[{"embeddable":true,"href":"https:\/\/eltrabajo.cl\/portal\/wp-json\/wp\/v2\/users\/482"}],"replies":[{"embeddable":true,"href":"https:\/\/eltrabajo.cl\/portal\/wp-json\/wp\/v2\/comments?post=118466"}],"version-history":[{"count":1,"href":"https:\/\/eltrabajo.cl\/portal\/wp-json\/wp\/v2\/posts\/118466\/revisions"}],"predecessor-version":[{"id":118468,"href":"https:\/\/eltrabajo.cl\/portal\/wp-json\/wp\/v2\/posts\/118466\/revisions\/118468"}],"wp:featuredmedia":[{"embeddable":true,"href":"https:\/\/eltrabajo.cl\/portal\/wp-json\/wp\/v2\/media\/118467"}],"wp:attachment":[{"href":"https:\/\/eltrabajo.cl\/portal\/wp-json\/wp\/v2\/media?parent=118466"}],"wp:term":[{"taxonomy":"category","embeddable":true,"href":"https:\/\/eltrabajo.cl\/portal\/wp-json\/wp\/v2\/categories?post=118466"},{"taxonomy":"post_tag","embeddable":true,"href":"https:\/\/eltrabajo.cl\/portal\/wp-json\/wp\/v2\/tags?post=118466"}],"curies":[{"name":"wp","href":"https:\/\/api.w.org\/{rel}","templated":true}]}}