{"id":118567,"date":"2022-12-01T07:54:29","date_gmt":"2022-12-01T10:54:29","guid":{"rendered":"https:\/\/eltrabajo.cl\/portal\/?p=118567"},"modified":"2022-12-01T00:38:49","modified_gmt":"2022-12-01T03:38:49","slug":"generacion-del-72-de-la-escuela-industrial-celebra-50-anos-de-su-egreso","status":"publish","type":"post","link":"https:\/\/eltrabajo.cl\/portal\/generacion-del-72-de-la-escuela-industrial-celebra-50-anos-de-su-egreso\/","title":{"rendered":"Generaci\u00f3n del 72 de la Escuela Industrial celebra 50 a\u00f1os de su egreso"},"content":{"rendered":"<p style=\"text-align: left;\"><span style=\"color: #ff0000;\"><strong>Ma\u00f1ana a las 11:00 horas<\/strong><\/span><\/p>\n<p style=\"text-align: justify;\">Ma\u00f1ana viernes 2 de diciembre la generaci\u00f3n del a\u00f1o 1972 de la Escuela Industrial \u2018Guillermo Richard Cuevas\u2019 de San Felipe, se reunir\u00e1 para celebrar 50 a\u00f1os desde que egresaron de su querido establecimiento. En la oportunidad realizar\u00e1n una ceremonia de licenciatura recordando esos m\u00e1gicos momentos.<\/p>\n<p style=\"text-align: justify;\">La informaci\u00f3n la entreg\u00f3 el presidente del centro de ex alumnos del establecimiento, <strong>Pedro Guajardo Jim\u00e9nez<\/strong>.<\/p>\n<p style=\"text-align: justify;\">\u00abEste viernes los egresados del a\u00f1o 1972 de las cuatro especialidades que hab\u00eda en esa \u00e9poca, se organizaron y se van a juntar en la Escuela para hacer una, llam\u00e9mosle una licenciatura de los 50 a\u00f1os de egreso; son como las \u2018Bodas de Oro\u2019 de los ex alumnos que vienen a reencontrarse con su escuela. Ac\u00e1 don <strong>Andr\u00e9s Vargas Munita<\/strong>, actual director, nos abri\u00f3 las puertas y nos est\u00e1 cooperando en que esta reuni\u00f3n sea lo m\u00e1s emotiva posible. Son ya mayores, padres de familia, abuelos, que vuelven a ser ni\u00f1os con esta ceremonia. Eso queremos darle el realce que se merece, sobre todo entregar un mensaje a la juventud hoy en d\u00eda, que las amistades que se conocen aqu\u00ed en la escuela se llevan toda la vida, porque imag\u00ednese reunir un curso despu\u00e9s de 50 a\u00f1os es un gran logro\u00bb.<\/p>\n<p style=\"text-align: justify;\">&#8211; <strong>\u00bfCu\u00e1ndo se va a realizar esta ceremonia de reencuentro?<\/strong><\/p>\n<p style=\"text-align: justify;\">&#8211; Esto es el viernes (ma\u00f1ana 2 de diciembre) a las 11 de la ma\u00f1ana ac\u00e1 en la escuela.<\/p>\n<p style=\"text-align: justify;\">&#8211; <strong>\u00bfC\u00f3mo surge la idea?<\/strong><\/p>\n<p style=\"text-align: justify;\">&#8211; Por inquietud de los mismos alumnos, viendo que hab\u00edan pasado 50 a\u00f1os, empezaron a comunicarse, ubicarse y la verdad que llegaron a un n\u00famero s\u00faper importante; o sea, no tengo la cantidad de cu\u00e1ntos alumnos eran en un curso, pero van a llegar 30, eso es harto y todos est\u00e1n en contacto, muchos han fallecido, o sea unos pocos, pero se les recuerda y tambi\u00e9n estar\u00edan ah\u00ed recordando esos d\u00edas.<\/p>\n<p style=\"text-align: justify;\">Cont\u00f3 que en esa \u00e9poca hab\u00eda cuatro especialidades: Mec\u00e1nica Industrial, Construcciones Met\u00e1licas, Habitacional y Electricidad.<\/p>\n<p style=\"text-align: justify;\">&#8211; <strong>\u00bfSe vuelven a reencontrar despu\u00e9s de 50 a\u00f1os?<\/strong><\/p>\n<p style=\"text-align: justify;\">&#8211; Despu\u00e9s de 50 a\u00f1os, muchos de ellos se van a encontrar ese d\u00eda tras 50 a\u00f1os.<\/p>\n<p style=\"text-align: justify;\">&#8211; <strong>\u00bfPero ellos egresaron hace 50 a\u00f1os de la Escuela Industrial?<\/strong><\/p>\n<p style=\"text-align: justify;\">&#8211; Hace 50 a\u00f1os, en el a\u00f1o 1972 egresaron de la escuela.<\/p>\n<p style=\"text-align: justify;\">&#8211; <strong>\u00bfPor d\u00f3nde est\u00e1n repartidos los ex alumnos, en qu\u00e9 ciudades?<\/strong><\/p>\n<p style=\"text-align: justify;\">&#8211; La verdad que a lo largo de todo Chile, principalmente ac\u00e1 en la zona, Santiago, pero industrialinos de esa \u00e9poca hay en todo Chile. Tengo entendido que vienen algunos de Punta Arenas, creo que vienen ese d\u00eda, otros de ac\u00e1 de Petorca, La Ligua, porque en esa \u00e9poca la escuela ten\u00eda internado, o sea muchos viv\u00edan en la escuela.<\/p>\n<p style=\"text-align: justify;\">&#8211; <strong>\u00bfEsto es importante para ustedes?<\/strong><\/p>\n<p style=\"text-align: justify;\">&#8211; S\u00ed, m\u00e1s que nada poder compartir con la comunidad lo que es la Escuela Industrial, bueno el prestigio que tiene, todo San Felipe lo conoce, y muchos pap\u00e1s a\u00f1oran que los ni\u00f1os lleguen a estudiar a esta escuela por los valores que entrega.<\/p>\n<p style=\"text-align: justify;\">\n<p style=\"text-align: justify;\"><span style=\"color: #ff0000;\">ESCUELA BIEN POSICIONADA<\/span><\/p>\n<p style=\"text-align: justify;\">&#8211; <strong>A prop\u00f3sito, \u00bfc\u00f3mo ven la escuela?<\/strong><\/p>\n<p style=\"text-align: justify;\">&#8211; Hoy en d\u00eda est\u00e1 bien posicionada, si bien es cierto han habido problemas que han aparecido en redes sociales, pero tambi\u00e9n es producto del sistema, porque hoy no hay derecho de admisi\u00f3n, todo ni\u00f1o que quiera estudiar en la escuela puede llegar a estudiar a la escuela. Antes nosotros ten\u00edamos que dar examen para poder entrar, entonces hoy llega harto chiquillo que viene con otro tipo de pensamiento, otras costumbres, y eso ha tra\u00eddo un poco de problemas a la escuela. Pero los profesores y sus directivos est\u00e1n dando la pelea con ellos, o sea no los dejan as\u00ed que hagan lo que quieran, sino que igual est\u00e1n tratando de que ellos busquen su camino y sepan que las herramientas que les va a entregar la escuela, les van a servir para toda la vida.<\/p>\n<p style=\"text-align: justify;\">&#8211; <strong>Es decir no los dejan solos.<\/strong><\/p>\n<p style=\"text-align: justify;\">&#8211; No, en ning\u00fan caso, ac\u00e1 en la escuela hay un equipo sicosocial constantemente; psic\u00f3logo, asistente social, que est\u00e1n con los chiquillos que quieren salirse de la l\u00ednea que es la escuela, tratando de ayudarlo, pero el establecimiento est\u00e1 en eso. Si bien es cierto han habido problemas, yo creo que ser\u00e1n 30 ni\u00f1os que hemos visto en las redes sociales durante el a\u00f1o, pero hay 1.200 que est\u00e1n estudiando, entonces no podemos decir que la \u2018escuela est\u00e1 mal\u2019. Yo he escuchado en redes sociales que la escuela no es la misma de antes. Si no es la misma de antes es porque tampoco los ni\u00f1os son los mismos que antes, tampoco podemos echar a todos en un saco. Hay, como le digo, 1.200 ni\u00f1os que est\u00e1n trabajando en los talleres aprendiendo y la escuela va bien. Para los profesores hay m\u00e1s pega, ahora tiene m\u00e1s que antes, pero dan la pelea ah\u00ed con don Andr\u00e9s.<\/p>\n<figure id=\"attachment_118568\" aria-describedby=\"caption-attachment-118568\" style=\"width: 700px\" class=\"wp-caption alignnone\"><img data-recalc-dims=\"1\" loading=\"lazy\" decoding=\"async\" class=\"size-full wp-image-118568\" src=\"https:\/\/i0.wp.com\/eltrabajo.cl\/portal\/wp-content\/uploads\/2022\/12\/industrial.jpg?resize=640%2C479&#038;ssl=1\" alt=\"El grupo musical de la Escuela Industrial (Liceo Bicentenario) Guillermo Richards Cuevas celebrando el 81\u00ba aniversario.\" width=\"640\" height=\"479\" srcset=\"https:\/\/i0.wp.com\/eltrabajo.cl\/portal\/wp-content\/uploads\/2022\/12\/industrial.jpg?w=700&amp;ssl=1 700w, https:\/\/i0.wp.com\/eltrabajo.cl\/portal\/wp-content\/uploads\/2022\/12\/industrial.jpg?resize=300%2C225&amp;ssl=1 300w, https:\/\/i0.wp.com\/eltrabajo.cl\/portal\/wp-content\/uploads\/2022\/12\/industrial.jpg?resize=200%2C150&amp;ssl=1 200w, https:\/\/i0.wp.com\/eltrabajo.cl\/portal\/wp-content\/uploads\/2022\/12\/industrial.jpg?resize=696%2C521&amp;ssl=1 696w\" sizes=\"auto, (max-width: 640px) 100vw, 640px\" \/><figcaption id=\"caption-attachment-118568\" class=\"wp-caption-text\">El grupo musical de la Escuela Industrial (Liceo Bicentenario) Guillermo Richards Cuevas celebrando el 81\u00ba aniversario.<\/figcaption><\/figure>\n","protected":false},"excerpt":{"rendered":"<p>Ma\u00f1ana a las 11:00 horas Ma\u00f1ana viernes 2 de diciembre la generaci\u00f3n del a\u00f1o 1972 de la Escuela Industrial \u2018Guillermo Richard Cuevas\u2019 de San Felipe, se reunir\u00e1 para celebrar 50 a\u00f1os desde&#8230;<\/p>\n","protected":false},"author":482,"featured_media":118568,"comment_status":"closed","ping_status":"open","sticky":false,"template":"","format":"standard","meta":{"advanced_seo_description":"","jetpack_seo_html_title":"","jetpack_seo_noindex":false,"_jetpack_memberships_contains_paid_content":false,"footnotes":""},"categories":[15],"tags":[],"class_list":["post-118567","post","type-post","status-publish","format-standard","has-post-thumbnail","hentry","category-comunidad"],"jetpack_featured_media_url":"https:\/\/i0.wp.com\/eltrabajo.cl\/portal\/wp-content\/uploads\/2022\/12\/industrial.jpg?fit=700%2C524&ssl=1","jetpack_sharing_enabled":true,"jetpack_likes_enabled":true,"jetpack-related-posts":[],"_links":{"self":[{"href":"https:\/\/eltrabajo.cl\/portal\/wp-json\/wp\/v2\/posts\/118567","targetHints":{"allow":["GET"]}}],"collection":[{"href":"https:\/\/eltrabajo.cl\/portal\/wp-json\/wp\/v2\/posts"}],"about":[{"href":"https:\/\/eltrabajo.cl\/portal\/wp-json\/wp\/v2\/types\/post"}],"author":[{"embeddable":true,"href":"https:\/\/eltrabajo.cl\/portal\/wp-json\/wp\/v2\/users\/482"}],"replies":[{"embeddable":true,"href":"https:\/\/eltrabajo.cl\/portal\/wp-json\/wp\/v2\/comments?post=118567"}],"version-history":[{"count":1,"href":"https:\/\/eltrabajo.cl\/portal\/wp-json\/wp\/v2\/posts\/118567\/revisions"}],"predecessor-version":[{"id":118569,"href":"https:\/\/eltrabajo.cl\/portal\/wp-json\/wp\/v2\/posts\/118567\/revisions\/118569"}],"wp:featuredmedia":[{"embeddable":true,"href":"https:\/\/eltrabajo.cl\/portal\/wp-json\/wp\/v2\/media\/118568"}],"wp:attachment":[{"href":"https:\/\/eltrabajo.cl\/portal\/wp-json\/wp\/v2\/media?parent=118567"}],"wp:term":[{"taxonomy":"category","embeddable":true,"href":"https:\/\/eltrabajo.cl\/portal\/wp-json\/wp\/v2\/categories?post=118567"},{"taxonomy":"post_tag","embeddable":true,"href":"https:\/\/eltrabajo.cl\/portal\/wp-json\/wp\/v2\/tags?post=118567"}],"curies":[{"name":"wp","href":"https:\/\/api.w.org\/{rel}","templated":true}]}}