{"id":119076,"date":"2022-12-27T07:58:30","date_gmt":"2022-12-27T10:58:30","guid":{"rendered":"https:\/\/eltrabajo.cl\/portal\/?p=119076"},"modified":"2022-12-26T23:18:30","modified_gmt":"2022-12-27T02:18:30","slug":"en-bicicleta-entran-a-robar-a-servicio-tecnico-de-traslavina-hay-un-detenido","status":"publish","type":"post","link":"https:\/\/eltrabajo.cl\/portal\/en-bicicleta-entran-a-robar-a-servicio-tecnico-de-traslavina-hay-un-detenido\/","title":{"rendered":"En bicicleta entran a robar a servicio t\u00e9cnico de Traslavi\u00f1a: Hay un detenido"},"content":{"rendered":"<p style=\"text-align: justify;\">Tres delincuentes, uno de ellos en bicicleta, ingresaron a robar diversos accesorios a un local de servicio t\u00e9cnico de telefon\u00eda celular, donde adem\u00e1s se venden otros art\u00edculos tecnol\u00f3gicos como parlantes, relojes inteligentes, aud\u00edfonos, etc.<\/p>\n<p style=\"text-align: justify;\">Uno de los delincuentes fue detenido por Carabineros, quienes informaron que la suma de lo robado asciende a unos 400 mil pesos. En todo caso los sujetos fueron captados por las c\u00e1maras de tele vigilancia municipal, hecho que result\u00f3 fundamental para aprehender a uno de ellos.<\/p>\n<p style=\"text-align: justify;\">El establecimiento se encuentra ubicado en calle Traslavi\u00f1a n\u00famero 1171, llamado Servicio T\u00e9cnico \u2018Holdens\u2019.<\/p>\n<p style=\"text-align: justify;\"><strong>Jam<\/strong>, due\u00f1o del local, se\u00f1al\u00f3 a <strong>Diario El Trabajo<\/strong>: <em>\u00abS\u00ed, anoche me robaron los tel\u00e9fonos, los micr\u00f3fonos, relojes inteligentes y los parlantes que ten\u00eda yo igual me lo llevaron. Hay muchas cosas igual que me llevaron, no s\u00e9 cu\u00e1l, tantas cosas que tengo yo ah\u00ed, tengo que verificarlo bien\u00bb.<\/em><\/p>\n<p style=\"text-align: justify;\">&#8211; <strong>Tiene im\u00e1genes, grabaciones de una c\u00e1mara? \u00bfEsto a qu\u00e9 hora ocurre aproximadamente?<\/strong><\/p>\n<p style=\"text-align: justify;\">&#8211; No, la hora no la s\u00e9 exactamente, porque la c\u00e1mara que tengo aqu\u00ed me la tiene \u2018Marito\u2019.<\/p>\n<p style=\"text-align: justify;\">&#8211; <strong>Igual tiene un video donde aparecen los sujetos.<\/strong><\/p>\n<p style=\"text-align: justify;\">&#8211; S\u00ed, tengo el video.<\/p>\n<p style=\"text-align: justify;\">&#8211; <strong>\u00bfDe cu\u00e1nto estamos hablando sobre lo robado? \u00bfUnos dos, tres millones de pesos?<\/strong><\/p>\n<p style=\"text-align: justify;\">&#8211; No, no tanto&#8230; porque no he visto.<\/p>\n<p style=\"text-align: justify;\">&#8211; <strong>Pero ten\u00eda unos relojes inteligentes que costaban unos 40 mil pesos.<\/strong><\/p>\n<p style=\"text-align: justify;\">&#8211; S\u00ed, 49.990 pesos. Hab\u00eda muchos aud\u00edfonos que val\u00edan $ 29.990 a $ 39.990 tambi\u00e9n igual me los robaron.<\/p>\n<p style=\"text-align: justify;\">&#8211; <strong>\u00bfRelojes inteligentes?<\/strong><\/p>\n<p style=\"text-align: justify;\">&#8211; S\u00ed, y esos salen $ 49.990 hay muchas cosas que me las llevaron.<\/p>\n<p style=\"text-align: justify;\">&#8211; <strong>\u00bfC\u00f3mo ingresan los sujetos rompieron, la ventana, algo?<\/strong><\/p>\n<p style=\"text-align: justify;\">&#8211; Levantaron la cortina y ah\u00ed se meti\u00f3 para adentro por debajo.<\/p>\n<p style=\"text-align: justify;\">&#8211; <strong>\u00bfEn la grabaci\u00f3n se ve a tres sujetos?<\/strong><\/p>\n<p style=\"text-align: justify;\">&#8211; Uno en bicicleta, uno agarrando el port\u00f3n y el otro se meti\u00f3 adentro.<\/p>\n<p style=\"text-align: justify;\">\n<p style=\"text-align: left;\"><span style=\"color: #ff0000;\">UN DETENIDO POR CARABINEROS<\/span><\/p>\n<p style=\"text-align: justify;\">El mayor de Carabineros <strong>Cristian Ram\u00edrez Gald\u00e1mez<\/strong>, dijo que este procedimiento se gest\u00f3 en horas de la madrugada <em>\u00abgracias a la r\u00e1pida llegada de Carabineros; este delito quiz\u00e1s se vio en parte frustrado, no obstante estas personas, infractores de la ley, dig\u00e1moslo as\u00ed, sustrajeron alrededor de 400 mil pesos en aval\u00faos de especies. Sin embargo al trabajo que realiz\u00f3 Carabineros en base a las c\u00e1maras existentes en el lugar, pudo vincular a una persona, la cual con las caracter\u00edsticas f\u00edsicas y la vestimenta que esta persona portaba se pudo comprobar el hecho. Esta persona fue detenida, proviene de la comuna de Panquehue y pas\u00f3 a control de detenci\u00f3n en horas de la ma\u00f1ana\u00bb.<\/em><\/p>\n<p style=\"text-align: justify;\">Es importante destacar el trabajo realizado con las c\u00e1maras de televigilancia dependientes de la Municipalidad de San Felipe que ayudaron tambi\u00e9n para la detenci\u00f3n del delincuente.<\/p>\n<figure id=\"attachment_119077\" aria-describedby=\"caption-attachment-119077\" style=\"width: 698px\" class=\"wp-caption alignnone\"><img data-recalc-dims=\"1\" loading=\"lazy\" decoding=\"async\" class=\"size-full wp-image-119077\" src=\"https:\/\/i0.wp.com\/eltrabajo.cl\/portal\/wp-content\/uploads\/2022\/12\/ROBO-1.jpg?resize=640%2C480&#038;ssl=1\" alt=\"En este local robaron delincuentes durante la madrugada de ayer; hay un detenido.\" width=\"640\" height=\"480\" srcset=\"https:\/\/i0.wp.com\/eltrabajo.cl\/portal\/wp-content\/uploads\/2022\/12\/ROBO-1.jpg?w=698&amp;ssl=1 698w, https:\/\/i0.wp.com\/eltrabajo.cl\/portal\/wp-content\/uploads\/2022\/12\/ROBO-1.jpg?resize=300%2C225&amp;ssl=1 300w, https:\/\/i0.wp.com\/eltrabajo.cl\/portal\/wp-content\/uploads\/2022\/12\/ROBO-1.jpg?resize=200%2C150&amp;ssl=1 200w, https:\/\/i0.wp.com\/eltrabajo.cl\/portal\/wp-content\/uploads\/2022\/12\/ROBO-1.jpg?resize=696%2C522&amp;ssl=1 696w\" sizes=\"auto, (max-width: 640px) 100vw, 640px\" \/><figcaption id=\"caption-attachment-119077\" class=\"wp-caption-text\">En este local robaron delincuentes durante la madrugada de ayer; hay un detenido.<\/figcaption><\/figure>\n","protected":false},"excerpt":{"rendered":"<p>Tres delincuentes, uno de ellos en bicicleta, ingresaron a robar diversos accesorios a un local de servicio t\u00e9cnico de telefon\u00eda celular, donde adem\u00e1s se venden otros art\u00edculos tecnol\u00f3gicos como parlantes, relojes inteligentes,&#8230;<\/p>\n","protected":false},"author":482,"featured_media":119077,"comment_status":"closed","ping_status":"open","sticky":false,"template":"","format":"standard","meta":{"advanced_seo_description":"","jetpack_seo_html_title":"","jetpack_seo_noindex":false,"_jetpack_memberships_contains_paid_content":false,"footnotes":""},"categories":[21],"tags":[],"class_list":["post-119076","post","type-post","status-publish","format-standard","has-post-thumbnail","hentry","category-policial"],"jetpack_featured_media_url":"https:\/\/i0.wp.com\/eltrabajo.cl\/portal\/wp-content\/uploads\/2022\/12\/ROBO-1.jpg?fit=698%2C524&ssl=1","jetpack_sharing_enabled":true,"jetpack_likes_enabled":true,"jetpack-related-posts":[],"_links":{"self":[{"href":"https:\/\/eltrabajo.cl\/portal\/wp-json\/wp\/v2\/posts\/119076","targetHints":{"allow":["GET"]}}],"collection":[{"href":"https:\/\/eltrabajo.cl\/portal\/wp-json\/wp\/v2\/posts"}],"about":[{"href":"https:\/\/eltrabajo.cl\/portal\/wp-json\/wp\/v2\/types\/post"}],"author":[{"embeddable":true,"href":"https:\/\/eltrabajo.cl\/portal\/wp-json\/wp\/v2\/users\/482"}],"replies":[{"embeddable":true,"href":"https:\/\/eltrabajo.cl\/portal\/wp-json\/wp\/v2\/comments?post=119076"}],"version-history":[{"count":1,"href":"https:\/\/eltrabajo.cl\/portal\/wp-json\/wp\/v2\/posts\/119076\/revisions"}],"predecessor-version":[{"id":119078,"href":"https:\/\/eltrabajo.cl\/portal\/wp-json\/wp\/v2\/posts\/119076\/revisions\/119078"}],"wp:featuredmedia":[{"embeddable":true,"href":"https:\/\/eltrabajo.cl\/portal\/wp-json\/wp\/v2\/media\/119077"}],"wp:attachment":[{"href":"https:\/\/eltrabajo.cl\/portal\/wp-json\/wp\/v2\/media?parent=119076"}],"wp:term":[{"taxonomy":"category","embeddable":true,"href":"https:\/\/eltrabajo.cl\/portal\/wp-json\/wp\/v2\/categories?post=119076"},{"taxonomy":"post_tag","embeddable":true,"href":"https:\/\/eltrabajo.cl\/portal\/wp-json\/wp\/v2\/tags?post=119076"}],"curies":[{"name":"wp","href":"https:\/\/api.w.org\/{rel}","templated":true}]}}