{"id":119139,"date":"2022-12-30T01:10:54","date_gmt":"2022-12-30T04:10:54","guid":{"rendered":"https:\/\/eltrabajo.cl\/portal\/?p=119139"},"modified":"2022-12-30T01:10:54","modified_gmt":"2022-12-30T04:10:54","slug":"servicio-de-recoleccion-de-basura-adelantara-su-horario-este-dia-sabado","status":"publish","type":"post","link":"https:\/\/eltrabajo.cl\/portal\/servicio-de-recoleccion-de-basura-adelantara-su-horario-este-dia-sabado\/","title":{"rendered":"Servicio de recolecci\u00f3n de basura adelantar\u00e1 su horario este d\u00eda s\u00e1bado"},"content":{"rendered":"<p style=\"text-align: left;\"><span style=\"color: #ff0000;\"><strong>El lunes, feriado, se trabajar\u00e1 normalmente:<\/strong><\/span><\/p>\n<ul style=\"text-align: left;\">\n<li><strong>Trabajadores iniciar\u00e1n su jornada correspondiente a ese d\u00eda, a partir de las cuatro de la tarde, es decir tres horas antes de lo normal.-<\/strong><\/li>\n<\/ul>\n<p style=\"text-align: justify;\">La Direcci\u00f3n de Protecci\u00f3n de Medio Ambiente (Dipma) de la Municipalidad de San Felipe, inform\u00f3 que este d\u00eda s\u00e1bado 31 de diciembre, el servicio de recolecci\u00f3n de basura se adelantar\u00e1 a las 16:00 horas. Esto, pensando tambi\u00e9n en los trabajadores para que puedan estar junto a sus familias en tal fecha.<\/p>\n<p style=\"text-align: justify;\">La informaci\u00f3n fue confirmada por la directora de la Dipma, <strong>Sylvana Vera<\/strong>, quien adem\u00e1s asegur\u00f3 que el d\u00eda lunes 2 de enero, que es feriado, el servicio se desarrollar\u00e1 de manera normal. <em>\u00abSabemos que la comunidad en general tiene una mayor cantidad de basura en las casas, y la idea es poder informar a la comunidad que en general el servicio de retiro de aseo domiciliario se adelantar\u00e1 el d\u00eda s\u00e1bado, normalmente \u00e9ste comienza a retirarse a las 7 de la tarde, este se adelantar\u00e1 a las 4 de la tarde\u00bb,<\/em> se\u00f1al\u00f3.<\/p>\n<p style=\"text-align: justify;\">\u00ab<em>El d\u00eda lunes, que es feriado, los trabajadores de la empresa van a estar de manera normal, en horario normal. El \u00fanico d\u00eda que va a variar es el s\u00e1bado. Queremos invitar a los vecinos y vecinas a que est\u00e9n atentos para que saquen la basura en el horario que corresponde al recorrido correspondiente\u00bb,<\/em> agreg\u00f3 Vera.<\/p>\n<p style=\"text-align: justify;\">Por su parte, <strong>Ana Vald\u00e9s<\/strong>, encargada del programa de reciclaje de la Dipma, detall\u00f3 que los puntos limpios tambi\u00e9n tendr\u00e1n un horario de funcionamiento, sobre todo el que est\u00e1 ubicado en el Estadio Municipal.<\/p>\n<p style=\"text-align: justify;\">\u00ab<em>Lo \u00fanico que tiene horario en el reciclaje, es el punto limpio que est\u00e1 ubicado en el estadio municipal, que va a funcionar el s\u00e1bado y lunes en horario normal, el domingo de por s\u00ed no funciona el punto limpio, as\u00ed que lo importante es que los vecinos se organicen para ir a dejar los residuos\u00bb,<\/em> indic\u00f3 Vald\u00e9s.<\/p>\n<p style=\"text-align: justify;\">Respecto del aumento de residuos y el correcto reciclaje de \u00e9stos, Ana Vald\u00e9s manifest\u00f3 que <em>\u00aben estas fechas hay un aumento de residuos que podemos reciclarlos, se genera mucho vidrio y es importante que esa botella se deposite en las campanas de reciclaje, para qui\u00e9n no sabe d\u00f3nde est\u00e1n, puede ingresar a la p\u00e1gina web del municipio para tener la informaci\u00f3n\u00bb.<\/em><\/p>\n<figure id=\"attachment_119140\" aria-describedby=\"caption-attachment-119140\" style=\"width: 698px\" class=\"wp-caption alignnone\"><img data-recalc-dims=\"1\" loading=\"lazy\" decoding=\"async\" class=\"size-full wp-image-119140\" src=\"https:\/\/i0.wp.com\/eltrabajo.cl\/portal\/wp-content\/uploads\/2022\/12\/dipma-ana_valdes-silvana_vera.jpg?resize=640%2C360&#038;ssl=1\" alt=\"Ana Vald\u00e9s, del programa de reciclaje, junto a Silvana Vera, directora de la Dipma.\" width=\"640\" height=\"360\" srcset=\"https:\/\/i0.wp.com\/eltrabajo.cl\/portal\/wp-content\/uploads\/2022\/12\/dipma-ana_valdes-silvana_vera.jpg?w=698&amp;ssl=1 698w, https:\/\/i0.wp.com\/eltrabajo.cl\/portal\/wp-content\/uploads\/2022\/12\/dipma-ana_valdes-silvana_vera.jpg?resize=300%2C169&amp;ssl=1 300w, https:\/\/i0.wp.com\/eltrabajo.cl\/portal\/wp-content\/uploads\/2022\/12\/dipma-ana_valdes-silvana_vera.jpg?resize=200%2C113&amp;ssl=1 200w, https:\/\/i0.wp.com\/eltrabajo.cl\/portal\/wp-content\/uploads\/2022\/12\/dipma-ana_valdes-silvana_vera.jpg?resize=696%2C392&amp;ssl=1 696w\" sizes=\"auto, (max-width: 640px) 100vw, 640px\" \/><figcaption id=\"caption-attachment-119140\" class=\"wp-caption-text\">Ana Vald\u00e9s, del programa de reciclaje, junto a Silvana Vera, directora de la Dipma.<\/figcaption><\/figure>\n<figure id=\"attachment_119141\" aria-describedby=\"caption-attachment-119141\" style=\"width: 699px\" class=\"wp-caption alignnone\"><img data-recalc-dims=\"1\" loading=\"lazy\" decoding=\"async\" class=\"size-full wp-image-119141\" src=\"https:\/\/i0.wp.com\/eltrabajo.cl\/portal\/wp-content\/uploads\/2022\/12\/dipma-camion-basura.jpg?resize=640%2C439&#038;ssl=1\" alt=\"Ma\u00f1ana s\u00e1bado la recolecci\u00f3n de basura partir\u00e1 a las 16:00 horas.\" width=\"640\" height=\"439\" srcset=\"https:\/\/i0.wp.com\/eltrabajo.cl\/portal\/wp-content\/uploads\/2022\/12\/dipma-camion-basura.jpg?w=699&amp;ssl=1 699w, https:\/\/i0.wp.com\/eltrabajo.cl\/portal\/wp-content\/uploads\/2022\/12\/dipma-camion-basura.jpg?resize=300%2C206&amp;ssl=1 300w, https:\/\/i0.wp.com\/eltrabajo.cl\/portal\/wp-content\/uploads\/2022\/12\/dipma-camion-basura.jpg?resize=200%2C137&amp;ssl=1 200w, https:\/\/i0.wp.com\/eltrabajo.cl\/portal\/wp-content\/uploads\/2022\/12\/dipma-camion-basura.jpg?resize=218%2C150&amp;ssl=1 218w, https:\/\/i0.wp.com\/eltrabajo.cl\/portal\/wp-content\/uploads\/2022\/12\/dipma-camion-basura.jpg?resize=696%2C477&amp;ssl=1 696w\" sizes=\"auto, (max-width: 640px) 100vw, 640px\" \/><figcaption id=\"caption-attachment-119141\" class=\"wp-caption-text\">Ma\u00f1ana s\u00e1bado la recolecci\u00f3n de basura partir\u00e1 a las 16:00 horas.<\/figcaption><\/figure>\n","protected":false},"excerpt":{"rendered":"<p>El lunes, feriado, se trabajar\u00e1 normalmente: Trabajadores iniciar\u00e1n su jornada correspondiente a ese d\u00eda, a partir de las cuatro de la tarde, es decir tres horas antes de lo normal.- La Direcci\u00f3n&#8230;<\/p>\n","protected":false},"author":482,"featured_media":119141,"comment_status":"closed","ping_status":"open","sticky":false,"template":"","format":"standard","meta":{"advanced_seo_description":"","jetpack_seo_html_title":"","jetpack_seo_noindex":false,"_jetpack_memberships_contains_paid_content":false,"footnotes":""},"categories":[103],"tags":[],"class_list":["post-119139","post","type-post","status-publish","format-standard","has-post-thumbnail","hentry","category-cronica-2"],"jetpack_featured_media_url":"https:\/\/i0.wp.com\/eltrabajo.cl\/portal\/wp-content\/uploads\/2022\/12\/dipma-camion-basura.jpg?fit=699%2C479&ssl=1","jetpack_sharing_enabled":true,"jetpack_likes_enabled":true,"jetpack-related-posts":[],"_links":{"self":[{"href":"https:\/\/eltrabajo.cl\/portal\/wp-json\/wp\/v2\/posts\/119139","targetHints":{"allow":["GET"]}}],"collection":[{"href":"https:\/\/eltrabajo.cl\/portal\/wp-json\/wp\/v2\/posts"}],"about":[{"href":"https:\/\/eltrabajo.cl\/portal\/wp-json\/wp\/v2\/types\/post"}],"author":[{"embeddable":true,"href":"https:\/\/eltrabajo.cl\/portal\/wp-json\/wp\/v2\/users\/482"}],"replies":[{"embeddable":true,"href":"https:\/\/eltrabajo.cl\/portal\/wp-json\/wp\/v2\/comments?post=119139"}],"version-history":[{"count":1,"href":"https:\/\/eltrabajo.cl\/portal\/wp-json\/wp\/v2\/posts\/119139\/revisions"}],"predecessor-version":[{"id":119142,"href":"https:\/\/eltrabajo.cl\/portal\/wp-json\/wp\/v2\/posts\/119139\/revisions\/119142"}],"wp:featuredmedia":[{"embeddable":true,"href":"https:\/\/eltrabajo.cl\/portal\/wp-json\/wp\/v2\/media\/119141"}],"wp:attachment":[{"href":"https:\/\/eltrabajo.cl\/portal\/wp-json\/wp\/v2\/media?parent=119139"}],"wp:term":[{"taxonomy":"category","embeddable":true,"href":"https:\/\/eltrabajo.cl\/portal\/wp-json\/wp\/v2\/categories?post=119139"},{"taxonomy":"post_tag","embeddable":true,"href":"https:\/\/eltrabajo.cl\/portal\/wp-json\/wp\/v2\/tags?post=119139"}],"curies":[{"name":"wp","href":"https:\/\/api.w.org\/{rel}","templated":true}]}}