{"id":119311,"date":"2023-01-10T07:50:37","date_gmt":"2023-01-10T10:50:37","guid":{"rendered":"https:\/\/eltrabajo.cl\/portal\/?p=119311"},"modified":"2023-01-10T01:11:49","modified_gmt":"2023-01-10T04:11:49","slug":"sanos-y-salvos-rescatan-a-seis-personas-atrapadas-por-el-rio-aconcagua","status":"publish","type":"post","link":"https:\/\/eltrabajo.cl\/portal\/sanos-y-salvos-rescatan-a-seis-personas-atrapadas-por-el-rio-aconcagua\/","title":{"rendered":"Sanos y salvos rescatan a seis personas atrapadas por el r\u00edo Aconcagua"},"content":{"rendered":"<ul style=\"text-align: justify;\">\n<li style=\"text-align: left;\"><strong>Crecida del caudal dej\u00f3 varadas a seis personas, tres de ellas menores de edad.-<\/strong><\/li>\n<\/ul>\n<p style=\"text-align: justify;\">Seis personas quedaron atrapadas en el r\u00edo Aconcagua en la comuna de Panquehue luego de la brusca crecida del caudal durante la noche del pasado domingo. Al lugar debi\u00f3 concurrir personal de Bomberos para ayudar al grupo en el que se encontraban tres menores de edad.<\/p>\n<p style=\"text-align: justify;\">El comandante del Cuerpo de Bomberos de San Felipe, <strong>Juan Carlos Herrera Lillo<\/strong>, se\u00f1al\u00f3 que los voluntarios debieron desarrollar una ardua labor para poder rescatar a estas personas, sobre todo por el aumento tan explosivo de la cantidad de agua que bajaba por el r\u00edo.<\/p>\n<p style=\"text-align: justify;\">\u00ab<em>Efectivamente, pasadas las 22:30 horas, se recibe el llamado de unas personas que hab\u00edan quedado atrapadas por la crecida del r\u00edo Aconcagua en el sector de Panquehue, en la calle Antofagasta, donde eran seis personas, tres adultos y tres menores. Se tuvo que despachar la unidad especializada de rescate en altura con cuerdas porque se tuvo que hacer un trabajo complicado\u00bb,<\/em> detall\u00f3 el Comandante.<\/p>\n<p style=\"text-align: justify;\">Arduo trabajo que rindi\u00f3 sus frutos, y las personas que hab\u00edan resultado atrapadas pudieron ser rescatadas sanas y salvas. <em>\u00abAfortunadamente el trabajo fue efectivo, se tuvo que hacer un trabajo con arn\u00e9s para hacer tirolesa para poder rescatar a las personas porque el r\u00edo crec\u00eda a cada minuto. Hab\u00eda dos veh\u00edculos que quedaron ah\u00ed, pero el objetivo n\u00famero uno era rescatar a las personas\u00bb,<\/em> sostuvo Herrera.<\/p>\n<p style=\"text-align: justify;\">\u00ab<em>El r\u00edo iba creciendo, est\u00e1bamos jugando contra el tiempo, si segu\u00eda creciendo el r\u00edo se nos complicaba mucho m\u00e1s; afortunadamente el trabajo fue efectivo y pudimos rescatar a las personas\u00bb,<\/em> agreg\u00f3 el Comandante.<\/p>\n<p style=\"text-align: justify;\">En este mismo contexto y debido a que las condiciones meteorol\u00f3gicas se mantendr\u00e1n durante esta jornada, es que Bomberos se encuentra atento ante cualquier emergencia que se produzca, sobre todo por las crecidas de los caudales de esteros y r\u00edos.<\/p>\n<p style=\"text-align: justify;\">\u00ab<em>Estamos atentos a cualquier situaci\u00f3n que pase, ayer <\/em>(domingo)<em> se vivieron algunos momentos complicados en el sector de la Haciende de Quilpu\u00e9, donde afortunadamente el trabajo de la municipalidad, que despleg\u00f3 maquinaria pesada, tuvo efecto para solucionar esa situaci\u00f3n. Estamos en coordinaci\u00f3n con el municipio y estamos atentos a cualquier situaci\u00f3n\u00bb,<\/em> cerr\u00f3 el comandante Juan Carlos Herrera Lillo.<\/p>\n<figure id=\"attachment_119312\" aria-describedby=\"caption-attachment-119312\" style=\"width: 700px\" class=\"wp-caption alignnone\"><img data-recalc-dims=\"1\" loading=\"lazy\" decoding=\"async\" class=\"size-full wp-image-119312\" src=\"https:\/\/i0.wp.com\/eltrabajo.cl\/portal\/wp-content\/uploads\/2023\/01\/rescate.jpg?resize=640%2C514&#038;ssl=1\" alt=\"Bomberos logr\u00f3 rescatar a seis personas, tres de ellas menores de edad, que quedaron atrapadas tras la crecida del r\u00edo Aconcagua en Panquehue.\" width=\"640\" height=\"514\" srcset=\"https:\/\/i0.wp.com\/eltrabajo.cl\/portal\/wp-content\/uploads\/2023\/01\/rescate.jpg?w=700&amp;ssl=1 700w, https:\/\/i0.wp.com\/eltrabajo.cl\/portal\/wp-content\/uploads\/2023\/01\/rescate.jpg?resize=300%2C241&amp;ssl=1 300w, https:\/\/i0.wp.com\/eltrabajo.cl\/portal\/wp-content\/uploads\/2023\/01\/rescate.jpg?resize=187%2C150&amp;ssl=1 187w, https:\/\/i0.wp.com\/eltrabajo.cl\/portal\/wp-content\/uploads\/2023\/01\/rescate.jpg?resize=696%2C559&amp;ssl=1 696w\" sizes=\"auto, (max-width: 640px) 100vw, 640px\" \/><figcaption id=\"caption-attachment-119312\" class=\"wp-caption-text\">Bomberos logr\u00f3 rescatar a seis personas, tres de ellas menores de edad, que quedaron atrapadas tras la crecida del r\u00edo Aconcagua en Panquehue.<\/figcaption><\/figure>\n","protected":false},"excerpt":{"rendered":"<p>Crecida del caudal dej\u00f3 varadas a seis personas, tres de ellas menores de edad.- Seis personas quedaron atrapadas en el r\u00edo Aconcagua en la comuna de Panquehue luego de la brusca crecida&#8230;<\/p>\n","protected":false},"author":482,"featured_media":119312,"comment_status":"closed","ping_status":"open","sticky":false,"template":"","format":"standard","meta":{"advanced_seo_description":"","jetpack_seo_html_title":"","jetpack_seo_noindex":false,"_jetpack_memberships_contains_paid_content":false,"footnotes":""},"categories":[21],"tags":[],"class_list":["post-119311","post","type-post","status-publish","format-standard","has-post-thumbnail","hentry","category-policial"],"jetpack_featured_media_url":"https:\/\/i0.wp.com\/eltrabajo.cl\/portal\/wp-content\/uploads\/2023\/01\/rescate.jpg?fit=700%2C562&ssl=1","jetpack_sharing_enabled":true,"jetpack_likes_enabled":true,"jetpack-related-posts":[],"_links":{"self":[{"href":"https:\/\/eltrabajo.cl\/portal\/wp-json\/wp\/v2\/posts\/119311","targetHints":{"allow":["GET"]}}],"collection":[{"href":"https:\/\/eltrabajo.cl\/portal\/wp-json\/wp\/v2\/posts"}],"about":[{"href":"https:\/\/eltrabajo.cl\/portal\/wp-json\/wp\/v2\/types\/post"}],"author":[{"embeddable":true,"href":"https:\/\/eltrabajo.cl\/portal\/wp-json\/wp\/v2\/users\/482"}],"replies":[{"embeddable":true,"href":"https:\/\/eltrabajo.cl\/portal\/wp-json\/wp\/v2\/comments?post=119311"}],"version-history":[{"count":1,"href":"https:\/\/eltrabajo.cl\/portal\/wp-json\/wp\/v2\/posts\/119311\/revisions"}],"predecessor-version":[{"id":119313,"href":"https:\/\/eltrabajo.cl\/portal\/wp-json\/wp\/v2\/posts\/119311\/revisions\/119313"}],"wp:featuredmedia":[{"embeddable":true,"href":"https:\/\/eltrabajo.cl\/portal\/wp-json\/wp\/v2\/media\/119312"}],"wp:attachment":[{"href":"https:\/\/eltrabajo.cl\/portal\/wp-json\/wp\/v2\/media?parent=119311"}],"wp:term":[{"taxonomy":"category","embeddable":true,"href":"https:\/\/eltrabajo.cl\/portal\/wp-json\/wp\/v2\/categories?post=119311"},{"taxonomy":"post_tag","embeddable":true,"href":"https:\/\/eltrabajo.cl\/portal\/wp-json\/wp\/v2\/tags?post=119311"}],"curies":[{"name":"wp","href":"https:\/\/api.w.org\/{rel}","templated":true}]}}