{"id":119314,"date":"2023-01-10T07:54:12","date_gmt":"2023-01-10T10:54:12","guid":{"rendered":"https:\/\/eltrabajo.cl\/portal\/?p=119314"},"modified":"2023-01-10T01:17:12","modified_gmt":"2023-01-10T04:17:12","slug":"aluviones-cortes-de-luz-de-agua-y-de-caminos-por-lluvia-en-la-alta-cordillera","status":"publish","type":"post","link":"https:\/\/eltrabajo.cl\/portal\/aluviones-cortes-de-luz-de-agua-y-de-caminos-por-lluvia-en-la-alta-cordillera\/","title":{"rendered":"Aluviones, cortes de luz, de agua y de caminos por lluvia en la alta cordillera"},"content":{"rendered":"<p style=\"text-align: left;\"><span style=\"color: #ff0000;\"><strong>Desastre en el Valle de Aconcagua:<\/strong><\/span><\/p>\n<ul style=\"text-align: justify;\">\n<li style=\"text-align: left;\"><strong>Equipos de emergencia acudieron a los diferentes eventos, sobre todo los generados por las crecidas de r\u00edos y esteros.-<\/strong><\/li>\n<\/ul>\n<p style=\"text-align: justify;\">Diversas emergencias se registraron en las \u00faltimas horas en nuestro valle del Aconcagua debido al sistema frontal que ha dejado fuertes lluvias en los sectores altos de la cordillera, los que a su vez han generado las crecidas de caudales de esteros y r\u00edos en nuestra zona. Junto con esto, familias han resultado aisladas debido a aluviones y se han producido cortes de suministros de agua potable y electricidad.<\/p>\n<p style=\"text-align: justify;\">En el caso de la provincia de San Felipe, en su capital se registraron algunos inconvenientes espec\u00edficamente en el sector de la Hacienda de Quilpu\u00e9, donde el agua comenz\u00f3 a ingresar a algunas viviendas. Afortunadamente, el r\u00e1pido trabajo de los equipos de emergencia municipal y Bomberos evit\u00f3 que esto pasara a mayores.<\/p>\n<p style=\"text-align: justify;\">El alcalde (s) de San Felipe, <strong>Hern\u00e1n Herrera<\/strong>, se\u00f1al\u00f3 que <em>\u00abla situaci\u00f3n ha sido de bastante normalidad, a excepci\u00f3n del sector de la Hacienda Quilpu\u00e9, donde producto de la crecida del caudal, hab\u00eda ciertas compuertas que estaban abiertas, y esto hizo que el estero llenara ciertos canales en donde el agua se fue a casas particulares, donde tuvimos que evacuar el agua al estero para evitar la inundaci\u00f3n de viviendas. El trabajo se hizo de manera inmediata y eso evit\u00f3 alg\u00fan problema mayor con los vecinos del sector\u00bb. <\/em><\/p>\n<p style=\"text-align: justify;\">Asimismo, el edil (s) indic\u00f3 que se encuentran <em>\u00abrealizando un monitoreo en el sector del estero Quilpu\u00e9 y el estero Pocuro, estamos en contacto con los distintos alcaldes de la provincia de San Felipe producto que a\u00fan se mantiene la lluvia en la alta cordillera\u00bb.<\/em><\/p>\n<p style=\"text-align: justify;\">Por su parte, <strong>Sylvana Vera<\/strong>, directora de la Direcci\u00f3n de Protecci\u00f3n de Medio Ambiente (DIPMA) de la Municipalidad de San Felipe, sostuvo que debido al corte de agua en los sectores de Curim\u00f3n, Tierras Blancas y Bucalemu, se dispuso de apoyo con estanques y camiones aljibes para que los vecinos y vecinas puedan contar con el vital elemento.<\/p>\n<p style=\"text-align: justify;\">\u00ab<em>Alrededor de 1.400 clientes son los que se ven afectados, lo que es un n\u00famero importante de familias. Esval en coordinaci\u00f3n con el municipio, dispuso en el Cesfam de Curim\u00f3n un \u2018hidropac\u2019 que permite que mantenga su funcionamiento normal, adem\u00e1s de dos camiones aljibes en el pasaje Santa Corina y otro en camino Caracol en Tierras Blancas\u00bb,<\/em> detall\u00f3 Vera.<\/p>\n<p style=\"text-align: justify;\">En el caso de la comuna de Putaendo, las lluvias generaron que las familias que se abastecen de agua mediante los Sistemas de Agua Potable Rural que extraen el recurso de manera superficial, se vieran afectados debido a la turbiedad del agua. En este sentido, el alcalde <strong>Mauricio Quiroz<\/strong> manifest\u00f3 que se han dispuesto camiones aljibes municipales, adem\u00e1s del apoyo de otros veh\u00edculos de este tipo provenientes de otras comunas de la provincia.<\/p>\n<p style=\"text-align: justify;\">\u00ab<em>Comenzamos a sufrir los efectos de esta emergencia meteorol\u00f3gica que ha enturbiado los cauces tradicionales y tuvimos los primeros cortes de agua a partir de ayer domingo, estos se produjeron en los sistemas de agua potable rural de Los Patos, Casablanca, Poblaci\u00f3n Hidalgo, Piguch\u00e9n, Rinconada de Guzmanes. Nos coordinamos con la Delegaci\u00f3n Provincial y la DOH <\/em>(Direcci\u00f3n de Obras Hidr\u00e1ulicas)<em> para ir ayuda de las m\u00e1s de 1.300 familias\u00bb,<\/em> indic\u00f3 Quiroz.<\/p>\n<p style=\"text-align: justify;\">En este mismo sentido, el edil precis\u00f3 que el trabajo desplegado <em>\u00ablo hicimos con camiones aljibes que han estado recorriendo las zonas rurales, pudiendo abastecer de manera eficiente con el recurso h\u00eddrico. Declaramos nuestra propia emergencia comunal, tuvimos que arrendar dos camiones aljibes que se suman a los tres nuestros, pero hemos sentido la solidaridad de las comunas como Panquehue, Llay Llay, Santa Mar\u00eda y San Felipe, que nos han facilitado camiones aljibes para ir en ayuda de las familias que se han visto afectadas\u00bb. <\/em><\/p>\n<p style=\"text-align: justify;\">Asimismo, el alcalde Mauricio Quiroz dijo que, a ra\u00edz de estos inconvenientes, se han producido cortes de suministro de agua potable por parte de Esval; <em>\u00abvamos a reforzar las \u00e1reas, Bomberos nos ha colaborado, esperamos que la situaci\u00f3n se normalice. Adicionalmente, Esval tom\u00f3 la decisi\u00f3n de hacer un corte programado en el sector de Granallas y en la zona sur de su \u00e1rea de concesi\u00f3n\u00bb.<\/em><\/p>\n<p style=\"text-align: justify;\">\n<p style=\"text-align: justify;\"><span style=\"color: #ff0000;\">LOS ANDES<\/span><\/p>\n<p style=\"text-align: justify;\">En el caso de la provincia de Los Andes, en la comuna de San Esteban se produjo un aluvi\u00f3n que dej\u00f3 a varias familias aisladas, espec\u00edficamente en el sector de San Francisco. Afortunadamente, el deslizamiento del terreno no dej\u00f3 personas lesionadas.<\/p>\n<p style=\"text-align: justify;\">En este sentido, el alcalde <strong>Cristian Ortega<\/strong> se\u00f1al\u00f3 que <em>\u00aben la noche <\/em>(domingo)<em> tuvimos un aluvi\u00f3n en el sector de San Francisco que nos gener\u00f3 varios temas, corte del camino, corte de suministro el\u00e9ctrico y de agua, y algunos vecinos aislados. Ya evacuamos a toda la gente, est\u00e1n los equipos nuestros junto a Carabineros y Bomberos viendo el tema del camino, en reponer estos suministros, pero ya lo m\u00e1s grave y complicado ya pas\u00f3 y estamos abocados en el despeje del camino, pero ya la situaci\u00f3n est\u00e1 m\u00e1s tranquila\u00bb. <\/em><\/p>\n<p style=\"text-align: justify;\">Es as\u00ed como los equipos de emergencia se han desplegado para poder despejar el camino y habilitarlo para la conectividad de sus vecinos. <em>\u00abNosotros esperamos hoy tener el camino despejado, si bien pueden transitar veh\u00edculos, el camino est\u00e1 restringido por el trabajo de los equipos, por lo que les pedimos a la gente que no suba, que colabore para despejar el camino a San Francisco, esa es la situaci\u00f3n de la comuna\u00bb,<\/em> agreg\u00f3.<\/p>\n<p style=\"text-align: justify;\">En este mismo contexto, el edil precis\u00f3 que <em>\u00abtenemos alrededor de 400 clientes afectados porque los \u00e1rboles derribaron algunos postes; se est\u00e1 trabajando para reponer algunos suministros. Las personas han sido rescatadas, han quedado aislados en sus casas y est\u00e1n bien, pudimos establecer contactos sobre todo por redes sociales y est\u00e1n todos bien\u00bb. <\/em><\/p>\n<p style=\"text-align: justify;\">Por su parte, el delegado presidencial provincial <strong>Cristian Aravena<\/strong>, sostuvo que a ra\u00edz de este sistema frontal, Esval ha ampliado el radio de corte de agua potable sobre todo en la comuna de Los Andes.\u00a0 <em>\u00abDesafortunadamente las condiciones de turbiedad del agua implican no poder seguirla tratando como lo hace Esval en sus plantas, y eso implica un aumento del radio de afectaci\u00f3n, que aproximadamente llegar\u00eda a 21 mil hogares, principalmente en Los Andes, algo de Calle Larga y Rinconada\u00bb,<\/em> manifest\u00f3.<\/p>\n<p style=\"text-align: justify;\">Finalmente, y respecto de las condiciones climatol\u00f3gicas que se esperan para esta jornada de d\u00eda martes, Aravena se\u00f1al\u00f3 que <em>\u00abviene un nuevo frente de mal tiempo y eso implica que vamos a seguir siendo afectados por las lluvias, la crecida de los r\u00edos y la turbiedad del agua, que se extiende desde las siete de la tarde y hasta ma\u00f1ana\u00bb<\/em> (hoy).<\/p>\n<figure id=\"attachment_119315\" aria-describedby=\"caption-attachment-119315\" style=\"width: 700px\" class=\"wp-caption alignnone\"><img data-recalc-dims=\"1\" loading=\"lazy\" decoding=\"async\" class=\"size-full wp-image-119315\" src=\"https:\/\/i0.wp.com\/eltrabajo.cl\/portal\/wp-content\/uploads\/2023\/01\/aluvion-1.jpg?resize=640%2C388&#038;ssl=1\" alt=\"Aluvi\u00f3n cort\u00f3 camino y dej\u00f3 aisladas a familias en el sector de San Francisco en San Esteban. (Foto captura de video Municipalidad de San Esteban).\" width=\"640\" height=\"388\" srcset=\"https:\/\/i0.wp.com\/eltrabajo.cl\/portal\/wp-content\/uploads\/2023\/01\/aluvion-1.jpg?w=700&amp;ssl=1 700w, https:\/\/i0.wp.com\/eltrabajo.cl\/portal\/wp-content\/uploads\/2023\/01\/aluvion-1.jpg?resize=300%2C182&amp;ssl=1 300w, https:\/\/i0.wp.com\/eltrabajo.cl\/portal\/wp-content\/uploads\/2023\/01\/aluvion-1.jpg?resize=200%2C121&amp;ssl=1 200w, https:\/\/i0.wp.com\/eltrabajo.cl\/portal\/wp-content\/uploads\/2023\/01\/aluvion-1.jpg?resize=696%2C422&amp;ssl=1 696w\" sizes=\"auto, (max-width: 640px) 100vw, 640px\" \/><figcaption id=\"caption-attachment-119315\" class=\"wp-caption-text\">Aluvi\u00f3n cort\u00f3 camino y dej\u00f3 aisladas a familias en el sector de San Francisco en San Esteban. (Foto captura de video Municipalidad de San Esteban).<\/figcaption><\/figure>\n<figure id=\"attachment_119317\" aria-describedby=\"caption-attachment-119317\" style=\"width: 700px\" class=\"wp-caption alignnone\"><img data-recalc-dims=\"1\" loading=\"lazy\" decoding=\"async\" class=\"size-full wp-image-119317\" src=\"https:\/\/i0.wp.com\/eltrabajo.cl\/portal\/wp-content\/uploads\/2023\/01\/aluvion-3.jpg?resize=640%2C387&#038;ssl=1\" alt=\"Parte de todo lo arrastrado por el agua en esteros y r\u00edos. \" width=\"640\" height=\"387\" srcset=\"https:\/\/i0.wp.com\/eltrabajo.cl\/portal\/wp-content\/uploads\/2023\/01\/aluvion-3.jpg?w=700&amp;ssl=1 700w, https:\/\/i0.wp.com\/eltrabajo.cl\/portal\/wp-content\/uploads\/2023\/01\/aluvion-3.jpg?resize=300%2C181&amp;ssl=1 300w, https:\/\/i0.wp.com\/eltrabajo.cl\/portal\/wp-content\/uploads\/2023\/01\/aluvion-3.jpg?resize=200%2C121&amp;ssl=1 200w, https:\/\/i0.wp.com\/eltrabajo.cl\/portal\/wp-content\/uploads\/2023\/01\/aluvion-3.jpg?resize=696%2C421&amp;ssl=1 696w\" sizes=\"auto, (max-width: 640px) 100vw, 640px\" \/><figcaption id=\"caption-attachment-119317\" class=\"wp-caption-text\">Parte de todo lo arrastrado por el agua en esteros y r\u00edos.<\/figcaption><\/figure>\n<figure id=\"attachment_119316\" aria-describedby=\"caption-attachment-119316\" style=\"width: 700px\" class=\"wp-caption alignnone\"><img data-recalc-dims=\"1\" loading=\"lazy\" decoding=\"async\" class=\"size-full wp-image-119316\" src=\"https:\/\/i0.wp.com\/eltrabajo.cl\/portal\/wp-content\/uploads\/2023\/01\/aluvion-2.jpg?resize=640%2C480&#038;ssl=1\" alt=\"Aumento de caudales de esteros y r\u00edos han generado serios inconvenientes. \" width=\"640\" height=\"480\" srcset=\"https:\/\/i0.wp.com\/eltrabajo.cl\/portal\/wp-content\/uploads\/2023\/01\/aluvion-2.jpg?w=700&amp;ssl=1 700w, https:\/\/i0.wp.com\/eltrabajo.cl\/portal\/wp-content\/uploads\/2023\/01\/aluvion-2.jpg?resize=300%2C225&amp;ssl=1 300w, https:\/\/i0.wp.com\/eltrabajo.cl\/portal\/wp-content\/uploads\/2023\/01\/aluvion-2.jpg?resize=200%2C150&amp;ssl=1 200w, https:\/\/i0.wp.com\/eltrabajo.cl\/portal\/wp-content\/uploads\/2023\/01\/aluvion-2.jpg?resize=696%2C522&amp;ssl=1 696w\" sizes=\"auto, (max-width: 640px) 100vw, 640px\" \/><figcaption id=\"caption-attachment-119316\" class=\"wp-caption-text\">Aumento de caudales de esteros y r\u00edos han generado serios inconvenientes.<\/figcaption><\/figure>\n","protected":false},"excerpt":{"rendered":"<p>Desastre en el Valle de Aconcagua: Equipos de emergencia acudieron a los diferentes eventos, sobre todo los generados por las crecidas de r\u00edos y esteros.- Diversas emergencias se registraron en las \u00faltimas&#8230;<\/p>\n","protected":false},"author":482,"featured_media":119315,"comment_status":"closed","ping_status":"open","sticky":false,"template":"","format":"standard","meta":{"advanced_seo_description":"","jetpack_seo_html_title":"","jetpack_seo_noindex":false,"_jetpack_memberships_contains_paid_content":false,"footnotes":""},"categories":[103],"tags":[],"class_list":["post-119314","post","type-post","status-publish","format-standard","has-post-thumbnail","hentry","category-cronica-2"],"jetpack_featured_media_url":"https:\/\/i0.wp.com\/eltrabajo.cl\/portal\/wp-content\/uploads\/2023\/01\/aluvion-1.jpg?fit=700%2C424&ssl=1","jetpack_sharing_enabled":true,"jetpack_likes_enabled":true,"jetpack-related-posts":[],"_links":{"self":[{"href":"https:\/\/eltrabajo.cl\/portal\/wp-json\/wp\/v2\/posts\/119314","targetHints":{"allow":["GET"]}}],"collection":[{"href":"https:\/\/eltrabajo.cl\/portal\/wp-json\/wp\/v2\/posts"}],"about":[{"href":"https:\/\/eltrabajo.cl\/portal\/wp-json\/wp\/v2\/types\/post"}],"author":[{"embeddable":true,"href":"https:\/\/eltrabajo.cl\/portal\/wp-json\/wp\/v2\/users\/482"}],"replies":[{"embeddable":true,"href":"https:\/\/eltrabajo.cl\/portal\/wp-json\/wp\/v2\/comments?post=119314"}],"version-history":[{"count":1,"href":"https:\/\/eltrabajo.cl\/portal\/wp-json\/wp\/v2\/posts\/119314\/revisions"}],"predecessor-version":[{"id":119318,"href":"https:\/\/eltrabajo.cl\/portal\/wp-json\/wp\/v2\/posts\/119314\/revisions\/119318"}],"wp:featuredmedia":[{"embeddable":true,"href":"https:\/\/eltrabajo.cl\/portal\/wp-json\/wp\/v2\/media\/119315"}],"wp:attachment":[{"href":"https:\/\/eltrabajo.cl\/portal\/wp-json\/wp\/v2\/media?parent=119314"}],"wp:term":[{"taxonomy":"category","embeddable":true,"href":"https:\/\/eltrabajo.cl\/portal\/wp-json\/wp\/v2\/categories?post=119314"},{"taxonomy":"post_tag","embeddable":true,"href":"https:\/\/eltrabajo.cl\/portal\/wp-json\/wp\/v2\/tags?post=119314"}],"curies":[{"name":"wp","href":"https:\/\/api.w.org\/{rel}","templated":true}]}}