{"id":119334,"date":"2023-01-11T07:45:19","date_gmt":"2023-01-11T10:45:19","guid":{"rendered":"https:\/\/eltrabajo.cl\/portal\/?p=119334"},"modified":"2023-01-11T00:03:31","modified_gmt":"2023-01-11T03:03:31","slug":"lanzan-nuevo-whatsapp-comunitario-para-la-comunidad-sanfelipena","status":"publish","type":"post","link":"https:\/\/eltrabajo.cl\/portal\/lanzan-nuevo-whatsapp-comunitario-para-la-comunidad-sanfelipena\/","title":{"rendered":"Lanzan nuevo WhatsApp comunitario para la comunidad sanfelipe\u00f1a"},"content":{"rendered":"<p style=\"text-align: justify;\">Con motivo de fortalecer los distintos canales de comunicaci\u00f3n entre, para y con la comunidad, es que el municipio de San Felipe ha lanzado una nueva herramienta para mantener al tanto a los vecinos de las diversas actividades que se realizan d\u00eda a d\u00eda en nuestra comuna y que tiene el nombre de \u2018WhatsApp Informativo Municipal\u2019.<\/p>\n<p style=\"text-align: justify;\">Se trata de un grupo de WhatsApp comunitario, el cual no funciona a trav\u00e9s de un n\u00famero, en donde las personas deben agregarlo a su lista de contactos, sino que se conecta a trav\u00e9s de un link, el cual ya se encuentra operativo en la p\u00e1gina de Facebook de la Municipalidad de San Felipe.<\/p>\n<p style=\"text-align: justify;\">El nuevo mecanismo, que pretende mantener m\u00e1s informada a la comunidad, fue puesto a disposici\u00f3n a partir de este pasado lunes. En este sentido, este fue anunciado a trav\u00e9s de las redes sociales de Facebook e Instagram, y pretende funcionar solo como un grupo de difusi\u00f3n e informaci\u00f3n, por lo que los usuarios conectados no podr\u00e1n interactuar entre ellos, sino que solo enterarse de las actividades programadas.<\/p>\n<p style=\"text-align: justify;\">La iniciativa se da en el contexto de las redes sociales, puesto que, desde hace un tiempo, estas se han convertido en nuevos m\u00e9todos de comunicaci\u00f3n para la comunidad. Para conectarse al grupo se debe cliquear el link perteneciente a la publicaci\u00f3n de Facebook que anuncia esta nueva herramienta.<\/p>\n<p style=\"text-align: justify;\">Con respecto a esto, el alcalde (s) de San Felipe, <strong>Hern\u00e1n Herrera<\/strong>, coment\u00f3 este nuevo apoyo comunicacional, en donde dijo que <em>\u00aba partir de las nuevas herramientas de comunicaci\u00f3n, que principalmente son estas Apps <\/em>(aplicaciones para tel\u00e9fonos inteligentes)<em> y las redes sociales, es que hemos habilitado como municipio, un canal de comunicaci\u00f3n, de informaci\u00f3n. Quiero ser muy claro, es solo un canal de informaci\u00f3n de todas las actividades y aconteceres de la Ilustre Municipalidad de San Felipe, a trav\u00e9s de un link, que los une a una comunidad de WhatsApp que pertenece al municipio, para que nuestros vecinos y vecinas puedan tomar conocimiento tanto de las actividades culturales, deportivas y las acciones que est\u00e1 tomando el municipio en las diversas materias que implica a la ciudad\u00bb.<\/em><\/p>\n<p style=\"text-align: justify;\">Adem\u00e1s, Herrera insisti\u00f3 en el prop\u00f3sito de este grupo comunitario y el objetivo por el cual se coloc\u00f3 a disposici\u00f3n de los vecinos.\u00a0 <em>\u00abInsisto, esta es una herramienta de comunicaci\u00f3n. Muchos de nuestros usuarios o seguidores de las redes sociales, manifiestan que no tomaron conocimiento de tal o cual acci\u00f3n, y en virtud de generar un mayor espectro de comunicaci\u00f3n, del acontecer del municipio y de la ciudad, es que se ha generado este WhatsApp, insisto, informativo<\/em>.<\/p>\n<p style=\"text-align: justify;\">\u00ab<em>Por ning\u00fan motivo es de coordinaci\u00f3n, solo informativo, unidireccional, es decir que todas las acciones en ese WhatsApp van desde el municipio para informar de las actividades, acontecer o situaciones importantes, como lo estuvimos haciendo el d\u00eda de ayer<\/em> (lunes)<em>, inform\u00e1ndole a los vecinos de c\u00f3mo se encontraba la situaci\u00f3n meteorol\u00f3gica en nuestra ciudad. As\u00ed que es eso, una herramienta muy importante que permite visibilizar trabajos de nuestros funcionarios, las actividades que se realizan y tener a los vecinos conectados con el municipio, a objeto de tambi\u00e9n llevar las diversas actividades a cada uno de los lugares de la comuna de San Felipe\u00bb<\/em>, sostuvo Herrera.<\/p>\n<p style=\"text-align: justify;\">Finalmente explic\u00f3 la forma en la que los usuarios pueden conectarse a este WhatsApp. <em>\u00abA trav\u00e9s de la p\u00e1gina de Facebook, existe un link en donde los vecinos se pueden conectar y unirse a este WhatsApp, no es un n\u00famero, sino que es un link a trav\u00e9s del cual se conectan. Incluso entiendo que hay un c\u00f3digo \u2018QR\u2019 que se puede escanear y llevar a la conexi\u00f3n de este WhatsApp comunitario, para entregarles informaci\u00f3n a nuestros vecinos y vecinas de las actividades que realiza el municipio, el honorable concejo municipal y las diversas direcciones que componen la Ilustre Municipalidad de San Felipe\u00bb<\/em>, concluy\u00f3 Hern\u00e1n Herrera Caballero.<\/p>\n<figure id=\"attachment_119335\" aria-describedby=\"caption-attachment-119335\" style=\"width: 698px\" class=\"wp-caption alignnone\"><img data-recalc-dims=\"1\" loading=\"lazy\" decoding=\"async\" class=\"size-full wp-image-119335\" src=\"https:\/\/i0.wp.com\/eltrabajo.cl\/portal\/wp-content\/uploads\/2023\/01\/hernan-herrera.jpg?resize=640%2C480&#038;ssl=1\" alt=\"El alcalde (s) de San Felipe, Hern\u00e1n Herrera Caballero, coment\u00f3 el lanzamiento de esta nueva red de apoyo comunicacional, que lleva por nombre \u2018WhatsApp Informativo Municipal\u2019. \" width=\"640\" height=\"480\" srcset=\"https:\/\/i0.wp.com\/eltrabajo.cl\/portal\/wp-content\/uploads\/2023\/01\/hernan-herrera.jpg?w=698&amp;ssl=1 698w, https:\/\/i0.wp.com\/eltrabajo.cl\/portal\/wp-content\/uploads\/2023\/01\/hernan-herrera.jpg?resize=300%2C225&amp;ssl=1 300w, https:\/\/i0.wp.com\/eltrabajo.cl\/portal\/wp-content\/uploads\/2023\/01\/hernan-herrera.jpg?resize=200%2C150&amp;ssl=1 200w, https:\/\/i0.wp.com\/eltrabajo.cl\/portal\/wp-content\/uploads\/2023\/01\/hernan-herrera.jpg?resize=696%2C522&amp;ssl=1 696w\" sizes=\"auto, (max-width: 640px) 100vw, 640px\" \/><figcaption id=\"caption-attachment-119335\" class=\"wp-caption-text\">El alcalde (s) de San Felipe, Hern\u00e1n Herrera Caballero, coment\u00f3 el lanzamiento de esta nueva red de apoyo comunicacional, que lleva por nombre \u2018WhatsApp Informativo Municipal\u2019.<\/figcaption><\/figure>\n","protected":false},"excerpt":{"rendered":"<p>Con motivo de fortalecer los distintos canales de comunicaci\u00f3n entre, para y con la comunidad, es que el municipio de San Felipe ha lanzado una nueva herramienta para mantener al tanto a&#8230;<\/p>\n","protected":false},"author":482,"featured_media":119335,"comment_status":"closed","ping_status":"open","sticky":false,"template":"","format":"standard","meta":{"advanced_seo_description":"","jetpack_seo_html_title":"","jetpack_seo_noindex":false,"_jetpack_memberships_contains_paid_content":false,"footnotes":""},"categories":[103],"tags":[],"class_list":["post-119334","post","type-post","status-publish","format-standard","has-post-thumbnail","hentry","category-cronica-2"],"jetpack_featured_media_url":"https:\/\/i0.wp.com\/eltrabajo.cl\/portal\/wp-content\/uploads\/2023\/01\/hernan-herrera.jpg?fit=698%2C524&ssl=1","jetpack_sharing_enabled":true,"jetpack_likes_enabled":true,"jetpack-related-posts":[],"_links":{"self":[{"href":"https:\/\/eltrabajo.cl\/portal\/wp-json\/wp\/v2\/posts\/119334","targetHints":{"allow":["GET"]}}],"collection":[{"href":"https:\/\/eltrabajo.cl\/portal\/wp-json\/wp\/v2\/posts"}],"about":[{"href":"https:\/\/eltrabajo.cl\/portal\/wp-json\/wp\/v2\/types\/post"}],"author":[{"embeddable":true,"href":"https:\/\/eltrabajo.cl\/portal\/wp-json\/wp\/v2\/users\/482"}],"replies":[{"embeddable":true,"href":"https:\/\/eltrabajo.cl\/portal\/wp-json\/wp\/v2\/comments?post=119334"}],"version-history":[{"count":1,"href":"https:\/\/eltrabajo.cl\/portal\/wp-json\/wp\/v2\/posts\/119334\/revisions"}],"predecessor-version":[{"id":119336,"href":"https:\/\/eltrabajo.cl\/portal\/wp-json\/wp\/v2\/posts\/119334\/revisions\/119336"}],"wp:featuredmedia":[{"embeddable":true,"href":"https:\/\/eltrabajo.cl\/portal\/wp-json\/wp\/v2\/media\/119335"}],"wp:attachment":[{"href":"https:\/\/eltrabajo.cl\/portal\/wp-json\/wp\/v2\/media?parent=119334"}],"wp:term":[{"taxonomy":"category","embeddable":true,"href":"https:\/\/eltrabajo.cl\/portal\/wp-json\/wp\/v2\/categories?post=119334"},{"taxonomy":"post_tag","embeddable":true,"href":"https:\/\/eltrabajo.cl\/portal\/wp-json\/wp\/v2\/tags?post=119334"}],"curies":[{"name":"wp","href":"https:\/\/api.w.org\/{rel}","templated":true}]}}