{"id":119341,"date":"2023-01-11T07:54:18","date_gmt":"2023-01-11T10:54:18","guid":{"rendered":"https:\/\/eltrabajo.cl\/portal\/?p=119341"},"modified":"2023-01-11T00:06:21","modified_gmt":"2023-01-11T03:06:21","slug":"gobierno-anuncio-tren-entre-santiago-y-valparaiso-con-una-estacion-en-llay-llay","status":"publish","type":"post","link":"https:\/\/eltrabajo.cl\/portal\/gobierno-anuncio-tren-entre-santiago-y-valparaiso-con-una-estacion-en-llay-llay\/","title":{"rendered":"Gobierno anunci\u00f3 tren entre Santiago y Valpara\u00edso con una estaci\u00f3n en Llay Llay"},"content":{"rendered":"<p style=\"text-align: left;\"><span style=\"color: #ff0000;\"><strong>\u00a1Vuelve el tren al Aconcagua!:<\/strong><\/span><\/p>\n<ul style=\"text-align: left;\">\n<li><strong>El presidente Gabriel Boric anunci\u00f3 el inicio de los estudios para contar con el tren de pasajeros.-<\/strong><\/li>\n<\/ul>\n<p style=\"text-align: justify;\">En la ciudad de Limache, el presidente de la Rep\u00fablica, <strong>Gabriel Boric<\/strong>, realiz\u00f3 el anuncio del inicio del proceso de estudio para el nuevo tren que unir\u00e1 las ciudades de Santiago y Valpara\u00edso, espec\u00edficamente con el inicio en la comuna de Quinta Normal y el fin en la ciudad jard\u00edn de Vi\u00f1a del Mar. El trazado de 172 kil\u00f3metros promete unir ambas ciudades en una hora y media de viaje, y considera estaciones en las comunas de Batuco, Til Til, Llay Llay, La Calera, Limache y Vi\u00f1a del Mar, por lo que el tren vuelve al Valle de Aconcagua.<\/p>\n<p style=\"text-align: justify;\">En la actividad de anuncio de parte del mandatario, estuvo presente el alcalde de la comuna de Llay Llay, <strong>Edgardo Gonz\u00e1lez Arancibia<\/strong>, quien se mostr\u00f3 feliz y esperanzado de poder volver a contar con este medio de transporte. <em>\u00abEsto ha sido un anhelo hist\u00f3rico de nuestros vecinos y vecinas, y este anuncio que hace el presidente nos llena de esperanza.<\/em><\/p>\n<p style=\"text-align: justify;\">\u00ab<em>Sabemos que es un camino largo, sabemos que esto no es para el pr\u00f3ximo a\u00f1o, pero que ya comience el camino para que en torno a un par de a\u00f1os m\u00e1s podamos tener el tren de pasajeros nuevamente en la comuna, sin duda que es un sue\u00f1o para nuestros vecinos, un anhelo hist\u00f3rico que hoy d\u00eda sentimos que es el primer gran paso, el paso real que se da en torno a poder concretar en el futuro pr\u00f3ximo el tren de pasajeros en la comuna de Llay Llay\u00bb,<\/em> agreg\u00f3 el edil.<\/p>\n<p style=\"text-align: justify;\">Para el alcalde de la comuna del viento, esto fue una verdadera sorpresa, pues no esperaban un anuncio de estas caracter\u00edsticas. <em>\u00abSi bien ven\u00edamos haciendo gestiones hace bastante tiempo y todo pareciera indicar que se iba acercando hacia la comuna de Llay Llay, no ten\u00edamos conocimiento que esto se fuera a concretar, pero estamos felices, ha sido una sorpresa positiva para nosotros y que, sin duda, da cuenta que se recoge la voz de los territorios\u00bb,<\/em> coment\u00f3 Gonz\u00e1lez.<\/p>\n<p style=\"text-align: justify;\">Anuncio que se da tambi\u00e9n gracias a las gestiones y di\u00e1logos realizados por las autoridades locales, quienes por a\u00f1os han abogado por el regreso del tren a nuestra zona. <em>\u00abEsto nosotros lo ven\u00edamos planteando hace muchos a\u00f1os, y haber sido escuchados por el presidente sin duda que es buen mensaje de c\u00f3mo hacer pol\u00edtica p\u00fablica\u00bb,<\/em> indic\u00f3 el alcalde de Llay Llay.<\/p>\n<p style=\"text-align: justify;\">Anuncio que esperan mejore las condiciones de transporte en la comuna, ya que, y seg\u00fan sostuvo su propio edil, estas han empeorado sobre todo despu\u00e9s de la pandemia.<\/p>\n<p style=\"text-align: justify;\">\u00ab<em>Despu\u00e9s de la pandemia el problema de transporte que ya exist\u00eda se fue agudizando con menos buses, con buses que no cumplen con la normativa, que no cumplen con los horarios, y por eso que la posibilidad de otro medio de transporte que adem\u00e1s venga a competir, es sin duda una posibilidad real de mejorar la calidad de transporte en nuestra comuna\u00bb,<\/em> cerr\u00f3.<\/p>\n<p style=\"text-align: justify;\">Se espera que el proyecto del tren comience con su etapa de estudios durante el presente a\u00f1o, para luego comenzar con el proceso de licitaci\u00f3n en el a\u00f1o 2025 y posteriormente, su construcci\u00f3n en el 2028, donde se espera que dos a\u00f1os m\u00e1s tarde el tren regrese a Aconcagua.<\/p>\n<figure id=\"attachment_119342\" aria-describedby=\"caption-attachment-119342\" style=\"width: 700px\" class=\"wp-caption alignnone\"><img data-recalc-dims=\"1\" loading=\"lazy\" decoding=\"async\" class=\"size-full wp-image-119342\" src=\"https:\/\/i0.wp.com\/eltrabajo.cl\/portal\/wp-content\/uploads\/2023\/01\/anuncio-tren.jpg?resize=640%2C462&#038;ssl=1\" alt=\"Alcalde Edgardo Gonz\u00e1lez Arancibia presente en el anuncio del presidente Gabriel Boric.\" width=\"640\" height=\"462\" srcset=\"https:\/\/i0.wp.com\/eltrabajo.cl\/portal\/wp-content\/uploads\/2023\/01\/anuncio-tren.jpg?w=700&amp;ssl=1 700w, https:\/\/i0.wp.com\/eltrabajo.cl\/portal\/wp-content\/uploads\/2023\/01\/anuncio-tren.jpg?resize=300%2C216&amp;ssl=1 300w, https:\/\/i0.wp.com\/eltrabajo.cl\/portal\/wp-content\/uploads\/2023\/01\/anuncio-tren.jpg?resize=200%2C144&amp;ssl=1 200w, https:\/\/i0.wp.com\/eltrabajo.cl\/portal\/wp-content\/uploads\/2023\/01\/anuncio-tren.jpg?resize=696%2C502&amp;ssl=1 696w, https:\/\/i0.wp.com\/eltrabajo.cl\/portal\/wp-content\/uploads\/2023\/01\/anuncio-tren.jpg?resize=324%2C235&amp;ssl=1 324w\" sizes=\"auto, (max-width: 640px) 100vw, 640px\" \/><figcaption id=\"caption-attachment-119342\" class=\"wp-caption-text\">Alcalde Edgardo Gonz\u00e1lez Arancibia presente en el anuncio del presidente Gabriel Boric.<\/figcaption><\/figure>\n","protected":false},"excerpt":{"rendered":"<p>\u00a1Vuelve el tren al Aconcagua!: El presidente Gabriel Boric anunci\u00f3 el inicio de los estudios para contar con el tren de pasajeros.- En la ciudad de Limache, el presidente de la Rep\u00fablica,&#8230;<\/p>\n","protected":false},"author":482,"featured_media":119342,"comment_status":"closed","ping_status":"open","sticky":false,"template":"","format":"standard","meta":{"advanced_seo_description":"","jetpack_seo_html_title":"","jetpack_seo_noindex":false,"_jetpack_memberships_contains_paid_content":false,"footnotes":""},"categories":[103],"tags":[],"class_list":["post-119341","post","type-post","status-publish","format-standard","has-post-thumbnail","hentry","category-cronica-2"],"jetpack_featured_media_url":"https:\/\/i0.wp.com\/eltrabajo.cl\/portal\/wp-content\/uploads\/2023\/01\/anuncio-tren.jpg?fit=700%2C505&ssl=1","jetpack_sharing_enabled":true,"jetpack_likes_enabled":true,"jetpack-related-posts":[],"_links":{"self":[{"href":"https:\/\/eltrabajo.cl\/portal\/wp-json\/wp\/v2\/posts\/119341","targetHints":{"allow":["GET"]}}],"collection":[{"href":"https:\/\/eltrabajo.cl\/portal\/wp-json\/wp\/v2\/posts"}],"about":[{"href":"https:\/\/eltrabajo.cl\/portal\/wp-json\/wp\/v2\/types\/post"}],"author":[{"embeddable":true,"href":"https:\/\/eltrabajo.cl\/portal\/wp-json\/wp\/v2\/users\/482"}],"replies":[{"embeddable":true,"href":"https:\/\/eltrabajo.cl\/portal\/wp-json\/wp\/v2\/comments?post=119341"}],"version-history":[{"count":1,"href":"https:\/\/eltrabajo.cl\/portal\/wp-json\/wp\/v2\/posts\/119341\/revisions"}],"predecessor-version":[{"id":119343,"href":"https:\/\/eltrabajo.cl\/portal\/wp-json\/wp\/v2\/posts\/119341\/revisions\/119343"}],"wp:featuredmedia":[{"embeddable":true,"href":"https:\/\/eltrabajo.cl\/portal\/wp-json\/wp\/v2\/media\/119342"}],"wp:attachment":[{"href":"https:\/\/eltrabajo.cl\/portal\/wp-json\/wp\/v2\/media?parent=119341"}],"wp:term":[{"taxonomy":"category","embeddable":true,"href":"https:\/\/eltrabajo.cl\/portal\/wp-json\/wp\/v2\/categories?post=119341"},{"taxonomy":"post_tag","embeddable":true,"href":"https:\/\/eltrabajo.cl\/portal\/wp-json\/wp\/v2\/tags?post=119341"}],"curies":[{"name":"wp","href":"https:\/\/api.w.org\/{rel}","templated":true}]}}