{"id":119355,"date":"2023-01-12T07:30:11","date_gmt":"2023-01-12T10:30:11","guid":{"rendered":"https:\/\/eltrabajo.cl\/portal\/?p=119355"},"modified":"2023-01-12T01:20:41","modified_gmt":"2023-01-12T04:20:41","slug":"los-andes-sera-el-epicentro-de-lo-mejor-del-folclore-nacional","status":"publish","type":"post","link":"https:\/\/eltrabajo.cl\/portal\/los-andes-sera-el-epicentro-de-lo-mejor-del-folclore-nacional\/","title":{"rendered":"Los Andes ser\u00e1 el epicentro de lo mejor del folclore nacional"},"content":{"rendered":"<p style=\"text-align: justify;\">Desde el 13 al 15 de enero se desarrollar\u00e1 el festival folcl\u00f3rico en el marco de las actividades \u2018Vive tu Verano 2023\u2019, que la Municipalidad de Los Andes prepar\u00f3 para los meses de enero y febrero. Este evento es una actividad in\u00e9dita que tiene como protagonista al Bafocla y su director Rescner Vergara como impulsor, y al Centro Cultural como realizadores.<\/p>\n<p style=\"text-align: justify;\">El alcalde <strong>Manuel Rivera <\/strong>dijo que <em>\u00abse ha preparado un evento de alt\u00edsimo nivel, en donde se dar\u00e1n cita los mejores representantes de las danzas folcl\u00f3ricas del pa\u00eds, present\u00e1ndose en Los Andes, esto no es menor, as\u00ed que dejamos extendida la invitaci\u00f3n para que los vecinos y vecinas concurran al Parque Urbano este viernes, s\u00e1bado y domingo, para disfrutar de un nutrido programa de actividades, la presencia del Bafocla todos los d\u00edas e invitados estelares.\u00bb<\/em><\/p>\n<p style=\"text-align: justify;\"><strong>Rescner Vergara<\/strong>, director del Ballet Folcl\u00f3rico Los Andes, coment\u00f3 que el <em>\u00abprograma es bastante nutrido empezando el viernes 13 con la presencia de Proarchi que es una academia de proyecci\u00f3n folcl\u00f3rica, la que trae una propuesta muy linda y finaliza ese d\u00eda con Bafochi, reconocido elenco al que conocemos su trayectoria de 35 a\u00f1os.\u00a0 El d\u00eda s\u00e1bado 14 estar\u00e1 con nosotros el Ballet Folcl\u00f3rico de Vi\u00f1a del Mar y finaliza el Ballet Folcl\u00f3rico de Rancagua. Y para el domingo 14 abre esta actividad el Ballet Folcl\u00f3rico de San Antonio y se presenta Ballet Folkl\u00f3rico Antumapu, quienes sin duda se van a lucir\u00bb.<\/em><\/p>\n<p style=\"text-align: justify;\"><strong>Camila Bustos<\/strong>, subdirectora de cultura, turismo y patrimonio, dijo que las actividades son gratuitas en el marco del programa cultural de verano que incluye folclore, danza, m\u00fasica y otras sorpresas.<\/p>\n<figure id=\"attachment_119356\" aria-describedby=\"caption-attachment-119356\" style=\"width: 700px\" class=\"wp-caption alignnone\"><img data-recalc-dims=\"1\" loading=\"lazy\" decoding=\"async\" class=\"size-full wp-image-119356\" src=\"https:\/\/i0.wp.com\/eltrabajo.cl\/portal\/wp-content\/uploads\/2023\/01\/festival-foclorico-1.jpg?resize=640%2C640&#038;ssl=1\" alt=\"Durante tres d\u00edas, Los Andes ser\u00e1 sede de grandes espect\u00e1culos folcl\u00f3ricos totalmente gratuitos, en el que se presentar\u00e1n el Bafochi, Antumapu, elencos regionales y por supuesto el Bafocla.\" width=\"640\" height=\"640\" srcset=\"https:\/\/i0.wp.com\/eltrabajo.cl\/portal\/wp-content\/uploads\/2023\/01\/festival-foclorico-1.jpg?w=700&amp;ssl=1 700w, https:\/\/i0.wp.com\/eltrabajo.cl\/portal\/wp-content\/uploads\/2023\/01\/festival-foclorico-1.jpg?resize=300%2C300&amp;ssl=1 300w, https:\/\/i0.wp.com\/eltrabajo.cl\/portal\/wp-content\/uploads\/2023\/01\/festival-foclorico-1.jpg?resize=150%2C150&amp;ssl=1 150w, https:\/\/i0.wp.com\/eltrabajo.cl\/portal\/wp-content\/uploads\/2023\/01\/festival-foclorico-1.jpg?resize=696%2C696&amp;ssl=1 696w\" sizes=\"auto, (max-width: 640px) 100vw, 640px\" \/><figcaption id=\"caption-attachment-119356\" class=\"wp-caption-text\">Durante tres d\u00edas, Los Andes ser\u00e1 sede de grandes espect\u00e1culos folcl\u00f3ricos totalmente gratuitos, en el que se presentar\u00e1n el Bafochi, Antumapu, elencos regionales y por supuesto el Bafocla.<\/figcaption><\/figure>\n","protected":false},"excerpt":{"rendered":"<p>Desde el 13 al 15 de enero se desarrollar\u00e1 el festival folcl\u00f3rico en el marco de las actividades \u2018Vive tu Verano 2023\u2019, que la Municipalidad de Los Andes prepar\u00f3 para los meses&#8230;<\/p>\n","protected":false},"author":482,"featured_media":119356,"comment_status":"closed","ping_status":"open","sticky":false,"template":"","format":"standard","meta":{"advanced_seo_description":"","jetpack_seo_html_title":"","jetpack_seo_noindex":false,"_jetpack_memberships_contains_paid_content":false,"footnotes":""},"categories":[20],"tags":[],"class_list":["post-119355","post","type-post","status-publish","format-standard","has-post-thumbnail","hentry","category-arte-y-cultura"],"jetpack_featured_media_url":"https:\/\/i0.wp.com\/eltrabajo.cl\/portal\/wp-content\/uploads\/2023\/01\/festival-foclorico-1.jpg?fit=700%2C700&ssl=1","jetpack_sharing_enabled":true,"jetpack_likes_enabled":true,"jetpack-related-posts":[],"_links":{"self":[{"href":"https:\/\/eltrabajo.cl\/portal\/wp-json\/wp\/v2\/posts\/119355","targetHints":{"allow":["GET"]}}],"collection":[{"href":"https:\/\/eltrabajo.cl\/portal\/wp-json\/wp\/v2\/posts"}],"about":[{"href":"https:\/\/eltrabajo.cl\/portal\/wp-json\/wp\/v2\/types\/post"}],"author":[{"embeddable":true,"href":"https:\/\/eltrabajo.cl\/portal\/wp-json\/wp\/v2\/users\/482"}],"replies":[{"embeddable":true,"href":"https:\/\/eltrabajo.cl\/portal\/wp-json\/wp\/v2\/comments?post=119355"}],"version-history":[{"count":1,"href":"https:\/\/eltrabajo.cl\/portal\/wp-json\/wp\/v2\/posts\/119355\/revisions"}],"predecessor-version":[{"id":119357,"href":"https:\/\/eltrabajo.cl\/portal\/wp-json\/wp\/v2\/posts\/119355\/revisions\/119357"}],"wp:featuredmedia":[{"embeddable":true,"href":"https:\/\/eltrabajo.cl\/portal\/wp-json\/wp\/v2\/media\/119356"}],"wp:attachment":[{"href":"https:\/\/eltrabajo.cl\/portal\/wp-json\/wp\/v2\/media?parent=119355"}],"wp:term":[{"taxonomy":"category","embeddable":true,"href":"https:\/\/eltrabajo.cl\/portal\/wp-json\/wp\/v2\/categories?post=119355"},{"taxonomy":"post_tag","embeddable":true,"href":"https:\/\/eltrabajo.cl\/portal\/wp-json\/wp\/v2\/tags?post=119355"}],"curies":[{"name":"wp","href":"https:\/\/api.w.org\/{rel}","templated":true}]}}