{"id":119367,"date":"2023-01-12T07:50:14","date_gmt":"2023-01-12T10:50:14","guid":{"rendered":"https:\/\/eltrabajo.cl\/portal\/?p=119367"},"modified":"2023-01-12T01:28:32","modified_gmt":"2023-01-12T04:28:32","slug":"municipio-recupera-espacio-convertido-en-micro-basural-en-poblacion-el-esfuerzo","status":"publish","type":"post","link":"https:\/\/eltrabajo.cl\/portal\/municipio-recupera-espacio-convertido-en-micro-basural-en-poblacion-el-esfuerzo\/","title":{"rendered":"Municipio recupera espacio convertido en micro basural en Poblaci\u00f3n El Esfuerzo"},"content":{"rendered":"<ul style=\"text-align: justify;\">\n<li style=\"text-align: left;\"><strong>En el lugar que habitaba joven con problemas de salud mental, ayer se plantaron \u00e1rboles y se instalar\u00e1n solerillas, maicillo y material decorativo.-<\/strong><\/li>\n<\/ul>\n<p style=\"text-align: justify;\">Este mi\u00e9rcoles el alcalde (s) Hern\u00e1n Herrera, en compa\u00f1\u00eda de los concejales Ricardo Covarrubias y Basilio Muena, llegaron hasta la Poblaci\u00f3n El Esfuerzo, en donde la Direcci\u00f3n de Protecci\u00f3n y Medio Ambiente del municipio, junto a residentes del sector, iniciaron la recuperaci\u00f3n del espacio que hasta hace un par de semanas se hab\u00eda convertido en un micro basural.<\/p>\n<p style=\"text-align: justify;\">Este lugar era ocupado por un joven que se encuentra recibiendo tratamiento en el Hospital Psiqui\u00e1trico de Putaendo, y all\u00ed la comunidad de Poblaci\u00f3n El Esfuerzo, liderada por la presidenta de la junta de vecinos, decidieron construir una plaza donde se plantaron \u00e1rboles y se realizar\u00e1n distintos arreglos, tales como instalaci\u00f3n de solerillas, material decorativo y maicillo.<\/p>\n<p style=\"text-align: justify;\">\u00ab<em>Estamos cumpliendo un compromiso asumido por la alcaldesa Carmen Castillo, quien nos mandat\u00f3 a otorgar una soluci\u00f3n r\u00e1pida, despu\u00e9s de tantos a\u00f1os que los vecinos de este sector sufrieron con un ciudadano que viv\u00eda en este lugar y que se hab\u00eda tomado este espacio. La orden fue no tan s\u00f3lo recuperar el espacio p\u00fablico, sino que tambi\u00e9n entregar el apoyo necesario a este joven para que pueda recuperarse, eso se est\u00e1 haciendo y hoy <\/em>(ayer)<em> empezamos a hermosear este espacio\u00bb,<\/em> detall\u00f3 el alcalde (s), <strong>Hern\u00e1n Herrera<\/strong>.<\/p>\n<p style=\"text-align: justify;\">La presidenta de la junta de vecinos de la Poblaci\u00f3n El Esfuerzo, <strong>Tania Videla<\/strong>, agradeci\u00f3 la gesti\u00f3n realizada por la actual administraci\u00f3n municipal, manifestando que <em>\u00abestamos m\u00e1s que contentos, cost\u00f3 pero al final se logr\u00f3, muy bien para todos los vecinos que estaban viviendo tormentosamente con el joven a quien se logr\u00f3 internar, as\u00ed que darle gracias a la Municipalidad que nos ayud\u00f3 harto en esto, as\u00ed que ahora a hermosear este entorno para que los vecinos puedan vivir tranquilamente y puedan salir a sentarse un rato afuera\u00bb.<\/em><\/p>\n<p style=\"text-align: justify;\">El concejal <strong>Ricardo Covarrubias<\/strong> valor\u00f3 que la comunidad sea parte del dise\u00f1o del lugar, asegurando que <em>\u00abesto se hab\u00eda transformado en un micro basural, hoy estamos despejando para que exista un mejoramiento del espacio, que es lo que realmente necesitan los vecinos de la Poblaci\u00f3n El Esfuerzo\u00bb.<\/em> Mientras que el concejal <strong>Basilio Muena<\/strong> a\u00f1adi\u00f3 que <em>\u00abes muy importante dar respuesta a un requerimiento muy anhelado por esta comunidad\u00bb.<\/em><\/p>\n<figure id=\"attachment_119368\" aria-describedby=\"caption-attachment-119368\" style=\"width: 700px\" class=\"wp-caption alignnone\"><img data-recalc-dims=\"1\" loading=\"lazy\" decoding=\"async\" class=\"size-full wp-image-119368\" src=\"https:\/\/i0.wp.com\/eltrabajo.cl\/portal\/wp-content\/uploads\/2023\/01\/plaza-el-esfuerzo-9.jpg?resize=640%2C480&#038;ssl=1\" alt=\"La Dipma junto a residentes del sector iniciaron la recuperaci\u00f3n del espacio que se hab\u00eda convertido en un micro basural.\" width=\"640\" height=\"480\" srcset=\"https:\/\/i0.wp.com\/eltrabajo.cl\/portal\/wp-content\/uploads\/2023\/01\/plaza-el-esfuerzo-9.jpg?w=700&amp;ssl=1 700w, https:\/\/i0.wp.com\/eltrabajo.cl\/portal\/wp-content\/uploads\/2023\/01\/plaza-el-esfuerzo-9.jpg?resize=300%2C225&amp;ssl=1 300w, https:\/\/i0.wp.com\/eltrabajo.cl\/portal\/wp-content\/uploads\/2023\/01\/plaza-el-esfuerzo-9.jpg?resize=200%2C150&amp;ssl=1 200w, https:\/\/i0.wp.com\/eltrabajo.cl\/portal\/wp-content\/uploads\/2023\/01\/plaza-el-esfuerzo-9.jpg?resize=696%2C522&amp;ssl=1 696w\" sizes=\"auto, (max-width: 640px) 100vw, 640px\" \/><figcaption id=\"caption-attachment-119368\" class=\"wp-caption-text\">La Dipma junto a residentes del sector iniciaron la recuperaci\u00f3n del espacio que se hab\u00eda convertido en un micro basural.<\/figcaption><\/figure>\n","protected":false},"excerpt":{"rendered":"<p>En el lugar que habitaba joven con problemas de salud mental, ayer se plantaron \u00e1rboles y se instalar\u00e1n solerillas, maicillo y material decorativo.- Este mi\u00e9rcoles el alcalde (s) Hern\u00e1n Herrera, en compa\u00f1\u00eda&#8230;<\/p>\n","protected":false},"author":482,"featured_media":119368,"comment_status":"closed","ping_status":"open","sticky":false,"template":"","format":"standard","meta":{"advanced_seo_description":"","jetpack_seo_html_title":"","jetpack_seo_noindex":false,"_jetpack_memberships_contains_paid_content":false,"footnotes":""},"categories":[103],"tags":[],"class_list":["post-119367","post","type-post","status-publish","format-standard","has-post-thumbnail","hentry","category-cronica-2"],"jetpack_featured_media_url":"https:\/\/i0.wp.com\/eltrabajo.cl\/portal\/wp-content\/uploads\/2023\/01\/plaza-el-esfuerzo-9.jpg?fit=700%2C525&ssl=1","jetpack_sharing_enabled":true,"jetpack_likes_enabled":true,"jetpack-related-posts":[],"_links":{"self":[{"href":"https:\/\/eltrabajo.cl\/portal\/wp-json\/wp\/v2\/posts\/119367","targetHints":{"allow":["GET"]}}],"collection":[{"href":"https:\/\/eltrabajo.cl\/portal\/wp-json\/wp\/v2\/posts"}],"about":[{"href":"https:\/\/eltrabajo.cl\/portal\/wp-json\/wp\/v2\/types\/post"}],"author":[{"embeddable":true,"href":"https:\/\/eltrabajo.cl\/portal\/wp-json\/wp\/v2\/users\/482"}],"replies":[{"embeddable":true,"href":"https:\/\/eltrabajo.cl\/portal\/wp-json\/wp\/v2\/comments?post=119367"}],"version-history":[{"count":1,"href":"https:\/\/eltrabajo.cl\/portal\/wp-json\/wp\/v2\/posts\/119367\/revisions"}],"predecessor-version":[{"id":119369,"href":"https:\/\/eltrabajo.cl\/portal\/wp-json\/wp\/v2\/posts\/119367\/revisions\/119369"}],"wp:featuredmedia":[{"embeddable":true,"href":"https:\/\/eltrabajo.cl\/portal\/wp-json\/wp\/v2\/media\/119368"}],"wp:attachment":[{"href":"https:\/\/eltrabajo.cl\/portal\/wp-json\/wp\/v2\/media?parent=119367"}],"wp:term":[{"taxonomy":"category","embeddable":true,"href":"https:\/\/eltrabajo.cl\/portal\/wp-json\/wp\/v2\/categories?post=119367"},{"taxonomy":"post_tag","embeddable":true,"href":"https:\/\/eltrabajo.cl\/portal\/wp-json\/wp\/v2\/tags?post=119367"}],"curies":[{"name":"wp","href":"https:\/\/api.w.org\/{rel}","templated":true}]}}