{"id":119444,"date":"2023-01-16T07:30:33","date_gmt":"2023-01-16T10:30:33","guid":{"rendered":"https:\/\/eltrabajo.cl\/portal\/?p=119444"},"modified":"2023-01-16T01:22:26","modified_gmt":"2023-01-16T04:22:26","slug":"habilitan-semaforo-y-acceso-vehicular-en-avenida-michimalongo","status":"publish","type":"post","link":"https:\/\/eltrabajo.cl\/portal\/habilitan-semaforo-y-acceso-vehicular-en-avenida-michimalongo\/","title":{"rendered":"Habilitan sem\u00e1foro y acceso vehicular en Avenida Michimalongo"},"content":{"rendered":"<p style=\"text-align: left;\"><span style=\"color: #ff0000;\"><strong>Entre rotonda Monasterio y Aer\u00f3dromo:<\/strong><\/span><\/p>\n<ul style=\"text-align: left;\">\n<li><strong>Autoridad provincial, comunal y Serviu, activaron el sem\u00e1foro emplazado entre Aer\u00f3dromo y Hugo Juri, dando acceso a v\u00eda de 450 metros, con cuatro pistas de doble sentido del tr\u00e1nsito y que adem\u00e1s cuenta con nueva luminaria, arborizaci\u00f3n, ciclo v\u00eda y veredas.-<\/strong><\/li>\n<\/ul>\n<p style=\"text-align: justify;\">Este viernes al medio d\u00eda fue habilitada la circulaci\u00f3n vehicular del tramo de 450 metros lineales de Avenida Michimalongo, comprendido entre la rotonda Monasterio y Aer\u00f3dromo. Esta acci\u00f3n se llev\u00f3 a cabo luego que la delegada presidencial de San Felipe, <strong>Maricel Mart\u00ednez Vicencio<\/strong>, en compa\u00f1\u00eda del alcalde (s) de San Felipe, Hern\u00e1n Herrera Caballero, y la delegada biprovincial del Serviu, <strong>Patricia Boffa Casas<\/strong>, activaran el sem\u00e1foro emplazado entre Aer\u00f3dromo y Hugo Juri.<\/p>\n<p style=\"text-align: justify;\">La v\u00eda se compone de cuatro pistas de doble sentido vehicular, nueva luminaria, arborizaci\u00f3n, ciclo v\u00eda y veredas, y seg\u00fan apreciaci\u00f3n de la delegada presidencial provincial, significa un importante avance para la comuna.<\/p>\n<p style=\"text-align: justify;\">\u00ab<em>Hoy es un d\u00eda para celebrar, tenemos una inversi\u00f3n de m\u00e1s de $5.500 millones, estamos descongestionando uno de los puntos principales de acceso a la comuna de San Felipe, lo que significa menos tiempos de desplazamientos, mejoramos la calidad de vida de las vecinas y vecinos y eso es una noticia s\u00faper importante y una tremenda infraestructura\u00bb,<\/em> apunt\u00f3 la delegada Maricel Mart\u00ednez.<\/p>\n<p style=\"text-align: justify;\">A su vez, el alcalde (s) <strong>Hern\u00e1n Herrera<\/strong>, agradeci\u00f3 al Serviu y al Gobierno la inversi\u00f3n realizada en esta obra puesto que <em>\u00able da una nueva cara al segundo ingreso que tiene la ciudad y que nos pone tambi\u00e9n en la obligaci\u00f3n de mejorar el acceso por el Puente El Rey, porque efectivamente la entrada a nuestra ciudad tiene que marcar la impronta que tiene San Felipe en el Valle de Aconcagua\u00bb.<\/em><\/p>\n<p style=\"text-align: justify;\">La delegada biprovincial del Serviu, <strong>Patricia Boffa Casas<\/strong>, asegur\u00f3 que, aunque se trata de un per\u00edodo de marcha blanca, la puesta en funcionamiento de los sem\u00e1foros en Michimalongo con Hugo Juri tiene suma relevancia, ya que <em>\u00abla gente que vive en el sector de Los Casta\u00f1os o Puerta del Inca, podr\u00e1 entrar, salir o empalmar a la Nueva Michimalongo.<\/em><\/p>\n<p style=\"text-align: justify;\">\u00ab<em>Como Ministerio de Vivienda y Urbanismo, como Serviu, que nos toca supervisar la obra y estar en terreno, estamos tremendamente contentos, felices, de poner en marcha, aunque sea una marcha blanca porque falta todav\u00eda mejorar peque\u00f1as observaciones ha hecho justamente el Serviu, pero que se est\u00e1n subsanando porque la empresa est\u00e1 a\u00fan en terreno, por lo que tenemos que ir viendo el funcionamiento de los sem\u00e1foros o si hay otro inconveniente que mejorar\u00bb,<\/em> concluy\u00f3 la profesional.<\/p>\n<figure id=\"attachment_119445\" aria-describedby=\"caption-attachment-119445\" style=\"width: 698px\" class=\"wp-caption alignnone\"><img data-recalc-dims=\"1\" loading=\"lazy\" decoding=\"async\" class=\"size-full wp-image-119445\" src=\"https:\/\/i0.wp.com\/eltrabajo.cl\/portal\/wp-content\/uploads\/2023\/01\/michimalongo-1.jpg?resize=640%2C480&#038;ssl=1\" alt=\"La debutante delegada presidencial provincial, Maricel Mart\u00ednez, fue la encargada de encender el nuevo sem\u00e1foro que dio por habilitado el tr\u00e1nsito en este tramo de Michimalongo.\" width=\"640\" height=\"480\" srcset=\"https:\/\/i0.wp.com\/eltrabajo.cl\/portal\/wp-content\/uploads\/2023\/01\/michimalongo-1.jpg?w=698&amp;ssl=1 698w, https:\/\/i0.wp.com\/eltrabajo.cl\/portal\/wp-content\/uploads\/2023\/01\/michimalongo-1.jpg?resize=300%2C225&amp;ssl=1 300w, https:\/\/i0.wp.com\/eltrabajo.cl\/portal\/wp-content\/uploads\/2023\/01\/michimalongo-1.jpg?resize=200%2C150&amp;ssl=1 200w, https:\/\/i0.wp.com\/eltrabajo.cl\/portal\/wp-content\/uploads\/2023\/01\/michimalongo-1.jpg?resize=696%2C522&amp;ssl=1 696w\" sizes=\"auto, (max-width: 640px) 100vw, 640px\" \/><figcaption id=\"caption-attachment-119445\" class=\"wp-caption-text\">La debutante delegada presidencial provincial, Maricel Mart\u00ednez, fue la encargada de encender el nuevo sem\u00e1foro que dio por habilitado el tr\u00e1nsito en este tramo de Michimalongo.<\/figcaption><\/figure>\n<figure id=\"attachment_119446\" aria-describedby=\"caption-attachment-119446\" style=\"width: 699px\" class=\"wp-caption alignnone\"><img data-recalc-dims=\"1\" loading=\"lazy\" decoding=\"async\" class=\"size-full wp-image-119446\" src=\"https:\/\/i0.wp.com\/eltrabajo.cl\/portal\/wp-content\/uploads\/2023\/01\/michimalongo-3.jpg?resize=640%2C427&#038;ssl=1\" alt=\"De izquierda a derecha la delegada del Serviu Patricia Boffa junto a la nueva DPP Maricel Mart\u00ednez y el alcalde (s) Hern\u00e1n Herrera.\" width=\"640\" height=\"427\" srcset=\"https:\/\/i0.wp.com\/eltrabajo.cl\/portal\/wp-content\/uploads\/2023\/01\/michimalongo-3.jpg?w=699&amp;ssl=1 699w, https:\/\/i0.wp.com\/eltrabajo.cl\/portal\/wp-content\/uploads\/2023\/01\/michimalongo-3.jpg?resize=300%2C200&amp;ssl=1 300w, https:\/\/i0.wp.com\/eltrabajo.cl\/portal\/wp-content\/uploads\/2023\/01\/michimalongo-3.jpg?resize=200%2C133&amp;ssl=1 200w, https:\/\/i0.wp.com\/eltrabajo.cl\/portal\/wp-content\/uploads\/2023\/01\/michimalongo-3.jpg?resize=696%2C464&amp;ssl=1 696w\" sizes=\"auto, (max-width: 640px) 100vw, 640px\" \/><figcaption id=\"caption-attachment-119446\" class=\"wp-caption-text\">De izquierda a derecha la delegada del Serviu Patricia Boffa junto a la nueva DPP Maricel Mart\u00ednez y el alcalde (s) Hern\u00e1n Herrera.<\/figcaption><\/figure>\n","protected":false},"excerpt":{"rendered":"<p>Entre rotonda Monasterio y Aer\u00f3dromo: Autoridad provincial, comunal y Serviu, activaron el sem\u00e1foro emplazado entre Aer\u00f3dromo y Hugo Juri, dando acceso a v\u00eda de 450 metros, con cuatro pistas de doble sentido&#8230;<\/p>\n","protected":false},"author":482,"featured_media":119445,"comment_status":"closed","ping_status":"open","sticky":false,"template":"","format":"standard","meta":{"advanced_seo_description":"","jetpack_seo_html_title":"","jetpack_seo_noindex":false,"_jetpack_memberships_contains_paid_content":false,"footnotes":""},"categories":[103],"tags":[],"class_list":["post-119444","post","type-post","status-publish","format-standard","has-post-thumbnail","hentry","category-cronica-2"],"jetpack_featured_media_url":"https:\/\/i0.wp.com\/eltrabajo.cl\/portal\/wp-content\/uploads\/2023\/01\/michimalongo-1.jpg?fit=698%2C524&ssl=1","jetpack_sharing_enabled":true,"jetpack_likes_enabled":true,"jetpack-related-posts":[],"_links":{"self":[{"href":"https:\/\/eltrabajo.cl\/portal\/wp-json\/wp\/v2\/posts\/119444","targetHints":{"allow":["GET"]}}],"collection":[{"href":"https:\/\/eltrabajo.cl\/portal\/wp-json\/wp\/v2\/posts"}],"about":[{"href":"https:\/\/eltrabajo.cl\/portal\/wp-json\/wp\/v2\/types\/post"}],"author":[{"embeddable":true,"href":"https:\/\/eltrabajo.cl\/portal\/wp-json\/wp\/v2\/users\/482"}],"replies":[{"embeddable":true,"href":"https:\/\/eltrabajo.cl\/portal\/wp-json\/wp\/v2\/comments?post=119444"}],"version-history":[{"count":1,"href":"https:\/\/eltrabajo.cl\/portal\/wp-json\/wp\/v2\/posts\/119444\/revisions"}],"predecessor-version":[{"id":119447,"href":"https:\/\/eltrabajo.cl\/portal\/wp-json\/wp\/v2\/posts\/119444\/revisions\/119447"}],"wp:featuredmedia":[{"embeddable":true,"href":"https:\/\/eltrabajo.cl\/portal\/wp-json\/wp\/v2\/media\/119445"}],"wp:attachment":[{"href":"https:\/\/eltrabajo.cl\/portal\/wp-json\/wp\/v2\/media?parent=119444"}],"wp:term":[{"taxonomy":"category","embeddable":true,"href":"https:\/\/eltrabajo.cl\/portal\/wp-json\/wp\/v2\/categories?post=119444"},{"taxonomy":"post_tag","embeddable":true,"href":"https:\/\/eltrabajo.cl\/portal\/wp-json\/wp\/v2\/tags?post=119444"}],"curies":[{"name":"wp","href":"https:\/\/api.w.org\/{rel}","templated":true}]}}