{"id":119480,"date":"2023-01-17T07:45:19","date_gmt":"2023-01-17T10:45:19","guid":{"rendered":"https:\/\/eltrabajo.cl\/portal\/?p=119480"},"modified":"2023-01-17T00:13:41","modified_gmt":"2023-01-17T03:13:41","slug":"arturo-prat-campeon-invicto-del-ascenso-a-la-primera-division-de-la-abar","status":"publish","type":"post","link":"https:\/\/eltrabajo.cl\/portal\/arturo-prat-campeon-invicto-del-ascenso-a-la-primera-division-de-la-abar\/","title":{"rendered":"Arturo Prat, campe\u00f3n invicto del Ascenso, a la Primera Divisi\u00f3n de la ABAR"},"content":{"rendered":"<p style=\"text-align: justify;\">En el que fue un duelo que se disput\u00f3 hasta el \u00faltimo aliento, el quinteto B del club Arturo Prat de San Felipe, se consagr\u00f3 campe\u00f3n del Ascenso de la Asociaci\u00f3n de B\u00e1squetbol Alejandro Rivadeneira (ABAR), al imponerse 65 a 62 (13-19; 17-11; 17-20; 15-15) a Iball de Los Andes.<\/p>\n<p style=\"text-align: justify;\">Al interior de la rama de baloncesto de la instituci\u00f3n del \u2018marinero\u2019, este t\u00edtulo ha tenido una valorizaci\u00f3n muy alta a ra\u00edz que este conjunto contaba solo con cuatro jugadores adultos y el resto puros elementos S\u00e9nior, algo no menor si se tiene en cuenta que los rivales tienen planteles cuyo rango de edad fluctuaba entre los 18 a 28 a\u00f1os. Es por eso que los nombres de Gonzalo Cataldo, Luis Gonz\u00e1lez, Reinaldo Prado y Pablo Acevedo, ocupan desde ahora un lugar destacado en la historia de los pratinos.<\/p>\n<p style=\"text-align: justify;\">La jornada final de la liga de Ascenso de la ABAR se jug\u00f3 la noche del domingo \u00faltimo en la Sala Samuel Tapia Guerrero, mientras que otros encuentros del fin de semana\u00a0 se disputaron el viernes y s\u00e1bado en la comuna de Calle Larga.<\/p>\n<p style=\"text-align: justify;\">Pese a caer en la final, Iball a\u00fan tiene chances de acceder a la m\u00e1xima categor\u00eda de la ABAR, ya que el subcampeonato le da la opci\u00f3n de jugar un Repechaje con MBC, para definir cu\u00e1l de los dos jugar\u00e1 en esa serie la pr\u00f3xima temporada.<\/p>\n<p style=\"text-align: justify;\">El podio de la Primera B de la ABAR, qued\u00f3 establecido de la siguiente manera:<\/p>\n<p style=\"text-align: justify;\">1\u00ba.- Prat B<\/p>\n<p style=\"text-align: justify;\">2\u00ba.- Iball<\/p>\n<p style=\"text-align: justify;\">3\u00ba.- Arca de Jafet<\/p>\n<p style=\"text-align: justify;\">4\u00ba.- Lobos de Calle Larga<\/p>\n<figure id=\"attachment_119481\" aria-describedby=\"caption-attachment-119481\" style=\"width: 700px\" class=\"wp-caption alignnone\"><img data-recalc-dims=\"1\" loading=\"lazy\" decoding=\"async\" class=\"size-full wp-image-119481\" src=\"https:\/\/i0.wp.com\/eltrabajo.cl\/portal\/wp-content\/uploads\/2023\/01\/Prat.jpg?resize=640%2C522&#038;ssl=1\" alt=\"El Prat B gan\u00f3 de manera invicta el torneo de Ascenso de la ABAR.\" width=\"640\" height=\"522\" srcset=\"https:\/\/i0.wp.com\/eltrabajo.cl\/portal\/wp-content\/uploads\/2023\/01\/Prat.jpg?w=700&amp;ssl=1 700w, https:\/\/i0.wp.com\/eltrabajo.cl\/portal\/wp-content\/uploads\/2023\/01\/Prat.jpg?resize=300%2C245&amp;ssl=1 300w, https:\/\/i0.wp.com\/eltrabajo.cl\/portal\/wp-content\/uploads\/2023\/01\/Prat.jpg?resize=184%2C150&amp;ssl=1 184w, https:\/\/i0.wp.com\/eltrabajo.cl\/portal\/wp-content\/uploads\/2023\/01\/Prat.jpg?resize=696%2C568&amp;ssl=1 696w\" sizes=\"auto, (max-width: 640px) 100vw, 640px\" \/><figcaption id=\"caption-attachment-119481\" class=\"wp-caption-text\">El Prat B gan\u00f3 de manera invicta el torneo de Ascenso de la ABAR.<\/figcaption><\/figure>\n","protected":false},"excerpt":{"rendered":"<p>En el que fue un duelo que se disput\u00f3 hasta el \u00faltimo aliento, el quinteto B del club Arturo Prat de San Felipe, se consagr\u00f3 campe\u00f3n del Ascenso de la Asociaci\u00f3n de&#8230;<\/p>\n","protected":false},"author":482,"featured_media":119481,"comment_status":"closed","ping_status":"open","sticky":false,"template":"","format":"standard","meta":{"advanced_seo_description":"","jetpack_seo_html_title":"","jetpack_seo_noindex":false,"_jetpack_memberships_contains_paid_content":false,"footnotes":""},"categories":[19],"tags":[],"class_list":["post-119480","post","type-post","status-publish","format-standard","has-post-thumbnail","hentry","category-deportes"],"jetpack_featured_media_url":"https:\/\/i0.wp.com\/eltrabajo.cl\/portal\/wp-content\/uploads\/2023\/01\/Prat.jpg?fit=700%2C571&ssl=1","jetpack_sharing_enabled":true,"jetpack_likes_enabled":true,"jetpack-related-posts":[],"_links":{"self":[{"href":"https:\/\/eltrabajo.cl\/portal\/wp-json\/wp\/v2\/posts\/119480","targetHints":{"allow":["GET"]}}],"collection":[{"href":"https:\/\/eltrabajo.cl\/portal\/wp-json\/wp\/v2\/posts"}],"about":[{"href":"https:\/\/eltrabajo.cl\/portal\/wp-json\/wp\/v2\/types\/post"}],"author":[{"embeddable":true,"href":"https:\/\/eltrabajo.cl\/portal\/wp-json\/wp\/v2\/users\/482"}],"replies":[{"embeddable":true,"href":"https:\/\/eltrabajo.cl\/portal\/wp-json\/wp\/v2\/comments?post=119480"}],"version-history":[{"count":1,"href":"https:\/\/eltrabajo.cl\/portal\/wp-json\/wp\/v2\/posts\/119480\/revisions"}],"predecessor-version":[{"id":119482,"href":"https:\/\/eltrabajo.cl\/portal\/wp-json\/wp\/v2\/posts\/119480\/revisions\/119482"}],"wp:featuredmedia":[{"embeddable":true,"href":"https:\/\/eltrabajo.cl\/portal\/wp-json\/wp\/v2\/media\/119481"}],"wp:attachment":[{"href":"https:\/\/eltrabajo.cl\/portal\/wp-json\/wp\/v2\/media?parent=119480"}],"wp:term":[{"taxonomy":"category","embeddable":true,"href":"https:\/\/eltrabajo.cl\/portal\/wp-json\/wp\/v2\/categories?post=119480"},{"taxonomy":"post_tag","embeddable":true,"href":"https:\/\/eltrabajo.cl\/portal\/wp-json\/wp\/v2\/tags?post=119480"}],"curies":[{"name":"wp","href":"https:\/\/api.w.org\/{rel}","templated":true}]}}