{"id":119503,"date":"2023-01-18T07:30:46","date_gmt":"2023-01-18T10:30:46","guid":{"rendered":"https:\/\/eltrabajo.cl\/portal\/?p=119503"},"modified":"2023-01-17T23:31:38","modified_gmt":"2023-01-18T02:31:38","slug":"activacion-de-pozos-y-aluvion-causan-serios-problemas-a-los-apr-de-la-provincia","status":"publish","type":"post","link":"https:\/\/eltrabajo.cl\/portal\/activacion-de-pozos-y-aluvion-causan-serios-problemas-a-los-apr-de-la-provincia\/","title":{"rendered":"Activaci\u00f3n de pozos y aluvi\u00f3n causan serios problemas a los APR de la provincia"},"content":{"rendered":"<ul style=\"text-align: justify;\">\n<li style=\"text-align: left;\"><strong>Agua Potable Rural del sector de Las Cabras, en Santa Mar\u00eda, ha sido la m\u00e1s afectada.-<\/strong><\/li>\n<\/ul>\n<p style=\"text-align: justify;\">Una serie de problemas viven los APR de la provincia de San Felipe de Aconcagua luego de la activaci\u00f3n de la bater\u00eda de pozos en el sector de Curim\u00f3n y en la comuna de Llay Llay. Esto porque se han experimentado bajas en los niveles de las napas subterr\u00e1neas que abastecen de agua a los vecinos y vecinas que dependen de los APR.<\/p>\n<p style=\"text-align: justify;\">Tal es el caso del APR de Las Cabras en la comuna de Santa Mar\u00eda, que est\u00e1 sufriendo los problemas se\u00f1alados a ra\u00edz de esta medida, y, adem\u00e1s, a\u00fan persisten los coletazos del \u00faltimo sistema frontal que dej\u00f3 lluvias en la alta cordillera y que provocaron la turbiedad de las aguas de los r\u00edos y esteros.<\/p>\n<p style=\"text-align: justify;\">El presidente provincial de los APR, <strong>Humberto Gonz\u00e1lez<\/strong>, detall\u00f3 los problemas que viven en la actualidad, se\u00f1alando que, durante los meses de verano, la situaci\u00f3n se hace a\u00fan m\u00e1s problem\u00e1tica.<\/p>\n<p style=\"text-align: justify;\">\u00ab<em>Ya est\u00e1 operando la bater\u00eda de pozos de Curim\u00f3n y tambi\u00e9n los de Llay Llay y posteriormente Panquehue. Nosotros hacemos mediciones y en nuestras fuentes no hemos hecho la medici\u00f3n porque se triz\u00f3 la napa con los nuevos sondajes, pero s\u00ed tenemos el dato del APR de Las Cabras de Santa Mar\u00eda y estamos muy preocupados porque la baja es constante y permanente, y tienen un problema mayor porque no tienen m\u00e1s sondajes\u00bb,<\/em> sostuvo Gonz\u00e1lez.<\/p>\n<p style=\"text-align: justify;\">En este mismo sentido, el presidente provincial de los APR precis\u00f3 que <em>\u00abla realidad de la baja de napas es muy preocupante de acuerdo a las mediciones, lo que tenemos nosotros en cuanto a la baja de napas en nuestro valle. Esto se debe al funcionamiento de los pozos que siempre nos afecta y el uso que est\u00e1n haciendo los agricultores, porque el aluvi\u00f3n provoc\u00f3 que mucha agua en contra y entonces hay agricultores que est\u00e1n haciendo uso de sus pozos, y adem\u00e1s que el caudal es mucho menor, y con esto, y como siempre, el mundo APR es el m\u00e1s afectado\u00bb.<\/em><\/p>\n<p style=\"text-align: justify;\">Asimismo, Humberto Gonz\u00e1lez coment\u00f3 los inconvenientes que tuvieron, y que a\u00fan se mantienen a ra\u00edz de las lluvias en la alta cordillera que se produjeron la semana pasada.<\/p>\n<p style=\"text-align: justify;\">\u00ab<em>Cuando lleg\u00f3 el agua del aluvi\u00f3n no se pudo regar por el tema de las aguas turbias y que dej\u00f3 inoperativa las plantas, adem\u00e1s para el consumo humano, provoc\u00f3 da\u00f1os por muchos lados en agua superficial, y cuando no se tiene agua superficial se echa a andar los pozos y ah\u00ed los APR estamos en riesgo de caer en una emergencia mayor\u00bb,<\/em> agreg\u00f3.<\/p>\n<p style=\"text-align: justify;\">Finalmente, el directivo de los APR indic\u00f3 que a todo esto, se suman los retrasos en las construcciones de nuevos pozos para poder abastecer con agua a las familias; <em>\u00abla obra se ha retrasado m\u00e1s de lo que avanza la sequ\u00eda en la comuna de Santa Mar\u00eda. En la cooperativa de Algarrobal tambi\u00e9n se ha retrasado, pero eso ya est\u00e1 tendiendo a ser solucionada; en La Troya el nuevo pozo tiene fecha de t\u00e9rmino a fines de febrero; en Llay Llay tambi\u00e9n se van a habilitar pozos para riego, y esto en enero y febrero hace que la situaci\u00f3n sea m\u00e1s problem\u00e1tica\u00bb. <\/em><\/p>\n<figure id=\"attachment_119504\" aria-describedby=\"caption-attachment-119504\" style=\"width: 700px\" class=\"wp-caption alignnone\"><img data-recalc-dims=\"1\" loading=\"lazy\" decoding=\"async\" class=\"size-full wp-image-119504\" src=\"https:\/\/i0.wp.com\/eltrabajo.cl\/portal\/wp-content\/uploads\/2023\/01\/Humberto_Gonzalez-APR.jpg?resize=640%2C479&#038;ssl=1\" alt=\"Humberto Gonz\u00e1lez, presidente provincial de los APR.\" width=\"640\" height=\"479\" srcset=\"https:\/\/i0.wp.com\/eltrabajo.cl\/portal\/wp-content\/uploads\/2023\/01\/Humberto_Gonzalez-APR.jpg?w=700&amp;ssl=1 700w, https:\/\/i0.wp.com\/eltrabajo.cl\/portal\/wp-content\/uploads\/2023\/01\/Humberto_Gonzalez-APR.jpg?resize=300%2C225&amp;ssl=1 300w, https:\/\/i0.wp.com\/eltrabajo.cl\/portal\/wp-content\/uploads\/2023\/01\/Humberto_Gonzalez-APR.jpg?resize=200%2C150&amp;ssl=1 200w, https:\/\/i0.wp.com\/eltrabajo.cl\/portal\/wp-content\/uploads\/2023\/01\/Humberto_Gonzalez-APR.jpg?resize=696%2C521&amp;ssl=1 696w\" sizes=\"auto, (max-width: 640px) 100vw, 640px\" \/><figcaption id=\"caption-attachment-119504\" class=\"wp-caption-text\">Humberto Gonz\u00e1lez, presidente provincial de los APR.<\/figcaption><\/figure>\n","protected":false},"excerpt":{"rendered":"<p>Agua Potable Rural del sector de Las Cabras, en Santa Mar\u00eda, ha sido la m\u00e1s afectada.- Una serie de problemas viven los APR de la provincia de San Felipe de Aconcagua luego&#8230;<\/p>\n","protected":false},"author":482,"featured_media":119504,"comment_status":"closed","ping_status":"open","sticky":false,"template":"","format":"standard","meta":{"advanced_seo_description":"","jetpack_seo_html_title":"","jetpack_seo_noindex":false,"_jetpack_memberships_contains_paid_content":false,"footnotes":""},"categories":[103],"tags":[],"class_list":["post-119503","post","type-post","status-publish","format-standard","has-post-thumbnail","hentry","category-cronica-2"],"jetpack_featured_media_url":"https:\/\/i0.wp.com\/eltrabajo.cl\/portal\/wp-content\/uploads\/2023\/01\/Humberto_Gonzalez-APR.jpg?fit=700%2C524&ssl=1","jetpack_sharing_enabled":true,"jetpack_likes_enabled":true,"jetpack-related-posts":[],"_links":{"self":[{"href":"https:\/\/eltrabajo.cl\/portal\/wp-json\/wp\/v2\/posts\/119503","targetHints":{"allow":["GET"]}}],"collection":[{"href":"https:\/\/eltrabajo.cl\/portal\/wp-json\/wp\/v2\/posts"}],"about":[{"href":"https:\/\/eltrabajo.cl\/portal\/wp-json\/wp\/v2\/types\/post"}],"author":[{"embeddable":true,"href":"https:\/\/eltrabajo.cl\/portal\/wp-json\/wp\/v2\/users\/482"}],"replies":[{"embeddable":true,"href":"https:\/\/eltrabajo.cl\/portal\/wp-json\/wp\/v2\/comments?post=119503"}],"version-history":[{"count":1,"href":"https:\/\/eltrabajo.cl\/portal\/wp-json\/wp\/v2\/posts\/119503\/revisions"}],"predecessor-version":[{"id":119505,"href":"https:\/\/eltrabajo.cl\/portal\/wp-json\/wp\/v2\/posts\/119503\/revisions\/119505"}],"wp:featuredmedia":[{"embeddable":true,"href":"https:\/\/eltrabajo.cl\/portal\/wp-json\/wp\/v2\/media\/119504"}],"wp:attachment":[{"href":"https:\/\/eltrabajo.cl\/portal\/wp-json\/wp\/v2\/media?parent=119503"}],"wp:term":[{"taxonomy":"category","embeddable":true,"href":"https:\/\/eltrabajo.cl\/portal\/wp-json\/wp\/v2\/categories?post=119503"},{"taxonomy":"post_tag","embeddable":true,"href":"https:\/\/eltrabajo.cl\/portal\/wp-json\/wp\/v2\/tags?post=119503"}],"curies":[{"name":"wp","href":"https:\/\/api.w.org\/{rel}","templated":true}]}}