{"id":119509,"date":"2023-01-18T07:45:53","date_gmt":"2023-01-18T10:45:53","guid":{"rendered":"https:\/\/eltrabajo.cl\/portal\/?p=119509"},"modified":"2023-01-17T23:35:24","modified_gmt":"2023-01-18T02:35:24","slug":"regantes-continuan-en-alerta-ante-nuevas-exigencias-de-la-dga","status":"publish","type":"post","link":"https:\/\/eltrabajo.cl\/portal\/regantes-continuan-en-alerta-ante-nuevas-exigencias-de-la-dga\/","title":{"rendered":"Regantes contin\u00faan en alerta ante nuevas exigencias de la DGA"},"content":{"rendered":"<p style=\"text-align: left;\"><span style=\"color: #ff0000;\"><strong>Primera Secci\u00f3n del R\u00edo Aconcagua:<\/strong><\/span><\/p>\n<ul style=\"text-align: left;\">\n<li><strong>Ayer se reunieron en masivo encuentro luego que la Direcci\u00f3n General de Aguas realizara nuevas exigencias en la distribuci\u00f3n del vital elemento.-<\/strong><\/li>\n<\/ul>\n<p style=\"text-align: justify;\">En dependencias del Liceo de San Esteban se realiz\u00f3 este martes una masiva Asamblea Informativa Ampliada, convocada por la Junta de Vigilancia de la Primera Secci\u00f3n del R\u00edo Aconcagua, encuentro en el que participaron gran cantidad de regantes del Valle del Aconcagua.<\/p>\n<p style=\"text-align: justify;\">Durante este encuentro se dio a conocer el estado en el que est\u00e1n ante las nuevas exigencias de la Direcci\u00f3n General de Aguas, expresadas en la Resoluci\u00f3n <u>N\u00b010 del 13-01-2023<\/u>, donde se obliga a la Primera Secci\u00f3n a aumentar el caudal de agua que se entrega a la Segunda Secci\u00f3n. A juicio de los regantes, esto afecta directa y gravemente su rubro.<\/p>\n<p style=\"text-align: justify;\">\u00ab<em>Sentimos que las autoridades no nos est\u00e1n escuchando, que hay cero sensibilidad con el territorio, con la gente de la zona. La semana pasada vivimos una cat\u00e1strofe que fue el tema de los aluviones. Nosotros est\u00e1bamos con las compuertas cerradas durante el fin de semana porque respetamos los turnos, pero el lunes no pudimos abrir las compuertas porque estaba todo embancado, muchos canales borrados, pero a pesar de eso la DGA nos manda mayores exigencias de aguas hacia abajo, sin haber considerado que durante la semana el agua corri\u00f3 hacia abajo porque no la pod\u00edamos tomar. En vez de tener un m\u00ednimo de sensibilidad, no fueron capaces de ver este problema y preocuparse de los regantes\u00bb,<\/em> sostuvo <strong>Javier Crasemann<\/strong>, presidente de la Junta de Vigilancia de la Primera Secci\u00f3n del\u00a0<em>r\u00edo Aconcagua, quien agreg\u00f3 que de continuar las medidas de la DGA que afectan la distribuci\u00f3n de aguas para el Valle de Aconcagua, el panorama a futuro es desalentador.<\/em><\/p>\n<p style=\"text-align: justify;\">\u00abSi seguimos en esta senda derechamente se acaba la agricultura en nuestra zona, es m\u00e1s, el mismo Codelco deber\u00eda cerrar, lo hemos conversado mucho, a ellos nos les da, con el criterio que tiene hoy la DGA. Lo plante\u00f3 Juan Salas en la reuni\u00f3n que tuvimos en la Delegaci\u00f3n de Los Andes con el director nacional de Aguas, donde manifest\u00f3 que las inversiones que hab\u00eda hecho Codelco pensando en un marco jur\u00eddico que hab\u00eda regido por a\u00f1os, y esa certeza los llev\u00f3 a someterse a todos los turnos y a hacer todas las restricciones que les corresponde por ley, y ahora lamentablemente les cambian las reglas del juego y por lo tanto no les dan los n\u00fameros\u00bb.<\/p>\n<p style=\"text-align: justify;\">Por su parte la alcaldesa <strong>Dina Gonz\u00e1lez<\/strong>, quien particip\u00f3 en la reuni\u00f3n acompa\u00f1ando a los agricultores y productores de Calle Larga, manifest\u00f3 su apoyo a los regantes. \u00abHemos estado acompa\u00f1ando a los agricultores en estas reuniones por cerca de dos meses, donde se ha discutido la decisi\u00f3n de la DGA con respecto a la cantidad de agua que debemos entregar a las otras secciones del r\u00edo, lo que ha provocado grandes problemas a las familias de la zona, quienes se est\u00e1n quedando sin agua para regar los campos. Sorpresivamente hace unos d\u00edas la DGA hizo nuevas y mayores exigencias por lo que esta secci\u00f3n tom\u00f3 la decisi\u00f3n de no hacer reparto del cien por ciento de las aguas. Apoyamos la decisi\u00f3n que se est\u00e1 tomando, especialmente a los agricultores de Calle Larga, y ofreciendo la ayuda que sea necesaria, ya sea la v\u00eda de las manifestaciones o las v\u00edas legales y poder dar a conocer esta situaci\u00f3n en todo Chile, y que podamos a trav\u00e9s de nuestro Gobierno mejorar esta situaci\u00f3n y evitar que nuestro valle se seque\u00bb.<\/p>\n<p style=\"text-align: justify;\">Tambi\u00e9n <strong>Ximena Urz\u00faa<\/strong>, administradora del canal Rinconada, manifest\u00f3 su preocupaci\u00f3n por la realidad que deber\u00e1n enfrentar los regantes de la zona ante las nuevas exigencias de la DGA.<\/p>\n<p style=\"text-align: justify;\">\u00abComo Primera Secci\u00f3n nos es imposible dar cumplimento a lo ordenado por la Direcci\u00f3n General de Aguas en su \u00faltima resoluci\u00f3n, eso significa que la Primera Secci\u00f3n tendr\u00eda que repartir cerca del 28% de sus derechos. Eso para canales grandes como el de Rinconada, si bien es cierto le permite un manejo en cuanto a la entrega del recurso h\u00eddrico, canales chicos tendr\u00edan que cerrar completamente sus compuertas. Pese a todos los argumentos t\u00e9cnicos y legales, ellos todav\u00eda no entienden. Como Primera Secci\u00f3n\u00a0 daremos la lucha todo lo que sea necesario\u00bb.<\/p>\n<figure id=\"attachment_119510\" aria-describedby=\"caption-attachment-119510\" style=\"width: 700px\" class=\"wp-caption alignnone\"><img data-recalc-dims=\"1\" loading=\"lazy\" decoding=\"async\" class=\"size-full wp-image-119510\" src=\"https:\/\/i0.wp.com\/eltrabajo.cl\/portal\/wp-content\/uploads\/2023\/01\/reunion-agua-2.jpg?resize=640%2C392&#038;ssl=1\" alt=\"Con masiva asistencia se realiz\u00f3 este martes una Asamblea Informativa Ampliada convocada por la Junta de Vigilancia de la Primera Secci\u00f3n del R\u00edo Aconcagua.\" width=\"640\" height=\"392\" srcset=\"https:\/\/i0.wp.com\/eltrabajo.cl\/portal\/wp-content\/uploads\/2023\/01\/reunion-agua-2.jpg?w=700&amp;ssl=1 700w, https:\/\/i0.wp.com\/eltrabajo.cl\/portal\/wp-content\/uploads\/2023\/01\/reunion-agua-2.jpg?resize=300%2C184&amp;ssl=1 300w, https:\/\/i0.wp.com\/eltrabajo.cl\/portal\/wp-content\/uploads\/2023\/01\/reunion-agua-2.jpg?resize=200%2C123&amp;ssl=1 200w, https:\/\/i0.wp.com\/eltrabajo.cl\/portal\/wp-content\/uploads\/2023\/01\/reunion-agua-2.jpg?resize=696%2C427&amp;ssl=1 696w\" sizes=\"auto, (max-width: 640px) 100vw, 640px\" \/><figcaption id=\"caption-attachment-119510\" class=\"wp-caption-text\">Con masiva asistencia se realiz\u00f3 este martes una Asamblea Informativa Ampliada convocada por la Junta de Vigilancia de la Primera Secci\u00f3n del R\u00edo Aconcagua.<\/figcaption><\/figure>\n<figure id=\"attachment_119511\" aria-describedby=\"caption-attachment-119511\" style=\"width: 699px\" class=\"wp-caption alignnone\"><img data-recalc-dims=\"1\" loading=\"lazy\" decoding=\"async\" class=\"size-full wp-image-119511\" src=\"https:\/\/i0.wp.com\/eltrabajo.cl\/portal\/wp-content\/uploads\/2023\/01\/reunion-agua-1.jpg?resize=640%2C427&#038;ssl=1\" alt=\"Agricultores y autoridades edilicias presentes en el encuentro.\" width=\"640\" height=\"427\" srcset=\"https:\/\/i0.wp.com\/eltrabajo.cl\/portal\/wp-content\/uploads\/2023\/01\/reunion-agua-1.jpg?w=699&amp;ssl=1 699w, https:\/\/i0.wp.com\/eltrabajo.cl\/portal\/wp-content\/uploads\/2023\/01\/reunion-agua-1.jpg?resize=300%2C200&amp;ssl=1 300w, https:\/\/i0.wp.com\/eltrabajo.cl\/portal\/wp-content\/uploads\/2023\/01\/reunion-agua-1.jpg?resize=200%2C133&amp;ssl=1 200w, https:\/\/i0.wp.com\/eltrabajo.cl\/portal\/wp-content\/uploads\/2023\/01\/reunion-agua-1.jpg?resize=696%2C464&amp;ssl=1 696w\" sizes=\"auto, (max-width: 640px) 100vw, 640px\" \/><figcaption id=\"caption-attachment-119511\" class=\"wp-caption-text\">Agricultores y autoridades edilicias presentes en el encuentro.<\/figcaption><\/figure>\n","protected":false},"excerpt":{"rendered":"<p>Primera Secci\u00f3n del R\u00edo Aconcagua: Ayer se reunieron en masivo encuentro luego que la Direcci\u00f3n General de Aguas realizara nuevas exigencias en la distribuci\u00f3n del vital elemento.- En dependencias del Liceo de&#8230;<\/p>\n","protected":false},"author":482,"featured_media":119510,"comment_status":"closed","ping_status":"open","sticky":false,"template":"","format":"standard","meta":{"advanced_seo_description":"","jetpack_seo_html_title":"","jetpack_seo_noindex":false,"_jetpack_memberships_contains_paid_content":false,"footnotes":""},"categories":[103],"tags":[],"class_list":["post-119509","post","type-post","status-publish","format-standard","has-post-thumbnail","hentry","category-cronica-2"],"jetpack_featured_media_url":"https:\/\/i0.wp.com\/eltrabajo.cl\/portal\/wp-content\/uploads\/2023\/01\/reunion-agua-2.jpg?fit=700%2C429&ssl=1","jetpack_sharing_enabled":true,"jetpack_likes_enabled":true,"jetpack-related-posts":[],"_links":{"self":[{"href":"https:\/\/eltrabajo.cl\/portal\/wp-json\/wp\/v2\/posts\/119509","targetHints":{"allow":["GET"]}}],"collection":[{"href":"https:\/\/eltrabajo.cl\/portal\/wp-json\/wp\/v2\/posts"}],"about":[{"href":"https:\/\/eltrabajo.cl\/portal\/wp-json\/wp\/v2\/types\/post"}],"author":[{"embeddable":true,"href":"https:\/\/eltrabajo.cl\/portal\/wp-json\/wp\/v2\/users\/482"}],"replies":[{"embeddable":true,"href":"https:\/\/eltrabajo.cl\/portal\/wp-json\/wp\/v2\/comments?post=119509"}],"version-history":[{"count":1,"href":"https:\/\/eltrabajo.cl\/portal\/wp-json\/wp\/v2\/posts\/119509\/revisions"}],"predecessor-version":[{"id":119512,"href":"https:\/\/eltrabajo.cl\/portal\/wp-json\/wp\/v2\/posts\/119509\/revisions\/119512"}],"wp:featuredmedia":[{"embeddable":true,"href":"https:\/\/eltrabajo.cl\/portal\/wp-json\/wp\/v2\/media\/119510"}],"wp:attachment":[{"href":"https:\/\/eltrabajo.cl\/portal\/wp-json\/wp\/v2\/media?parent=119509"}],"wp:term":[{"taxonomy":"category","embeddable":true,"href":"https:\/\/eltrabajo.cl\/portal\/wp-json\/wp\/v2\/categories?post=119509"},{"taxonomy":"post_tag","embeddable":true,"href":"https:\/\/eltrabajo.cl\/portal\/wp-json\/wp\/v2\/tags?post=119509"}],"curies":[{"name":"wp","href":"https:\/\/api.w.org\/{rel}","templated":true}]}}