{"id":119538,"date":"2023-01-19T07:35:16","date_gmt":"2023-01-19T10:35:16","guid":{"rendered":"https:\/\/eltrabajo.cl\/portal\/?p=119538"},"modified":"2023-01-19T00:15:55","modified_gmt":"2023-01-19T03:15:55","slug":"primera-seccion-del-rio-aconcagua-se-esta-transformando-en-zona-de-sacrificio","status":"publish","type":"post","link":"https:\/\/eltrabajo.cl\/portal\/primera-seccion-del-rio-aconcagua-se-esta-transformando-en-zona-de-sacrificio\/","title":{"rendered":"Primera Secci\u00f3n del R\u00edo Aconcagua se est\u00e1 transformando en Zona de Sacrificio"},"content":{"rendered":"<ul style=\"text-align: justify;\">\n<li style=\"text-align: left;\"><strong>Javier Crasemann, presidente de la citada secci\u00f3n, se refiri\u00f3 al nuevo decreto de la Direcci\u00f3n General de Aguas por la distribuci\u00f3n del caudal del r\u00edo Aconcagua.-<\/strong><\/li>\n<\/ul>\n<p style=\"text-align: justify;\">Molestia existe nuevamente en los regantes de la <strong>Primera Secci\u00f3n del r\u00edo Aconcagua<\/strong>, por un nuevo decreto de la <strong>Direcci\u00f3n General de Aguas<\/strong> (<strong>DGA<\/strong>) que establece una nueva distribuci\u00f3n de las aguas del r\u00edo Aconcagua. La determinaci\u00f3n de la DGA ha sido criticada por los integrantes de la Primera Secci\u00f3n, indicando que, con esto, \u00e9sta se est\u00e1 transformando en una <strong>\u2018Zona de Sacrificio\u2019<\/strong>.<\/p>\n<p style=\"text-align: justify;\">El presidente de la citada secci\u00f3n, <strong>Javier Crasemann<\/strong>, catalog\u00f3 esta medida como il\u00f3gica y mostr\u00f3 la preocupaci\u00f3n por las consecuencias que esto puede traer para la agricultura. <em>\u00abNos tiene muy preocupados porque se rompe la regla del reparto y eso tiene consecuencias graves por el momento que estamos viviendo. <\/em><\/p>\n<p style=\"text-align: justify;\">\u00ab<em>Los efectos de la medida que instruy\u00f3 la Direcci\u00f3n General de Aguas son catastr\u00f3ficos, 7.47 metros c\u00fabicos en San Felipe cuando hay 14 en \u2018Chacabuquito\u2019, m\u00e1s la infiltraci\u00f3n, estamos hablando que m\u00e1s del 60% del agua no se puede utilizar por parte de la Primera Secci\u00f3n, es totalmente il\u00f3gico y estamos tremendamente preocupados\u00bb,<\/em> detall\u00f3 Crasemann.<\/p>\n<p style=\"text-align: justify;\">En este mismo sentido, el presidente de la Primera Secci\u00f3n indic\u00f3 que este tipo de medidas demuestran el desconocimiento de la autoridad de la realidad que se vive en el Aconcagua, teniendo en cuenta, adem\u00e1s, los inconvenientes que se generaron para el riego tras las lluvias en la alta cordillera y los aluviones que se produjeron.<\/p>\n<p style=\"text-align: justify;\">\u00ab<em>Se muestra que la autoridad no tiene terreno, el territorio est\u00e1 sufriendo los golpes de estos aluviones, y la semana pasada se respet\u00f3 el turno de las 42 horas y el d\u00eda lunes, producto de los aluviones, la gran cantidad de los canales de la Primera Secci\u00f3n no pudieron tomar el agua del r\u00edo producto del barro que ven\u00eda, y reci\u00e9n pudieron abastecerse de agua por el d\u00eda mi\u00e9rcoles o jueves, y ah\u00ed llega esta orden, y habla que la autoridad est\u00e1 desconectada de la realidad, del patio trasero que es esta zona\u00bb,<\/em> sostuvo.<\/p>\n<p style=\"text-align: justify;\">Respecto del funcionamiento de los pozos que ha comenzado en el sector de Curim\u00f3n, en San Felipe, y tambi\u00e9n en la comuna de Llay Llay, Crasemann dijo que <em>\u00ablos pozos son para beneficio de la Segunda Secci\u00f3n, ellos son los \u00fanicos que tienen derecho a regar, la Primera Secci\u00f3n es una zona de sacrificio. La Segunda Secci\u00f3n, con toda el agua que le asigna la DGA, no s\u00e9 d\u00f3nde van a meter tanta agua, si pensamos que son 7.47 metros c\u00fabicos en San Felipe, m\u00e1s la bater\u00eda de pozos, m\u00e1s lo que infiltra desde la Primera Secci\u00f3n, estamos hablando de casi 12 metros c\u00fabicos.<\/em><\/p>\n<p style=\"text-align: justify;\">\u00ab<em>Se est\u00e1 secando por una mala gesti\u00f3n y comprensi\u00f3n de la tem\u00e1tica de parte de la autoridad, este a\u00f1o tenemos m\u00e1s agua, el problema es que por alguna extra\u00f1a raz\u00f3n se la quieren entregar toda a la Segunda Secci\u00f3n, y a la Primera secarla\u00bb,<\/em> agreg\u00f3.<\/p>\n<p style=\"text-align: justify;\">En este mismo contexto, el presidente de la Primera Secci\u00f3n del r\u00edo Aconcagua emplaz\u00f3 a Esval para reutilizar las aguas servidas, pues, seg\u00fan precis\u00f3, la cantidad de agua que se vierte al mar es la equivalente a un embalse. <em>\u00abNosotros siempre hemos respetado el derecho prioritario para el consumo humano, lo que si importa es garantizar esa tranquilidad y la autoridad tiene que acompa\u00f1arlo de exigencias e inversi\u00f3n a la sanitaria, tenemos un camino de desarrollo que garantice el abastecimiento en el largo plazo\u00bb,<\/em> manifest\u00f3.<\/p>\n<p style=\"text-align: justify;\">Asimismo, Crasemann precis\u00f3 que <em>\u00abah\u00ed viene el tema de aplicar tecnolog\u00eda para resguardar el agua, porque sino la sanitaria nunca va a invertir, necesita avanzar en el reciclaje de aguas servidas, recordemos que es el equivalente a un embalse Puntilla del Viento que se vierte al mar sin ser reciclada, esa agua perfectamente podr\u00eda solucionar el problema h\u00eddrico de la Tercera Secci\u00f3n completa, recargar los acu\u00edferos, los humedales, y eso libera el agua fresca del r\u00edo solucionando los problemas\u00bb.<\/em><\/p>\n<p style=\"text-align: justify;\">Finalmente, Javier Crasemann expres\u00f3 que <em>\u00abcon este tema que plante\u00f3 la DGA se dej\u00f3 de lado este tema. Con esto Esval est\u00e1 tranquilo porque tiene asegurado el recurso, lo mismo la Segunda y Tercera Secci\u00f3n, pero la Primera sigue siendo la Zona de Sacrificio\u00bb. <\/em><\/p>\n<figure id=\"attachment_119539\" aria-describedby=\"caption-attachment-119539\" style=\"width: 699px\" class=\"wp-caption alignnone\"><img data-recalc-dims=\"1\" loading=\"lazy\" decoding=\"async\" class=\"size-full wp-image-119539\" src=\"https:\/\/i0.wp.com\/eltrabajo.cl\/portal\/wp-content\/uploads\/2023\/01\/Javier-Crasemann.jpg?resize=640%2C567&#038;ssl=1\" alt=\"Javier Crasemann, presidente de la Primera Secci\u00f3n del r\u00edo Aconcagua. \" width=\"640\" height=\"567\" srcset=\"https:\/\/i0.wp.com\/eltrabajo.cl\/portal\/wp-content\/uploads\/2023\/01\/Javier-Crasemann.jpg?w=699&amp;ssl=1 699w, https:\/\/i0.wp.com\/eltrabajo.cl\/portal\/wp-content\/uploads\/2023\/01\/Javier-Crasemann.jpg?resize=300%2C266&amp;ssl=1 300w, https:\/\/i0.wp.com\/eltrabajo.cl\/portal\/wp-content\/uploads\/2023\/01\/Javier-Crasemann.jpg?resize=169%2C150&amp;ssl=1 169w, https:\/\/i0.wp.com\/eltrabajo.cl\/portal\/wp-content\/uploads\/2023\/01\/Javier-Crasemann.jpg?resize=696%2C616&amp;ssl=1 696w\" sizes=\"auto, (max-width: 640px) 100vw, 640px\" \/><figcaption id=\"caption-attachment-119539\" class=\"wp-caption-text\">Javier Crasemann, presidente de la Primera Secci\u00f3n del r\u00edo Aconcagua.<\/figcaption><\/figure>\n","protected":false},"excerpt":{"rendered":"<p>Javier Crasemann, presidente de la citada secci\u00f3n, se refiri\u00f3 al nuevo decreto de la Direcci\u00f3n General de Aguas por la distribuci\u00f3n del caudal del r\u00edo Aconcagua.- Molestia existe nuevamente en los regantes&#8230;<\/p>\n","protected":false},"author":482,"featured_media":119539,"comment_status":"closed","ping_status":"open","sticky":false,"template":"","format":"standard","meta":{"advanced_seo_description":"","jetpack_seo_html_title":"","jetpack_seo_noindex":false,"_jetpack_memberships_contains_paid_content":false,"footnotes":""},"categories":[103],"tags":[],"class_list":["post-119538","post","type-post","status-publish","format-standard","has-post-thumbnail","hentry","category-cronica-2"],"jetpack_featured_media_url":"https:\/\/i0.wp.com\/eltrabajo.cl\/portal\/wp-content\/uploads\/2023\/01\/Javier-Crasemann.jpg?fit=699%2C619&ssl=1","jetpack_sharing_enabled":true,"jetpack_likes_enabled":true,"jetpack-related-posts":[],"_links":{"self":[{"href":"https:\/\/eltrabajo.cl\/portal\/wp-json\/wp\/v2\/posts\/119538","targetHints":{"allow":["GET"]}}],"collection":[{"href":"https:\/\/eltrabajo.cl\/portal\/wp-json\/wp\/v2\/posts"}],"about":[{"href":"https:\/\/eltrabajo.cl\/portal\/wp-json\/wp\/v2\/types\/post"}],"author":[{"embeddable":true,"href":"https:\/\/eltrabajo.cl\/portal\/wp-json\/wp\/v2\/users\/482"}],"replies":[{"embeddable":true,"href":"https:\/\/eltrabajo.cl\/portal\/wp-json\/wp\/v2\/comments?post=119538"}],"version-history":[{"count":1,"href":"https:\/\/eltrabajo.cl\/portal\/wp-json\/wp\/v2\/posts\/119538\/revisions"}],"predecessor-version":[{"id":119540,"href":"https:\/\/eltrabajo.cl\/portal\/wp-json\/wp\/v2\/posts\/119538\/revisions\/119540"}],"wp:featuredmedia":[{"embeddable":true,"href":"https:\/\/eltrabajo.cl\/portal\/wp-json\/wp\/v2\/media\/119539"}],"wp:attachment":[{"href":"https:\/\/eltrabajo.cl\/portal\/wp-json\/wp\/v2\/media?parent=119538"}],"wp:term":[{"taxonomy":"category","embeddable":true,"href":"https:\/\/eltrabajo.cl\/portal\/wp-json\/wp\/v2\/categories?post=119538"},{"taxonomy":"post_tag","embeddable":true,"href":"https:\/\/eltrabajo.cl\/portal\/wp-json\/wp\/v2\/tags?post=119538"}],"curies":[{"name":"wp","href":"https:\/\/api.w.org\/{rel}","templated":true}]}}