{"id":119558,"date":"2023-01-19T07:58:33","date_gmt":"2023-01-19T10:58:33","guid":{"rendered":"https:\/\/eltrabajo.cl\/portal\/?p=119558"},"modified":"2023-01-19T00:37:25","modified_gmt":"2023-01-19T03:37:25","slug":"condominio-el-porvenir-sera-terminado-por-otra-empresa-constructora","status":"publish","type":"post","link":"https:\/\/eltrabajo.cl\/portal\/condominio-el-porvenir-sera-terminado-por-otra-empresa-constructora\/","title":{"rendered":"Condominio \u2018El Porvenir\u2019 ser\u00e1 terminado por\u00a0otra empresa constructora"},"content":{"rendered":"<ul style=\"text-align: justify;\">\n<li style=\"text-align: left;\"><strong>Seg\u00fan el Serviu, los departamentos se terminar\u00e1n de construir y se entregar\u00e1n durante este a\u00f1o.-<\/strong><\/li>\n<\/ul>\n<p style=\"text-align: justify;\">En el transcurso de este a\u00f1o, aunque sin una fecha determinada, se estar\u00edan terminando de construir y entregando los departamentos del condominio \u2018El Porvenir\u2019 en todas sus etapas.<\/p>\n<p style=\"text-align: justify;\">As\u00ed al menos lo informaron desde el Servicio de Vivienda y Urbanismo (Serviu) ante la dif\u00edcil situaci\u00f3n que viven vecinos de la comuna que a\u00fan no pueden recibir sus departamentos del conjunto residencial ubicado en Avenida Michimalonco.<\/p>\n<p style=\"text-align: justify;\">Este mi\u00e9rcoles llegaron tres de las afectadas a la oficina provincial del Serviu, en busca de una respuesta ante esta situaci\u00f3n, ya que las obras no solo est\u00e1n detenidas, sino que siguen pagando el estacionamiento de dichos departamentos, a pesar de los rumores que ponen en duda la estabilidad econ\u00f3mica de la empresa.<\/p>\n<p style=\"text-align: justify;\">En reuni\u00f3n con una asistente social, las afectadas fueron notificadas que la inmobiliaria est\u00e1 en un proceso de reorganizaci\u00f3n, por lo que la obra pasar\u00e1 a otra empresa, la cual a\u00fan no est\u00e1 definida, pero que este a\u00f1o se terminar\u00e1n los departamentos de \u2018El Porvenir\u2019 en todas sus etapas, esto es de la segunda a la quinta. Con respecto al pago del estacionamiento, se les manifest\u00f3 que deben seguir pag\u00e1ndolos, puesto que es un contrato con la empresa.<\/p>\n<p style=\"text-align: justify;\">Con respecto a la respuesta que obtuvieron desde el Serviu, una de las afectadas que se ha manifestado por esta situaci\u00f3n, <strong>Soledad Bandes<\/strong>, explic\u00f3 que <em>\u00abahora vinimos a hablar<\/em> (al Serviu)<em>, sobre el tema de la demora en la entrega, porque la empresa Inmobiliaria La Cruz tuvo una reorganizaci\u00f3n, la cual hace que la empresa le otorgue la parte constructora a otra empresa, para que pueda seguir con los tr\u00e1mites de construcci\u00f3n, pero nosotros tenemos que seguir esperando, pero s\u00ed se va terminar la construcci\u00f3n, as\u00ed que por un lado hablamos con los de Serviu y nos dieron esa tranquilidad, que s\u00ed se va a terminar la construcci\u00f3n y a esperar no m\u00e1s, nos toca\u00bb<\/em>.<\/p>\n<p style=\"text-align: justify;\">A pesar de esto, las afectadas piensan en la posibilidad de realizar una demanda colectiva contra la empresa por el pago de los estacionamientos. <em>\u00abYo quiero conversar con el grupo y ver qu\u00e9 podemos hacer, para ver si podemos hacer alguna demanda colectiva. Ser\u00eda bueno, porque, as\u00ed como ellos nos mintieron, abusaron de nuestra ignorancia y de la necesidad que tenemos, porque era una necesidad, no es un lujo, y m\u00e1s para nosotras que tenemos hijos, somos familias de esfuerzo. Encuentro que fue un abuso descarado para nosotras\u00bb<\/em>, sostuvo la vecina.<\/p>\n<p style=\"text-align: justify;\">En este sentido, <strong>Mar\u00eda Gir\u00f3n<\/strong>, quien vive una dif\u00edcil situaci\u00f3n esperando su departamento y estacionamiento en \u2018El Porvenir\u2019 lll, precis\u00f3 que <em>\u00absomos varias familias vulneradas, yo tengo una ni\u00f1a con condici\u00f3n de autismo, hice el gran esfuerzo de poner el estacionamiento, comprarlo y cuando uno va para all\u00e1 a \u2018El Porvenir\u2019, te miran mal, te voltean los ojos, a veces ni te responden, porque siempre te dicen que todav\u00eda no se reactiva la obra<\/em>.<\/p>\n<p style=\"text-align: justify;\">\u00ab<em>Para nosotros es dif\u00edcil, yo pago arriendo, soy allegada en la casa de mi hermano y pago arriendo, entonces para uno es dif\u00edcil. Yo tengo que pagar terapia, mi hija tiene autismo y para muchas mam\u00e1s es dif\u00edcil, por ejemplo, la compa\u00f1era que habl\u00f3 paga 240 mil pesos de estacionamiento, yo pago 115 mil pesos. Ella paga 7 UF, mientras que yo pago 3 UF y media. Siento que, si uno hace el esfuerzo, era porque el estacionamiento como dicen muchos, uno pod\u00eda arrendarlo o en alg\u00fan momento tener un auto, pero siento que se burlaron en la cara<\/em>.<\/p>\n<p style=\"text-align: justify;\">\u00ab<em>El Serviu se ha portado bien con nosotras, el que se ha portado mal aqu\u00ed ha sido la inmobiliaria, es m\u00e1s, la se\u00f1ora nos atendi\u00f3, nos dio respuesta. El que se ha portado mal aqu\u00ed ha sido la Inmobiliaria La Cruz\u00bb<\/em>, concluy\u00f3 Mar\u00eda Gir\u00f3n.<\/p>\n<figure id=\"attachment_119559\" aria-describedby=\"caption-attachment-119559\" style=\"width: 699px\" class=\"wp-caption alignnone\"><img data-recalc-dims=\"1\" loading=\"lazy\" decoding=\"async\" class=\"size-full wp-image-119559\" src=\"https:\/\/i0.wp.com\/eltrabajo.cl\/portal\/wp-content\/uploads\/2023\/01\/la-cruz-afectadas-2.jpg?resize=640%2C417&#038;ssl=1\" alt=\"Fueron tres las afectadas que llegaron a la oficina provincial del Serviu, en busca de una respuesta que la inmobiliaria no les ha dado. Estudian la posibilidad de una demanda colectiva.\" width=\"640\" height=\"417\" srcset=\"https:\/\/i0.wp.com\/eltrabajo.cl\/portal\/wp-content\/uploads\/2023\/01\/la-cruz-afectadas-2.jpg?w=699&amp;ssl=1 699w, https:\/\/i0.wp.com\/eltrabajo.cl\/portal\/wp-content\/uploads\/2023\/01\/la-cruz-afectadas-2.jpg?resize=300%2C195&amp;ssl=1 300w, https:\/\/i0.wp.com\/eltrabajo.cl\/portal\/wp-content\/uploads\/2023\/01\/la-cruz-afectadas-2.jpg?resize=200%2C130&amp;ssl=1 200w, https:\/\/i0.wp.com\/eltrabajo.cl\/portal\/wp-content\/uploads\/2023\/01\/la-cruz-afectadas-2.jpg?resize=696%2C453&amp;ssl=1 696w\" sizes=\"auto, (max-width: 640px) 100vw, 640px\" \/><figcaption id=\"caption-attachment-119559\" class=\"wp-caption-text\">Fueron tres las afectadas que llegaron a la oficina provincial del Serviu, en busca de una respuesta que la inmobiliaria no les ha dado. Estudian la posibilidad de una demanda colectiva.<\/figcaption><\/figure>\n","protected":false},"excerpt":{"rendered":"<p>Seg\u00fan el Serviu, los departamentos se terminar\u00e1n de construir y se entregar\u00e1n durante este a\u00f1o.- En el transcurso de este a\u00f1o, aunque sin una fecha determinada, se estar\u00edan terminando de construir y&#8230;<\/p>\n","protected":false},"author":482,"featured_media":119559,"comment_status":"closed","ping_status":"open","sticky":false,"template":"","format":"standard","meta":{"advanced_seo_description":"","jetpack_seo_html_title":"","jetpack_seo_noindex":false,"_jetpack_memberships_contains_paid_content":false,"footnotes":""},"categories":[15],"tags":[],"class_list":["post-119558","post","type-post","status-publish","format-standard","has-post-thumbnail","hentry","category-comunidad"],"jetpack_featured_media_url":"https:\/\/i0.wp.com\/eltrabajo.cl\/portal\/wp-content\/uploads\/2023\/01\/la-cruz-afectadas-2.jpg?fit=699%2C455&ssl=1","jetpack_sharing_enabled":true,"jetpack_likes_enabled":true,"jetpack-related-posts":[],"_links":{"self":[{"href":"https:\/\/eltrabajo.cl\/portal\/wp-json\/wp\/v2\/posts\/119558","targetHints":{"allow":["GET"]}}],"collection":[{"href":"https:\/\/eltrabajo.cl\/portal\/wp-json\/wp\/v2\/posts"}],"about":[{"href":"https:\/\/eltrabajo.cl\/portal\/wp-json\/wp\/v2\/types\/post"}],"author":[{"embeddable":true,"href":"https:\/\/eltrabajo.cl\/portal\/wp-json\/wp\/v2\/users\/482"}],"replies":[{"embeddable":true,"href":"https:\/\/eltrabajo.cl\/portal\/wp-json\/wp\/v2\/comments?post=119558"}],"version-history":[{"count":1,"href":"https:\/\/eltrabajo.cl\/portal\/wp-json\/wp\/v2\/posts\/119558\/revisions"}],"predecessor-version":[{"id":119560,"href":"https:\/\/eltrabajo.cl\/portal\/wp-json\/wp\/v2\/posts\/119558\/revisions\/119560"}],"wp:featuredmedia":[{"embeddable":true,"href":"https:\/\/eltrabajo.cl\/portal\/wp-json\/wp\/v2\/media\/119559"}],"wp:attachment":[{"href":"https:\/\/eltrabajo.cl\/portal\/wp-json\/wp\/v2\/media?parent=119558"}],"wp:term":[{"taxonomy":"category","embeddable":true,"href":"https:\/\/eltrabajo.cl\/portal\/wp-json\/wp\/v2\/categories?post=119558"},{"taxonomy":"post_tag","embeddable":true,"href":"https:\/\/eltrabajo.cl\/portal\/wp-json\/wp\/v2\/tags?post=119558"}],"curies":[{"name":"wp","href":"https:\/\/api.w.org\/{rel}","templated":true}]}}