{"id":119604,"date":"2023-01-23T07:45:32","date_gmt":"2023-01-23T10:45:32","guid":{"rendered":"https:\/\/eltrabajo.cl\/portal\/?p=119604"},"modified":"2023-01-22T22:23:36","modified_gmt":"2023-01-23T01:23:36","slug":"ciclista-de-los-andes-es-campeona-nacional-de-enduro-novicios-damas","status":"publish","type":"post","link":"https:\/\/eltrabajo.cl\/portal\/ciclista-de-los-andes-es-campeona-nacional-de-enduro-novicios-damas\/","title":{"rendered":"Ciclista de Los Andes es campeona nacional de Enduro Novicios Damas"},"content":{"rendered":"<p style=\"text-align: justify;\"><strong>Constanza Hern\u00e1ndez Salinas<\/strong>, de Los Andes, se consagr\u00f3 campeona nacional de la \u2018Copa Chile Enduro\u2019 categor\u00eda Novicios Damas desarrollada en tres fechas: Rinconada, Las Cabras y en Vi\u00f1a Ventisquero.<\/p>\n<p style=\"text-align: justify;\">Al conversar nos comenta que ella practica el \u2018Enduro\u2019, que es una modalidad que trata m\u00e1s de subir y bajar cerros de forma extrema; o sea, <em>\u00aben esos cerros nosotros podemos encontrar\u00a0 bajadas empinadas, saltos, alg\u00fan tronco cruzado, un salto,\u00a0 piedras que puedan haber en el camino, de todo. La verdad que es bastante divertido y f\u00edsicamente\u00a0 exigente\u00bb,<\/em> se\u00f1ala.<\/p>\n<p style=\"text-align: justify;\">&#8211; <strong>Has tenido algunos logros, cu\u00e9ntanos.<\/strong><\/p>\n<p style=\"text-align: justify;\">&#8211; S\u00ed, he tenido unos logros, actualmente soy Campeona Nacional de Enduro en un campeonato llamado \u2018Copa Chile de Enduro\u2019. Afortunadamente logr\u00e9 sacar el primer lugar en mi categor\u00eda, que es Damas Novicios, porque yo estoy corriendo hace poco, aproximadamente un a\u00f1o que estoy internaliz\u00e1ndome de las carreras y ahora vamos con todo este 2023, apuntando tambi\u00e9n a otro campeonato nacional donde hay un muy buen nivel, corredoras muy buenas que llevan harto tiempo en las bicicletas, as\u00ed es que vamos a estar ah\u00ed enfrent\u00e1ndonos a ese nuevo desaf\u00edo este a\u00f1o 2023 y el resto en que pueda seguir corriendo, porque al final esto es lo que me apasiona; yo amo el ciclismo en todas sus modalidades, estando en la ruta, en el xc, enduro, descenso.<\/p>\n<p style=\"text-align: justify;\">Confiesa que la bicicleta es su pasi\u00f3n: \u00abLa forma en que yo me des estreso lo paso bien, que me hace crecer como persona, de hecho yo estudio t\u00e9cnico deportivo por lo mismo, porque quiero ahora incursionar en la bicicleta. Con mi carrera profesional trabajar con el ciclismo, poder ense\u00f1ar a los ni\u00f1os este lindo deporte que es la bicicleta.<\/p>\n<p style=\"text-align: justify;\">Pertenece al club de mountain bike en Los Andes llamado <strong>dtonad2_bike_scholl<\/strong>, <em>\u00abes el team al cual yo pertenezco. Esta escuela va a cumplir casi dos a\u00f1os, donde tenemos ni\u00f1os desde los 2 hasta los 15 a\u00f1os, que le ense\u00f1amos diversas t\u00e9cnicas en el cerro, formas de que lo pasen bien, se puedan divertir arriba de la bicicleta, conocer la actividad f\u00edsica, promover el deporte en la zona; ese es nuestro foco principal\u00bb,<\/em> dice.<\/p>\n<p style=\"text-align: justify;\">&#8211; <strong>Al principio nos cuentas que eres campeona nacional enduro, \u00bfeso lo logras en algunas fechas de campeonato?<\/strong><\/p>\n<p style=\"text-align: justify;\">&#8211; Exacto, ahora logr\u00e9 ser campeona nacional en un campeonato que se llama \u2018Copa Chile Enduro\u2019, donde hubo fechas, una se realiz\u00f3 en Rinconada y dos en la Sexta Regi\u00f3n; en Las Cabras y en la localidad Vi\u00f1a Ventisquero. En las tres fechas saqu\u00e9 primer lugar en las dos primeras y en la tercera estuve a un segundo de sacar el primer lugar, me qued\u00e9 con el segundo lugar.<\/p>\n<p style=\"text-align: justify;\">&#8211; <strong>\u00bfCu\u00e1ntas participaron ah\u00ed?<\/strong><\/p>\n<p style=\"text-align: justify;\">&#8211; Participamos como 6, 7 ni\u00f1as m\u00e1s o menos en novicio damas, yo estoy en esa categor\u00eda.<\/p>\n<p style=\"text-align: justify;\">&#8211; <strong>\u00bfAh\u00ed te entregaron la copa en una bonita ceremonia?<\/strong><\/p>\n<p style=\"text-align: justify;\">&#8211; Exactamente, tuve una premiaci\u00f3n el viernes pasado, donde me premiaron con mi tricota de actual campeona nacional, con diploma, medallas, tambi\u00e9n unos premios que me permiten correr todo el pr\u00f3ximo a\u00f1o, campeonatos gratis. Porque eso es lo otro, al final a uno le cuesta surgir en este deporte, ciclismo, debido a la falta de apoyo que hay por parte de Chile a los deportistas. Entonces todo es muy caro\u2026 las carreras, la bicicleta siempre hay que tenerla con las mantenciones al d\u00eda; los viajes que se van realizando a diferentes regiones, porque ahora, por ejemplo, el campeonato que apuntamos se realiza fechas en Santiago, en la Sexta, S\u00e9ptima regi\u00f3n, entonces nosotros vamos a estar corriendo a lo largo de todo Chile y eso requiere de mucho dinero.<\/p>\n<p style=\"text-align: justify;\">&#8211; <strong>\u00bfLos puede apoyar alguna empresa?<\/strong><\/p>\n<p style=\"text-align: justify;\">&#8211; Claro, todo sea bienvenido, eso es lo que buscamos ahora como Team 2023 estamos apostando a correr todo este campeonato nacional que es el m\u00e1s importante en Chile que se llama Citroen Enduro Series.<\/p>\n<p style=\"text-align: justify;\">&#8211; <strong>\u00bfC\u00f3mo lo tendr\u00edan que hacer para cooperarles a ustedes, alg\u00fan sitio en internet?<\/strong><\/p>\n<p style=\"text-align: justify;\">&#8211; Nos pueden encontrar en redes sociales como <strong>dtonad2_bike_scholl<\/strong>, estamos buscando el apoyo de empresas que nos puedan aportar monetariamente y la retribuci\u00f3n que le hacemos nosotros es colocar su logo en nuestra tricota, que es la polera con que vamos a correr a lo largo de todo Chile.<\/p>\n<figure id=\"attachment_119605\" aria-describedby=\"caption-attachment-119605\" style=\"width: 700px\" class=\"wp-caption alignnone\"><img data-recalc-dims=\"1\" loading=\"lazy\" decoding=\"async\" class=\"size-full wp-image-119605\" src=\"https:\/\/i0.wp.com\/eltrabajo.cl\/portal\/wp-content\/uploads\/2023\/01\/enduro-campeona.jpg?resize=640%2C534&#038;ssl=1\" alt=\"Constanza Hern\u00e1ndez Salinas luciendo su medalla y tricota de campeona nacional.\" width=\"640\" height=\"534\" srcset=\"https:\/\/i0.wp.com\/eltrabajo.cl\/portal\/wp-content\/uploads\/2023\/01\/enduro-campeona.jpg?w=700&amp;ssl=1 700w, https:\/\/i0.wp.com\/eltrabajo.cl\/portal\/wp-content\/uploads\/2023\/01\/enduro-campeona.jpg?resize=300%2C250&amp;ssl=1 300w, https:\/\/i0.wp.com\/eltrabajo.cl\/portal\/wp-content\/uploads\/2023\/01\/enduro-campeona.jpg?resize=180%2C150&amp;ssl=1 180w, https:\/\/i0.wp.com\/eltrabajo.cl\/portal\/wp-content\/uploads\/2023\/01\/enduro-campeona.jpg?resize=696%2C581&amp;ssl=1 696w\" sizes=\"auto, (max-width: 640px) 100vw, 640px\" \/><figcaption id=\"caption-attachment-119605\" class=\"wp-caption-text\">Constanza Hern\u00e1ndez Salinas luciendo su medalla y tricota de campeona nacional.<\/figcaption><\/figure>\n<figure id=\"attachment_119606\" aria-describedby=\"caption-attachment-119606\" style=\"width: 700px\" class=\"wp-caption alignnone\"><img data-recalc-dims=\"1\" loading=\"lazy\" decoding=\"async\" class=\"size-full wp-image-119606\" src=\"https:\/\/i0.wp.com\/eltrabajo.cl\/portal\/wp-content\/uploads\/2023\/01\/enduro-team.jpg?resize=640%2C507&#038;ssl=1\" alt=\"De izquierda a derecha: Rodrigo Mella, Basti\u00e1n Lizana, Mat\u00edas Retamal, Gaspar L\u00f3pez, Juliano Quiroga, Constanza Hern\u00e1ndez Salinas y Mauricio Soto.\" width=\"640\" height=\"507\" srcset=\"https:\/\/i0.wp.com\/eltrabajo.cl\/portal\/wp-content\/uploads\/2023\/01\/enduro-team.jpg?w=700&amp;ssl=1 700w, https:\/\/i0.wp.com\/eltrabajo.cl\/portal\/wp-content\/uploads\/2023\/01\/enduro-team.jpg?resize=300%2C237&amp;ssl=1 300w, https:\/\/i0.wp.com\/eltrabajo.cl\/portal\/wp-content\/uploads\/2023\/01\/enduro-team.jpg?resize=190%2C150&amp;ssl=1 190w, https:\/\/i0.wp.com\/eltrabajo.cl\/portal\/wp-content\/uploads\/2023\/01\/enduro-team.jpg?resize=696%2C551&amp;ssl=1 696w\" sizes=\"auto, (max-width: 640px) 100vw, 640px\" \/><figcaption id=\"caption-attachment-119606\" class=\"wp-caption-text\">De izquierda a derecha: Rodrigo Mella, Basti\u00e1n Lizana, Mat\u00edas Retamal, Gaspar L\u00f3pez, Juliano Quiroga, Constanza Hern\u00e1ndez Salinas y Mauricio Soto.<\/figcaption><\/figure>\n","protected":false},"excerpt":{"rendered":"<p>Constanza Hern\u00e1ndez Salinas, de Los Andes, se consagr\u00f3 campeona nacional de la \u2018Copa Chile Enduro\u2019 categor\u00eda Novicios Damas desarrollada en tres fechas: Rinconada, Las Cabras y en Vi\u00f1a Ventisquero. Al conversar nos&#8230;<\/p>\n","protected":false},"author":482,"featured_media":119605,"comment_status":"closed","ping_status":"open","sticky":false,"template":"","format":"standard","meta":{"advanced_seo_description":"","jetpack_seo_html_title":"","jetpack_seo_noindex":false,"_jetpack_memberships_contains_paid_content":false,"footnotes":""},"categories":[19],"tags":[],"class_list":["post-119604","post","type-post","status-publish","format-standard","has-post-thumbnail","hentry","category-deportes"],"jetpack_featured_media_url":"https:\/\/i0.wp.com\/eltrabajo.cl\/portal\/wp-content\/uploads\/2023\/01\/enduro-campeona.jpg?fit=700%2C584&ssl=1","jetpack_sharing_enabled":true,"jetpack_likes_enabled":true,"jetpack-related-posts":[],"_links":{"self":[{"href":"https:\/\/eltrabajo.cl\/portal\/wp-json\/wp\/v2\/posts\/119604","targetHints":{"allow":["GET"]}}],"collection":[{"href":"https:\/\/eltrabajo.cl\/portal\/wp-json\/wp\/v2\/posts"}],"about":[{"href":"https:\/\/eltrabajo.cl\/portal\/wp-json\/wp\/v2\/types\/post"}],"author":[{"embeddable":true,"href":"https:\/\/eltrabajo.cl\/portal\/wp-json\/wp\/v2\/users\/482"}],"replies":[{"embeddable":true,"href":"https:\/\/eltrabajo.cl\/portal\/wp-json\/wp\/v2\/comments?post=119604"}],"version-history":[{"count":1,"href":"https:\/\/eltrabajo.cl\/portal\/wp-json\/wp\/v2\/posts\/119604\/revisions"}],"predecessor-version":[{"id":119607,"href":"https:\/\/eltrabajo.cl\/portal\/wp-json\/wp\/v2\/posts\/119604\/revisions\/119607"}],"wp:featuredmedia":[{"embeddable":true,"href":"https:\/\/eltrabajo.cl\/portal\/wp-json\/wp\/v2\/media\/119605"}],"wp:attachment":[{"href":"https:\/\/eltrabajo.cl\/portal\/wp-json\/wp\/v2\/media?parent=119604"}],"wp:term":[{"taxonomy":"category","embeddable":true,"href":"https:\/\/eltrabajo.cl\/portal\/wp-json\/wp\/v2\/categories?post=119604"},{"taxonomy":"post_tag","embeddable":true,"href":"https:\/\/eltrabajo.cl\/portal\/wp-json\/wp\/v2\/tags?post=119604"}],"curies":[{"name":"wp","href":"https:\/\/api.w.org\/{rel}","templated":true}]}}