{"id":119614,"date":"2023-01-23T07:58:22","date_gmt":"2023-01-23T10:58:22","guid":{"rendered":"https:\/\/eltrabajo.cl\/portal\/?p=119614"},"modified":"2023-01-22T22:29:43","modified_gmt":"2023-01-23T01:29:43","slug":"pesar-por-deceso-de-querido-profesor-y-ex-concejal-dante-rodriguez-vasquez","status":"publish","type":"post","link":"https:\/\/eltrabajo.cl\/portal\/pesar-por-deceso-de-querido-profesor-y-ex-concejal-dante-rodriguez-vasquez\/","title":{"rendered":"Pesar por deceso de querido profesor y ex concejal Dante Rodr\u00edguez V\u00e1squez"},"content":{"rendered":"<p style=\"text-align: justify;\">Ayer a eso de las 12:30 horas, a los 74 a\u00f1os de edad y rodeado de familiares, muri\u00f3 el conocido y querido profesor y ex concejal de San Felipe, <strong>Dante Rodr\u00edguez V\u00e1squez<\/strong>. As\u00ed lo inform\u00f3 su hijo, tambi\u00e9n profesor de educaci\u00f3n f\u00edsica, <strong>Felipe Rodr\u00edguez Viveros<\/strong>, y su otra hija <strong>Andrea<\/strong>, destacada odont\u00f3loga de San Felipe.<\/p>\n<p style=\"text-align: justify;\">Al conversar, Felipe agradece a todas las personas que conocieron a su padre, agregando que se sent\u00eda orgulloso <em>\u00abpor todo lo que le entreg\u00f3 a la comunidad de San Felipe, todo el amor que le ten\u00eda a esta ciudad; lamentablemente \u00e9l nos acaba de dejar ahora, alrededor de las 12:30, se fue tranquilo, estuve con \u00e9l hasta el \u00faltimo momento, es un gran profesor, un gran ser humano mi padre, con un coraz\u00f3n totalmente noble. Lo m\u00e1s posible es que se vele en la Catedral, est\u00e1n realizando las gestiones para poderlo hacer. Decirle a toda la comunidad muchas gracias por la compa\u00f1\u00eda, en todo momento durante el a\u00f1o pasado, desde que se oper\u00f3 mi padre, siempre nos sentimos acompa\u00f1ados por toda la gente, por el cari\u00f1o que mi pap\u00e1 siempre ha provocado; agradecer todo el esfuerzo que hicieron, lo tuvimos un rato bien entre septiembre y noviembre, aprovechando al m\u00e1ximo. Agradecer a toda la comunidad de San Felipe, a toda la gente que reconoce en \u00e9l a un buen hombre, a todas las personas que \u00e9l estuvo apoyando, hemos tenido un sinn\u00famero de llamadas de apoyo, de cadenas de oraci\u00f3n que hicieron por mi pap\u00e1, a toda esa gente agradecer de coraz\u00f3n mucho el cari\u00f1o y el amor que le han entregado a mi papi\u00bb,<\/em> se\u00f1ala.<\/p>\n<p style=\"text-align: justify;\">&#8211; <strong>\u00bfC\u00f3mo fueron sus \u00faltimos d\u00edas?<\/strong><\/p>\n<p style=\"text-align: justify;\">&#8211; Mira a mi pap\u00e1 le dio una bacteria en el mes de noviembre, lo tir\u00f3 nuevamente a la cama porque \u00e9l se hab\u00eda estado rehabilitando ya de la operaci\u00f3n de la aneurisma que tuvo en la aorta, as\u00ed es que se postr\u00f3 y los \u00faltimos d\u00edas estaba sufriendo, las \u00faltimas semanas fueron muy dif\u00edciles, tuvimos mucha comunicaci\u00f3n, me vio salir campe\u00f3n nacional de b\u00e1squetbol, me pidi\u00f3 que asistiera, se alegr\u00f3 mucho cuando le traje la copa, y ac\u00e1 acompa\u00f1\u00e1ndolo todo el rato porque \u00e9l fue un extraordinario pap\u00e1, abuelo, profesor de educaci\u00f3n f\u00edsica, me inspir\u00e9 por \u00e9l para estudiar la misma carrera; aparte de ser mi padre, fuimos colegas, disfrutamos mucho del deporte en los diferentes gimnasios de ac\u00e1 de San Felipe, as\u00ed es que los \u00faltimos d\u00edas fueron un poco de sufrimiento , no pod\u00eda hablar mucho, pero se fue tranquilo, lo m\u00e1s importante se fue tranquilo, estuve con \u00e9l hasta el \u00faltimo segundo, qued\u00f3 contento de toda la gente que nos est\u00e1 acompa\u00f1ando en estos momentos y de toda la comunidad de San Felipe. Siempre mi pap\u00e1 lo dijo, antes de ser chileno \u00e9l era sanfelipe\u00f1o, as\u00ed es que agradecerles a todos. Hago esta entrevista solamente por respeto a mi padre, porque \u00e9l hubiera querido que hubiera hablado. Agradezco a toda la gente de San Felipe por sus miles de cari\u00f1os y todo el apoyo que le dieron a mi pap\u00e1, \u00e9l fue muy feliz en su vida.<\/p>\n<p style=\"text-align: justify;\">&#8211; <strong>Concuerdo plenamente contigo en el sentido que \u00e9l hubiera querido que se hablara de su fallecimiento, porque era una muy buena persona, dialogante muy querido, uno lo ve\u00eda en los concejos, no era alguien que anduviera confrontando, sino que, siempre buscando el di\u00e1logo, la conversaci\u00f3n grata, sin odiosidades.<\/strong><\/p>\n<p style=\"text-align: justify;\">&#8211; S\u00ed, el chiste, la alegr\u00eda, y se acordaba de toda la familia, las personas, de las miles de an\u00e9cdotas que le pasaron en vida como profesor, atleta, futbolista, todo lo que le entreg\u00f3 al basquetbol\u2026 Fue extraordinario realmente como ser humano, pap\u00e1, abuelo, as\u00ed es que agradecer, y esto lo estoy haciendo porque a \u00e9l le gustaba la fama, este contacto lo hago en honor a \u00e9l, a todo lo que le entreg\u00f3 a la comunidad; fue concejal 12 a\u00f1os, primera mayor\u00eda la \u00faltima vez que fue elegido, una extraordinaria persona, con un coraz\u00f3n noble que le ayudaba a todos en silencio, siempre ayud\u00f3 a mucha gente en silencio, eso hay que reconocerlo. Tambi\u00e9n en todo ese tiempo de dictadura luch\u00f3 por los derechos humanos que \u00e9l se atrevi\u00f3 como pocas personas en esos momentos, entonces siempre hay que agradecer a las personas valientes que se entregaron por las dem\u00e1s y creo que mi pap\u00e1 es uno de esos.<\/p>\n<p style=\"text-align: justify;\">Indicar que los restos del \u2018profe Dante\u2019 est\u00e1n siendo velados en la Catedral de San Felipe y su funeral se realizar\u00e1 el d\u00eda de hoy a las 15:00 horas.<\/p>\n<figure id=\"attachment_119615\" aria-describedby=\"caption-attachment-119615\" style=\"width: 699px\" class=\"wp-caption alignnone\"><img data-recalc-dims=\"1\" loading=\"lazy\" decoding=\"async\" class=\"size-full wp-image-119615\" src=\"https:\/\/i0.wp.com\/eltrabajo.cl\/portal\/wp-content\/uploads\/2023\/01\/Dante_Rodriguez.jpg?resize=640%2C480&#038;ssl=1\" alt=\"La muerte del profesor Dante Rodr\u00edguez V\u00e1squez caus\u00f3 bastante conmoci\u00f3n el d\u00eda de ayer.\" width=\"640\" height=\"480\" srcset=\"https:\/\/i0.wp.com\/eltrabajo.cl\/portal\/wp-content\/uploads\/2023\/01\/Dante_Rodriguez.jpg?w=699&amp;ssl=1 699w, https:\/\/i0.wp.com\/eltrabajo.cl\/portal\/wp-content\/uploads\/2023\/01\/Dante_Rodriguez.jpg?resize=300%2C225&amp;ssl=1 300w, https:\/\/i0.wp.com\/eltrabajo.cl\/portal\/wp-content\/uploads\/2023\/01\/Dante_Rodriguez.jpg?resize=200%2C150&amp;ssl=1 200w, https:\/\/i0.wp.com\/eltrabajo.cl\/portal\/wp-content\/uploads\/2023\/01\/Dante_Rodriguez.jpg?resize=696%2C522&amp;ssl=1 696w\" sizes=\"auto, (max-width: 640px) 100vw, 640px\" \/><figcaption id=\"caption-attachment-119615\" class=\"wp-caption-text\">La muerte del profesor Dante Rodr\u00edguez V\u00e1squez caus\u00f3 bastante conmoci\u00f3n el d\u00eda de ayer.<\/figcaption><\/figure>\n","protected":false},"excerpt":{"rendered":"<p>Ayer a eso de las 12:30 horas, a los 74 a\u00f1os de edad y rodeado de familiares, muri\u00f3 el conocido y querido profesor y ex concejal de San Felipe, Dante Rodr\u00edguez V\u00e1squez&#8230;.<\/p>\n","protected":false},"author":482,"featured_media":119615,"comment_status":"closed","ping_status":"open","sticky":false,"template":"","format":"standard","meta":{"advanced_seo_description":"","jetpack_seo_html_title":"","jetpack_seo_noindex":false,"_jetpack_memberships_contains_paid_content":false,"footnotes":""},"categories":[15],"tags":[],"class_list":["post-119614","post","type-post","status-publish","format-standard","has-post-thumbnail","hentry","category-comunidad"],"jetpack_featured_media_url":"https:\/\/i0.wp.com\/eltrabajo.cl\/portal\/wp-content\/uploads\/2023\/01\/Dante_Rodriguez.jpg?fit=699%2C524&ssl=1","jetpack_sharing_enabled":true,"jetpack_likes_enabled":true,"jetpack-related-posts":[],"_links":{"self":[{"href":"https:\/\/eltrabajo.cl\/portal\/wp-json\/wp\/v2\/posts\/119614","targetHints":{"allow":["GET"]}}],"collection":[{"href":"https:\/\/eltrabajo.cl\/portal\/wp-json\/wp\/v2\/posts"}],"about":[{"href":"https:\/\/eltrabajo.cl\/portal\/wp-json\/wp\/v2\/types\/post"}],"author":[{"embeddable":true,"href":"https:\/\/eltrabajo.cl\/portal\/wp-json\/wp\/v2\/users\/482"}],"replies":[{"embeddable":true,"href":"https:\/\/eltrabajo.cl\/portal\/wp-json\/wp\/v2\/comments?post=119614"}],"version-history":[{"count":1,"href":"https:\/\/eltrabajo.cl\/portal\/wp-json\/wp\/v2\/posts\/119614\/revisions"}],"predecessor-version":[{"id":119616,"href":"https:\/\/eltrabajo.cl\/portal\/wp-json\/wp\/v2\/posts\/119614\/revisions\/119616"}],"wp:featuredmedia":[{"embeddable":true,"href":"https:\/\/eltrabajo.cl\/portal\/wp-json\/wp\/v2\/media\/119615"}],"wp:attachment":[{"href":"https:\/\/eltrabajo.cl\/portal\/wp-json\/wp\/v2\/media?parent=119614"}],"wp:term":[{"taxonomy":"category","embeddable":true,"href":"https:\/\/eltrabajo.cl\/portal\/wp-json\/wp\/v2\/categories?post=119614"},{"taxonomy":"post_tag","embeddable":true,"href":"https:\/\/eltrabajo.cl\/portal\/wp-json\/wp\/v2\/tags?post=119614"}],"curies":[{"name":"wp","href":"https:\/\/api.w.org\/{rel}","templated":true}]}}