{"id":119625,"date":"2023-01-24T07:40:24","date_gmt":"2023-01-24T10:40:24","guid":{"rendered":"https:\/\/eltrabajo.cl\/portal\/?p=119625"},"modified":"2023-01-24T01:07:29","modified_gmt":"2023-01-24T04:07:29","slug":"arturo-prat-se-corona-campeon-de-la-liga-a-de-la-abar","status":"publish","type":"post","link":"https:\/\/eltrabajo.cl\/portal\/arturo-prat-se-corona-campeon-de-la-liga-a-de-la-abar\/","title":{"rendered":"Arturo Prat se corona campe\u00f3n de la liga A de la ABAR\u00a0"},"content":{"rendered":"<p style=\"text-align: justify;\">En el que fue un cuadrangular de alto vuelo en el juego y lo emotivo, el quinteto A del club <strong>Arturo Prat<\/strong> de San Felipe, se convirti\u00f3 en el campe\u00f3n del torneo de Clausura de la Asociaci\u00f3n de B\u00e1squetbol Alejandro Rivadeneira (<strong>ABAR<\/strong>).<\/p>\n<p style=\"text-align: justify;\">El nuevo monarca de la serie mayor del baloncesto aconcag\u00fcino, abroch\u00f3 su t\u00edtulo al imponerse en el \u00faltimo partido del mini torneo al buen conjunto de <strong>Le Bajon<\/strong> por un ajustado 81 a 73. Cuarenta y ocho horas antes (viernes), los pratinos hab\u00edan vencido a <strong>San Felipe Basket<\/strong>, mientras que el s\u00e1bado se inclinaron ante el <strong>Lazen<\/strong>.<\/p>\n<p style=\"text-align: justify;\">Para los entendidos, el gran paso del Prat para acceder al trono, fue la trabajada victoria del viernes sobre el joven cuadro de San Felipe Basket, en el que para muchos fue el gran partido del cuadrangular final. El 77 a 73 final (19-13; 16-25; 20-18; 22-17) habla por s\u00ed solo de lo ajustado de ese enfrentamiento.<\/p>\n<p style=\"text-align: justify;\">Las posiciones finales del campeonato A de la ABAR, fueron las siguientes:<\/p>\n<p style=\"text-align: justify;\">1\u00ba.- Arturo Prat 1<\/p>\n<p style=\"text-align: justify;\">2\u00ba.- San Felipe Basket<\/p>\n<p style=\"text-align: justify;\">3\u00ba.- Le Bajon<\/p>\n<p style=\"text-align: justify;\">4\u00ba.- Lazen<\/p>\n<p style=\"text-align: justify;\">Dentro de las distinciones especiales sobresalieron estos premios:<\/p>\n<p style=\"text-align: justify;\">Mejor Jugador: Jos\u00e9 Naranjo (Le Bajon)<\/p>\n<p style=\"text-align: justify;\">Goleador: Jos\u00e9 Naranjo (Le Bajon)<\/p>\n<p style=\"text-align: justify;\">Reboteador: Mat\u00edas Gald\u00e1mez<\/p>\n<figure id=\"attachment_119626\" aria-describedby=\"caption-attachment-119626\" style=\"width: 700px\" class=\"wp-caption alignnone\"><img data-recalc-dims=\"1\" loading=\"lazy\" decoding=\"async\" class=\"size-full wp-image-119626\" src=\"https:\/\/i0.wp.com\/eltrabajo.cl\/portal\/wp-content\/uploads\/2023\/01\/Prat-1.jpg?resize=640%2C385&#038;ssl=1\" alt=\"El cuadro A del Prat se coron\u00f3 campe\u00f3n de la primera divisi\u00f3n de la ABAR.\" width=\"640\" height=\"385\" srcset=\"https:\/\/i0.wp.com\/eltrabajo.cl\/portal\/wp-content\/uploads\/2023\/01\/Prat-1.jpg?w=700&amp;ssl=1 700w, https:\/\/i0.wp.com\/eltrabajo.cl\/portal\/wp-content\/uploads\/2023\/01\/Prat-1.jpg?resize=300%2C180&amp;ssl=1 300w, https:\/\/i0.wp.com\/eltrabajo.cl\/portal\/wp-content\/uploads\/2023\/01\/Prat-1.jpg?resize=200%2C120&amp;ssl=1 200w, https:\/\/i0.wp.com\/eltrabajo.cl\/portal\/wp-content\/uploads\/2023\/01\/Prat-1.jpg?resize=696%2C419&amp;ssl=1 696w\" sizes=\"auto, (max-width: 640px) 100vw, 640px\" \/><figcaption id=\"caption-attachment-119626\" class=\"wp-caption-text\">El cuadro A del Prat se coron\u00f3 campe\u00f3n de la primera divisi\u00f3n de la ABAR.<\/figcaption><\/figure>\n","protected":false},"excerpt":{"rendered":"<p>En el que fue un cuadrangular de alto vuelo en el juego y lo emotivo, el quinteto A del club Arturo Prat de San Felipe, se convirti\u00f3 en el campe\u00f3n del torneo&#8230;<\/p>\n","protected":false},"author":482,"featured_media":119626,"comment_status":"closed","ping_status":"open","sticky":false,"template":"","format":"standard","meta":{"advanced_seo_description":"","jetpack_seo_html_title":"","jetpack_seo_noindex":false,"_jetpack_memberships_contains_paid_content":false,"footnotes":""},"categories":[19],"tags":[],"class_list":["post-119625","post","type-post","status-publish","format-standard","has-post-thumbnail","hentry","category-deportes"],"jetpack_featured_media_url":"https:\/\/i0.wp.com\/eltrabajo.cl\/portal\/wp-content\/uploads\/2023\/01\/Prat-1.jpg?fit=700%2C421&ssl=1","jetpack_sharing_enabled":true,"jetpack_likes_enabled":true,"jetpack-related-posts":[],"_links":{"self":[{"href":"https:\/\/eltrabajo.cl\/portal\/wp-json\/wp\/v2\/posts\/119625","targetHints":{"allow":["GET"]}}],"collection":[{"href":"https:\/\/eltrabajo.cl\/portal\/wp-json\/wp\/v2\/posts"}],"about":[{"href":"https:\/\/eltrabajo.cl\/portal\/wp-json\/wp\/v2\/types\/post"}],"author":[{"embeddable":true,"href":"https:\/\/eltrabajo.cl\/portal\/wp-json\/wp\/v2\/users\/482"}],"replies":[{"embeddable":true,"href":"https:\/\/eltrabajo.cl\/portal\/wp-json\/wp\/v2\/comments?post=119625"}],"version-history":[{"count":1,"href":"https:\/\/eltrabajo.cl\/portal\/wp-json\/wp\/v2\/posts\/119625\/revisions"}],"predecessor-version":[{"id":119627,"href":"https:\/\/eltrabajo.cl\/portal\/wp-json\/wp\/v2\/posts\/119625\/revisions\/119627"}],"wp:featuredmedia":[{"embeddable":true,"href":"https:\/\/eltrabajo.cl\/portal\/wp-json\/wp\/v2\/media\/119626"}],"wp:attachment":[{"href":"https:\/\/eltrabajo.cl\/portal\/wp-json\/wp\/v2\/media?parent=119625"}],"wp:term":[{"taxonomy":"category","embeddable":true,"href":"https:\/\/eltrabajo.cl\/portal\/wp-json\/wp\/v2\/categories?post=119625"},{"taxonomy":"post_tag","embeddable":true,"href":"https:\/\/eltrabajo.cl\/portal\/wp-json\/wp\/v2\/tags?post=119625"}],"curies":[{"name":"wp","href":"https:\/\/api.w.org\/{rel}","templated":true}]}}